{"id":13540,"date":"2015-05-11T06:03:58","date_gmt":"2015-05-11T06:03:58","guid":{"rendered":"http:\/\/www.appelloalpopolo.it\/?p=13540"},"modified":"2015-05-11T06:03:58","modified_gmt":"2015-05-11T06:03:58","slug":"risvegliare-la-classe-operaia","status":"publish","type":"post","link":"https:\/\/appelloalpopolo.it\/?p=13540","title":{"rendered":"Risvegliare la classe operaia"},"content":{"rendered":"<blockquote>\n<div><\/div>\n<p style=\"text-align: justify\">Con molto piacere posto un contributo dell&#8217;amico e socio Massimiliano Veneziani, che ringrazio.<\/p>\n<p style=\"text-align: justify\">Da molti decenni la classe operaia \u00e8 un fantasma senza coscienza che si aggira nei pochissimi cantieri ancora presenti nella nostra amata patria. Forse per la prima volta nella sua storia, essa condivide molti interessi con l&#8217;ormai anch&#8217;essa agonizzante classe media facendo trasparire l&#8217;attuale necessit\u00e0 di una lotta di popolo ancor pi\u00f9 urgente che di quella di classe. Le cause di questa drammatica situazione sono molteplici e a mio avviso vanno ricercate nella sfera sindacale, storica e ideologica.<br \/>\nInfatti dalla met\u00e0 degli anni 80 in poi \u00e8 chiarissima la connivenza tra forze politiche sostenitrici di svolte liberiste, in passato tradizionalmente vicine alle cause dei lavoratori, ed il sindacato, incapace di autonomia decisionale rispetto ai grandi partiti di riferimento. Addirittura,\u00a0 in molte situazioni lo si vedr\u00e0 partecipe di quella stessa transizione intrapresa dai suoi riferimenti politici, diventando il vero cane da guardia della odierna sinistra liberista che, poi con riconoscenza, elargir\u00e0 carriere politiche a personaggi ben noti. Il tutto facendo ingoiare accordi a perdere ai lavoratori a suon di retoriche del governo amico, del meno peggio, arrivando anche ad approvare leggi liberticide e corporative sulla rappresentanza alla faccia dell&#8217;antifascismo da essi continuamente sbandierato. Partendo dalla recente porcata (vedi accordo interconfederale) votata dalla triplice in blocco nel 31\/05\/13 (compreso il nuovo eroe sinistrorso Landini,) per continuare con una serie di nefandezze che il lavoratore ha accettato d&#8217;ingoiare solo davanti allo sventolio retorico della bandierina rossa, mossa quest&#8217;ultima particolarmente efficace su menti semplici e poco duttili.<\/p>\n<p style=\"text-align: justify\">Per quanto riguarda il fattore ideologico, le variegate forme di massimalismo proveniente dal mondo dell&#8217;estrema sinistra, hanno allontanato sempre di pi\u00f9 la politica dalla realt\u00e0 e dai bisogni dei lavoratori. \u00a0Infatti, le varie visioni interpretative del marxismo hanno creato confusione ed un&#8217;inutile spreco di forze in lotte paradossali e futili per via di una visione talmente radicale, e a mio parere inefficace, del mondo circostante, da dare forma ad un\u2019intolleranza nei confronti di chi, seppur partendo da posizioni molto vicine, non si allinea del tutto alle idee dei leader. Quest&#8217;ultimo aspetto poi, porta paradossalmente ad assomigliare sempre pi\u00f9, come forme di pensiero ed azione, all&#8217;eterno loro nemico fascista tenuto in vita solo dalla paranoia e dal ricordo.<br \/>\nInfine esiste certamente un fattore sociologico: l\u2019individualismo edonistico, legato a doppio filo all&#8217;ideologia liberista, porta a far ragionare l&#8217;operaio come un piccolo Marchionne. D\u2019ora in poi i nuovi obiettivi infatti saranno: competere con il collega e non cooperare con esso, emergere per forza schifando se stesso solo perch\u00e8 non si \u00e8 riusciti a far carriera, eccetera eccetera. Questa desolante forma umana, per chi come me ha passato dieci anni di sindacalismo di base, \u00e8 ci\u00f2\u00a0in cui mi imbatto maggiormente oggi nei cantieri.La cosiddetta \u201csinistra\u201d occidentale ha di fatto abbandonato la classe operaia, attraverso subdole propagande, vere e proprie perle di autorazzismo sociale, che hanno aggiunto un&#8217;altra mazzata alla coscienza dell&#8217;operaio. Paradossalmente quello che i trotskisti e marxisti nostrani non riescono a vedere \u00e8 la tragedia che accomuna la distruzione culturale di un popolo, la sua identit\u00e0 e le sue tradizioni con quella coscienza di classe in cui il mondo operaio non riesce pi\u00f9 ad identificarsi. Il lavoro del mondialismo capitalista \u00e8 stato prima di tutto culturale e non solo economico, esso ha voluto l&#8217;eliminazione completa di ogni senso di appartenenza per far trionfare ancora una volta il mercantilismo, distruggendo qualsiasi forma comunitaria, costituzionale o statale, vera opposizione per tale mostruosit\u00e0.<br \/>\nIl lavoratore quindi entra a pieno titolo nella futura battaglia di liberazione. Militare per far capire al mondo operaio l&#8217;importanza del sovranismo, dei suoi valori repubblicani e socialisti, per riscattare il proprio futuro e quello delle generazioni a venire, dovr\u00e0 essere uno dei doveri principali di ogni patriota.<\/p>\n<p style=\"text-align: justify\">Massimiliano Veneziani<\/p>\n<p style=\"text-align: justify\">ARS Liguria<\/p>\n<p style=\"text-align: justify\">\n<div><\/div>\n<\/blockquote>\n","protected":false},"excerpt":{"rendered":"<p>Con molto piacere posto un contributo dell&#8217;amico e socio Massimiliano Veneziani, che ringrazio. Da molti decenni la classe operaia \u00e8 un fantasma senza coscienza che si aggira nei pochissimi cantieri ancora presenti nella nostra amata patria. Forse per la prima volta nella sua storia, essa condivide molti interessi con l&#8217;ormai anch&#8217;essa agonizzante classe media facendo trasparire l&#8217;attuale necessit\u00e0 di una lotta di popolo ancor pi\u00f9 urgente che di quella di classe. Le cause di questa&#46;&#46;&#46;<\/p>\n","protected":false},"author":39,"featured_media":0,"comment_status":"open","ping_status":"open","sticky":false,"template":"","format":"standard","meta":{"jetpack_post_was_ever_published":false,"_jetpack_newsletter_access":"","_jetpack_dont_email_post_to_subs":false,"_jetpack_newsletter_tier_id":0,"_jetpack_memberships_contains_paywalled_content":false,"_jetpack_memberships_contains_paid_content":false,"footnotes":"","jetpack_publicize_message":"","jetpack_publicize_feature_enabled":true,"jetpack_social_post_already_shared":true,"jetpack_social_options":{"image_generator_settings":{"template":"highway","enabled":false},"version":2}},"categories":[1530,6],"tags":[4104,2114,4105,4106,4107,69,429,1556,4108,1644,22,285],"jetpack_publicize_connections":[],"jetpack_featured_media_url":"","jetpack_sharing_enabled":true,"jetpack_shortlink":"https:\/\/wp.me\/p7ZaJ4-3wo","_links":{"self":[{"href":"https:\/\/appelloalpopolo.it\/index.php?rest_route=\/wp\/v2\/posts\/13540"}],"collection":[{"href":"https:\/\/appelloalpopolo.it\/index.php?rest_route=\/wp\/v2\/posts"}],"about":[{"href":"https:\/\/appelloalpopolo.it\/index.php?rest_route=\/wp\/v2\/types\/post"}],"author":[{"embeddable":true,"href":"https:\/\/appelloalpopolo.it\/index.php?rest_route=\/wp\/v2\/users\/39"}],"replies":[{"embeddable":true,"href":"https:\/\/appelloalpopolo.it\/index.php?rest_route=%2Fwp%2Fv2%2Fcomments&post=13540"}],"version-history":[{"count":0,"href":"https:\/\/appelloalpopolo.it\/index.php?rest_route=\/wp\/v2\/posts\/13540\/revisions"}],"wp:attachment":[{"href":"https:\/\/appelloalpopolo.it\/index.php?rest_route=%2Fwp%2Fv2%2Fmedia&parent=13540"}],"wp:term":[{"taxonomy":"category","embeddable":true,"href":"https:\/\/appelloalpopolo.it\/index.php?rest_route=%2Fwp%2Fv2%2Fcategories&post=13540"},{"taxonomy":"post_tag","embeddable":true,"href":"https:\/\/appelloalpopolo.it\/index.php?rest_route=%2Fwp%2Fv2%2Ftags&post=13540"}],"curies":[{"name":"wp","href":"https:\/\/api.w.org\/{rel}","templated":true}]}}