{"id":14209,"date":"2015-09-01T09:51:23","date_gmt":"2015-09-01T09:51:23","guid":{"rendered":"http:\/\/www.appelloalpopolo.it\/?p=14209"},"modified":"2015-09-01T09:51:23","modified_gmt":"2015-09-01T09:51:23","slug":"il-ruolo-della-leggenda","status":"publish","type":"post","link":"https:\/\/appelloalpopolo.it\/?p=14209","title":{"rendered":"Il ruolo della &quot;leggenda&quot;"},"content":{"rendered":"<p>&#8220;<em>La leggenda, ch&#8217;\u00e8 la persuasione e l&#8217; illusione degli uomini, \u00e8 alcune volte come l&#8217;anima della vita sociale e ne forma sempre parte fondamentale e integrante<\/em>&#8221; (cit.).<br \/>\nI moderni consumatori sono incapaci di nutrirsi di leggenda, perch\u00e9 hanno consumato o perso il gusto della storia, dei miti e delle gerarchie di valore tra uomini (non di diritti ma di valore). E ora che ad essi la politica deflazionistica ha tolto i consumi e talvolta il lavoro, avv<span class=\"text_exposed_show\">ertono un moto di ribellismo ma, privi di leggenda e incapaci di rigenerarla, sono inidonei alle rivoluzioni, democratiche o violente.<br \/>\nSoltanto una minoranza, fortunatamente non esigua, di cittadini, che per educazione si nutre di leggenda o comunque, essendosi salvata per varie ragioni dalla devastazione antropologica, \u00e8 capace di comprendere il ruolo della leggenda ed \u00e8 disposta o gi\u00e0 tutta intenta a ricostruirla, pu\u00f2 promuovere la rivoluzione italiana. Unire quella minoranza \u00e8 l&#8217;obiettivo politico da realizzare. Tutto il resto \u00e8 tempo perso.<\/span><\/p>\n","protected":false},"excerpt":{"rendered":"<p>&#8220;La leggenda, ch&#8217;\u00e8 la persuasione e l&#8217; illusione degli uomini, \u00e8 alcune volte come l&#8217;anima della vita sociale e ne forma sempre parte fondamentale e integrante&#8221; (cit.). I moderni consumatori sono incapaci di nutrirsi di leggenda, perch\u00e9 hanno consumato o perso il gusto della storia, dei miti e delle gerarchie di valore tra uomini (non di diritti ma di valore). E ora che ad essi la politica deflazionistica ha tolto i consumi e talvolta il&#46;&#46;&#46;<\/p>\n","protected":false},"author":2,"featured_media":0,"comment_status":"open","ping_status":"open","sticky":false,"template":"","format":"standard","meta":{"jetpack_post_was_ever_published":false,"_jetpack_newsletter_access":"","_jetpack_dont_email_post_to_subs":false,"_jetpack_newsletter_tier_id":0,"_jetpack_memberships_contains_paywalled_content":false,"_jetpack_memberships_contains_paid_content":false,"footnotes":"","jetpack_publicize_message":"","jetpack_publicize_feature_enabled":true,"jetpack_social_post_already_shared":true,"jetpack_social_options":{"image_generator_settings":{"template":"highway","enabled":false},"version":2}},"categories":[720,6],"tags":[],"jetpack_publicize_connections":[],"jetpack_featured_media_url":"","jetpack_sharing_enabled":true,"jetpack_shortlink":"https:\/\/wp.me\/p7ZaJ4-3Hb","_links":{"self":[{"href":"https:\/\/appelloalpopolo.it\/index.php?rest_route=\/wp\/v2\/posts\/14209"}],"collection":[{"href":"https:\/\/appelloalpopolo.it\/index.php?rest_route=\/wp\/v2\/posts"}],"about":[{"href":"https:\/\/appelloalpopolo.it\/index.php?rest_route=\/wp\/v2\/types\/post"}],"author":[{"embeddable":true,"href":"https:\/\/appelloalpopolo.it\/index.php?rest_route=\/wp\/v2\/users\/2"}],"replies":[{"embeddable":true,"href":"https:\/\/appelloalpopolo.it\/index.php?rest_route=%2Fwp%2Fv2%2Fcomments&post=14209"}],"version-history":[{"count":0,"href":"https:\/\/appelloalpopolo.it\/index.php?rest_route=\/wp\/v2\/posts\/14209\/revisions"}],"wp:attachment":[{"href":"https:\/\/appelloalpopolo.it\/index.php?rest_route=%2Fwp%2Fv2%2Fmedia&parent=14209"}],"wp:term":[{"taxonomy":"category","embeddable":true,"href":"https:\/\/appelloalpopolo.it\/index.php?rest_route=%2Fwp%2Fv2%2Fcategories&post=14209"},{"taxonomy":"post_tag","embeddable":true,"href":"https:\/\/appelloalpopolo.it\/index.php?rest_route=%2Fwp%2Fv2%2Ftags&post=14209"}],"curies":[{"name":"wp","href":"https:\/\/api.w.org\/{rel}","templated":true}]}}