{"id":14973,"date":"2015-12-20T10:26:24","date_gmt":"2015-12-20T10:26:24","guid":{"rendered":"http:\/\/www.appelloalpopolo.it\/?p=14973"},"modified":"2015-12-20T10:26:24","modified_gmt":"2015-12-20T10:26:24","slug":"le-colpe-della-crisi-negli-stati-che-adottano-leuro-le-tre-tesi","status":"publish","type":"post","link":"https:\/\/appelloalpopolo.it\/?p=14973","title":{"rendered":"Le colpe della crisi negli Stati che adottano l&#039;euro: le tre tesi"},"content":{"rendered":"<p style=\"text-align: justify;\">Trascurando le sfumatore e le precisazioni rilevanti ma secondarie, mi sembra che le tesi relative alle colpe della speciale crisi economica che affligge gli Stati che adottano l&#8217;euro siano tre.<\/p>\n<p style=\"text-align: justify;\">La prima tesi, che potremmo definire <em>la tesi della Germania,<\/em> \u00e8 che la colpa sia stata degli Stati che non hanno deflazionato a tempo: se altri Stati avessero deflazionato prima e molto di pi\u00f9 della Germania non sarebbero entrati in crisi.<br \/>\nE&#8217; una tesi perfettamente coerente con lo spirito dei Trattati europei, che instaurano una competizione tra economie nazionali, competizione che alla fine si vince a colpi di deflazione salariale. Tuttavia questa tesi, a prescindere dalle critiche che potrebbero essere svolte nel merito, implica l&#8217;accettazione dei Trattati Europei e della loro filosofia politico-economica.<\/p>\n<div class=\"text_exposed_show\">\n<p style=\"text-align: justify;\">La seconda tesi, purtroppo sostenuta ancora da tanti contestatori dell&#8217;euro, e che potremmo definire <em>la tesi dei moralisti europeisti ingenui<\/em>, afferma che la colpa \u00e8 stata della Germania, la quale avrebbe deflazionato immediatamente e si dice furbescamente.<br \/>\nE&#8217; una tesi moralistica, perch\u00e9 attribuisce la colpa a chi, secondo i Trattati, poteva compiere una scelta politico-economica, la deflazione salariale, e ha effettuato ed eseguito quella scelta, e non a chi poteva fare quella medesima cosa e non l&#8217;ha fatta.<br \/>\nSoprattutto \u00e8 una tesi fondamentalmente europeista, perch\u00e9 aspira a costruire una Europa nella quale un giorno non si possa deflazionare.<br \/>\nE&#8217; infine una tesi irrealistica e ingenua, perch\u00e9 la Germania non accetterebbe mai di entrare in un mercato unico dove non si possa deflazionare.<\/p>\n<p style=\"text-align: justify;\">La terza tesi, che potremmo definire <em>la tesi dell&#8217;ARS<\/em>, sostiene che la colpa \u00e8 dei Trattati europei, o meglio delle classi dirigenti nazionali che hanno aderito a Trattati che instaurano, oltre alla nota competizione tra imprese, anche la competizione tra Stati che si svolge a forza di deflazione salariale.<br \/>\nQuesta tesi non \u00e8 moralistica, \u00e8 patriottica e antieuropeista ed \u00e8 realista.<\/p>\n<\/div>\n","protected":false},"excerpt":{"rendered":"<p>Trascurando le sfumatore e le precisazioni rilevanti ma secondarie, mi sembra che le tesi relative alle colpe della speciale crisi economica che affligge gli Stati che adottano l&#8217;euro siano tre. La prima tesi, che potremmo definire la tesi della Germania, \u00e8 che la colpa sia stata degli Stati che non hanno deflazionato a tempo: se altri Stati avessero deflazionato prima e molto di pi\u00f9 della Germania non sarebbero entrati in crisi. E&#8217; una tesi perfettamente&#46;&#46;&#46;<\/p>\n","protected":false},"author":2,"featured_media":0,"comment_status":"open","ping_status":"open","sticky":false,"template":"","format":"standard","meta":{"jetpack_post_was_ever_published":false,"_jetpack_newsletter_access":"","_jetpack_dont_email_post_to_subs":false,"_jetpack_newsletter_tier_id":0,"_jetpack_memberships_contains_paywalled_content":false,"_jetpack_memberships_contains_paid_content":false,"footnotes":"","jetpack_publicize_message":"","jetpack_publicize_feature_enabled":true,"jetpack_social_post_already_shared":true,"jetpack_social_options":{"image_generator_settings":{"template":"highway","enabled":false},"version":2}},"categories":[3380,6],"tags":[],"jetpack_publicize_connections":[],"jetpack_featured_media_url":"","jetpack_sharing_enabled":true,"jetpack_shortlink":"https:\/\/wp.me\/p7ZaJ4-3Tv","_links":{"self":[{"href":"https:\/\/appelloalpopolo.it\/index.php?rest_route=\/wp\/v2\/posts\/14973"}],"collection":[{"href":"https:\/\/appelloalpopolo.it\/index.php?rest_route=\/wp\/v2\/posts"}],"about":[{"href":"https:\/\/appelloalpopolo.it\/index.php?rest_route=\/wp\/v2\/types\/post"}],"author":[{"embeddable":true,"href":"https:\/\/appelloalpopolo.it\/index.php?rest_route=\/wp\/v2\/users\/2"}],"replies":[{"embeddable":true,"href":"https:\/\/appelloalpopolo.it\/index.php?rest_route=%2Fwp%2Fv2%2Fcomments&post=14973"}],"version-history":[{"count":0,"href":"https:\/\/appelloalpopolo.it\/index.php?rest_route=\/wp\/v2\/posts\/14973\/revisions"}],"wp:attachment":[{"href":"https:\/\/appelloalpopolo.it\/index.php?rest_route=%2Fwp%2Fv2%2Fmedia&parent=14973"}],"wp:term":[{"taxonomy":"category","embeddable":true,"href":"https:\/\/appelloalpopolo.it\/index.php?rest_route=%2Fwp%2Fv2%2Fcategories&post=14973"},{"taxonomy":"post_tag","embeddable":true,"href":"https:\/\/appelloalpopolo.it\/index.php?rest_route=%2Fwp%2Fv2%2Ftags&post=14973"}],"curies":[{"name":"wp","href":"https:\/\/api.w.org\/{rel}","templated":true}]}}