{"id":15044,"date":"2015-12-30T13:25:34","date_gmt":"2015-12-30T13:25:34","guid":{"rendered":"http:\/\/www.appelloalpopolo.it\/?p=15044"},"modified":"2015-12-30T13:25:34","modified_gmt":"2015-12-30T13:25:34","slug":"lo-spirito-del-fronte-sovranista-bilancio-di-una-militanza","status":"publish","type":"post","link":"https:\/\/appelloalpopolo.it\/?p=15044","title":{"rendered":"Lo spirito del Fronte Sovranista, bilancio di una militanza"},"content":{"rendered":"<p style=\"text-align: justify;\"><span class=\"_5yl5\">Il 2016 in arrivo sar\u00e0 un anno molto difficile per il Paese. Il nostro impegno crescer\u00e0 ancora e daremo vita al Partito Sovranista (<strong><a href=\"http:\/\/www.appelloalpopolo.it\/?p=14905\" target=\"_blank\">FSI &#8211; Fronte Sovranista Italiano<\/a><\/strong>) per la cui costituzione \u00e8 nata l&#8217;ARS &#8211; Associazione Riconquistare la Sovranit\u00e0. <\/span><\/p>\n<p style=\"text-align: justify;\"><span class=\"_5yl5\">Vogliamo salutare questa transizione verso una fase che sar\u00e0 per noi decisiva, pubblicando il bilancio dei primi 3 anni di militanza che Lorenzo D&#8217;Onofrio, socio dell&#8217;ARS di Pescara e membro del direttivo nazionale, dedic\u00f2 un mese fa agli altri soci, augurandoci che possa essere di aiuto alla comprensione dello spirito che anima il nostro progetto e di stimolo per quanti stanno valutando la possibilit\u00e0 di iniziare a farne parte.<\/span><\/p>\n<hr \/>\n<p style=\"text-align: justify;\">di <strong>Lorenzo D&#8217;Onofrio<\/strong> (ARS Pescara)<\/p>\n<p style=\"text-align: justify;\"><strong><span id=\"fbPhotoSnowliftCaption\" class=\"fbPhotosPhotoCaption\" tabindex=\"0\" data-ft=\"{&quot;tn&quot;:&quot;K&quot;}\"><span class=\"hasCaption\">3 ANNI DI ARS: UN BILANCIO CHE VOGLIO CONDIVIDERE CON VOI<\/span><\/span><\/strong><\/p>\n<p style=\"text-align: justify;\"><span id=\"fbPhotoSnowliftCaption\" class=\"fbPhotosPhotoCaption\" tabindex=\"0\" data-ft=\"{&quot;tn&quot;:&quot;K&quot;}\"><span class=\"hasCaption\">Tre anni fa si teneva la prima presentazione ufficiale della sezione pescarese dell&#8217;ARS, appuntamento che mi ha cambiato la vita e che credo abbia costituito (cosa che ho intuito molto tempo dopo) una tappa fondamentale nell&#8217;evoluzione del progetto sovranista.<\/span><\/span><\/p>\n<p style=\"text-align: justify;\"><span id=\"fbPhotoSnowliftCaption\" class=\"fbPhotosPhotoCaption\" tabindex=\"0\" data-ft=\"{&quot;tn&quot;:&quot;K&quot;}\"><span class=\"hasCaption\">Organizzatori dell&#8217;evento il sottoscritto, Andrea Franceschelli, Gianluca Baldini<span class=\"text_exposed_show\"> e Giovanni Muzii: un successone, sala piena e tanto entusiasmo per noi appena arrivati, ma anche per gli altri soci.<\/span><\/span><\/span><\/p>\n<p style=\"text-align: justify;\"><span id=\"fbPhotoSnowliftCaption\" class=\"fbPhotosPhotoCaption\" tabindex=\"0\" data-ft=\"{&quot;tn&quot;:&quot;K&quot;}\"><span class=\"hasCaption\"><span class=\"text_exposed_show\">Entrare nell&#8217;ARS fu per noi 4 \u201cPescara Boys\u201d (come ci definimmo per cazzeggio) una scelta maturata dopo mesi di riflessione: non \u00e8 semplice credere in un progetto cos\u00ec epocale e il presidente, diciamocelo chiaramente, non \u00e8 un tipo facile da digerire (Stefano si scherza). Da oltre un anno girovagavamo in rete e fra convegni della MMT, esperienza che ci aveva dato l&#8217;occasione di conoscerci, nel caso di Gianluca e Giovanni, o di approfondire un&#8217;amicizia gi\u00e0 consolidata, nel caso di Andrea con cui siamo entrati da amici per diventare fratelli.<\/span><\/span><\/span><\/p>\n<p style=\"text-align: justify;\"><span id=\"fbPhotoSnowliftCaption\" class=\"fbPhotosPhotoCaption\" tabindex=\"0\" data-ft=\"{&quot;tn&quot;:&quot;K&quot;}\"><span class=\"hasCaption\"><span class=\"text_exposed_show\">Scegliemmo quindi l&#8217;ARS come nostra casa e partimmo a mille, dando il massimo per la riuscita della nostra prima presentazione&#8230; e fu subito un <a href=\"https:\/\/www.youtube.com\/watch?v=wmfEgQ1_uRk&amp;feature=youtu.be\" target=\"_blank\"><strong>successo<\/strong><\/a>.<\/span><\/span><\/span><\/p>\n<p style=\"text-align: justify;\"><span id=\"fbPhotoSnowliftCaption\" class=\"fbPhotosPhotoCaption\" tabindex=\"0\" data-ft=\"{&quot;tn&quot;:&quot;K&quot;}\"><span class=\"hasCaption\"><span class=\"text_exposed_show\">Presto, tuttavia, ci rendemmo conto che le speranze generate da una tal partenza erano effimere e che avremmo dovuto ridimensionare le aspettative, confrontandoci con le piaghe che impediscono il riscatto del <strong><a href=\"http:\/\/www.appelloalpopolo.it\/?p=725\" target=\"_blank\">consumatore globalista<\/a><\/strong>: l&#8217;individualismo e il terrore della <a href=\"http:\/\/www.appelloalpopolo.it\/?p=12395\" target=\"_blank\"><strong>militanza politica<\/strong><\/a>.<\/span><\/span><\/span><\/p>\n<p style=\"text-align: justify;\"><span id=\"fbPhotoSnowliftCaption\" class=\"fbPhotosPhotoCaption\" tabindex=\"0\" data-ft=\"{&quot;tn&quot;:&quot;K&quot;}\"><span class=\"hasCaption\"><span class=\"text_exposed_show\">Fu la prima maturazione: il lavoro vero andava fatto sottobanco, pazientemente, mettendo ogni giorno un piccolo mattone sopra un altro piccolo mattone, stringendo i denti fra le mille difficolt\u00e0 quotidiane, senza esaltarci per i risultati ottenuti e senza demoralizzarci per i passi falsi, le fregature (ricorderemo per sempre la prima trasferta per parlare a 3 persone, con annessa grandinata) e gli abbandoni, eclatanti o silenziosi.<\/span><\/span><\/span><\/p>\n<p style=\"text-align: justify;\"><span id=\"fbPhotoSnowliftCaption\" class=\"fbPhotosPhotoCaption\" tabindex=\"0\" data-ft=\"{&quot;tn&quot;:&quot;K&quot;}\"><span class=\"hasCaption\"><span class=\"text_exposed_show\">Capimmo ed accettammo che la portata del nostro impegno si sarebbe collocata in una <a href=\"http:\/\/www.appelloalpopolo.it\/?p=9007\" target=\"_blank\"><strong>dimensione storica<\/strong><\/a> e che quella con l&#8217;ARS sarebbe stata per noi una seconda vita, un secondo lavoro di importanza pari o superiore a quello che, fra mille difficolt\u00e0, tutti noi cerchiamo di portare avanti per campare.<\/span><\/span><\/span><\/p>\n<p style=\"text-align: justify;\"><span id=\"fbPhotoSnowliftCaption\" class=\"fbPhotosPhotoCaption\" tabindex=\"0\" data-ft=\"{&quot;tn&quot;:&quot;K&quot;}\"><span class=\"hasCaption\"><span class=\"text_exposed_show\">Quel lavoro paziente l&#8217;abbiamo fatto, abbiamo incontrato parecchi compagni, alcuni li abbiamo persi per strada (magari torneranno), altri ne incontreremo, c&#8217;\u00e8 chi vive per questa missione, chi riesce a dare un apporto minimo, ma oggi la sezione pescarese dell&#8217;ARS ha la sua solida base di militanti, pronta a misurarsi con impegni sempre pi\u00f9 stimolanti.<\/span><\/span><\/span><\/p>\n<p style=\"text-align: justify;\"><span id=\"fbPhotoSnowliftCaption\" class=\"fbPhotosPhotoCaption\" tabindex=\"0\" data-ft=\"{&quot;tn&quot;:&quot;K&quot;}\"><span class=\"hasCaption\"><span class=\"text_exposed_show\">Siamo cresciuti davvero tanto, individualmente e collettivamente, abbiamo studiato, abbiamo maturato una coscienza politica che in molti non avevamo, abbiamo fatto cose che non pensavamo di essere in grado di fare, abbiamo <strong><a href=\"http:\/\/www.appelloalpopolo.it\/?p=11988\" target=\"_blank\">ucciso i nostri idoli<\/a><\/strong>, smettendo di essere spettatori per schierarci in prima linea.<\/span><\/span><\/span><\/p>\n<p style=\"text-align: justify;\"><span id=\"fbPhotoSnowliftCaption\" class=\"fbPhotosPhotoCaption\" tabindex=\"0\" data-ft=\"{&quot;tn&quot;:&quot;K&quot;}\"><span class=\"hasCaption\"><span class=\"text_exposed_show\">Siamo consapevoli di aver compiuto solo una piccolissima parte del nostro percorso, ma la fiducia nel progetto aumenta costantemente e percepiamo un crescente riconoscimento del valore del nostro impegno. A chi ci circonda abbiamo raccontato, con anni di anticipo, una realt\u00e0 con cui sta purtroppo imparando a misurarsi, ma abbiamo prospettato anche una via d&#8217;uscita, lunga e faticosa certamente, ma l&#8217;unica realistica. <\/span><\/span><\/span><\/p>\n<p style=\"text-align: justify;\"><span id=\"fbPhotoSnowliftCaption\" class=\"fbPhotosPhotoCaption\" tabindex=\"0\" data-ft=\"{&quot;tn&quot;:&quot;K&quot;}\"><span class=\"hasCaption\"><span class=\"text_exposed_show\">Senza vendere sogni ci siamo limitati a spiegare che la riconquista dei nostri diritti e delle nostre vite dipender\u00e0 solo ed esclusivamente da quanto saremo disposti a militare per riprenderci la nostra Costituzione, da quanto saremo partigiani: abbiamo sfidato il marketing, il nostro messaggio spaventa, impegna, delude chi vuole soluzioni immediate. Cos\u00ec facendo abbiamo tuttavia selezionato e stiamo selezionando <a href=\"http:\/\/www.appelloalpopolo.it\/?p=9103\" target=\"_blank\"><strong>i MIGLIORI<\/strong><\/a>!<\/span><\/span><\/span><\/p>\n<p style=\"text-align: justify;\"><span id=\"fbPhotoSnowliftCaption\" class=\"fbPhotosPhotoCaption\" tabindex=\"0\" data-ft=\"{&quot;tn&quot;:&quot;K&quot;}\"><span class=\"hasCaption\"><span class=\"text_exposed_show\">Dovremo stare insieme per molto tempo, dovremo conoscerci, apprezzarci, sopportarci, diventare amici fraterni e litigare, ma le prossime generazioni si ricorderanno di NOI.<\/span><\/span><\/span><\/p>\n<p style=\"text-align: justify;\"><a href=\"https:\/\/www.youtube.com\/watch?v=gtAgwJkEXm4\" target=\"_blank\"><strong><span id=\"fbPhotoSnowliftCaption\" class=\"fbPhotosPhotoCaption\" tabindex=\"0\" data-ft=\"{&quot;tn&quot;:&quot;K&quot;}\"><span class=\"hasCaption\"><span class=\"text_exposed_show\">CI LIBEREREMO!<\/span><\/span><\/span><\/strong><\/a><\/p>\n","protected":false},"excerpt":{"rendered":"<p>Il 2016 in arrivo sar\u00e0 un anno molto difficile per il Paese. Il nostro impegno crescer\u00e0 ancora e daremo vita al Partito Sovranista (FSI &#8211; Fronte Sovranista Italiano) per la cui costituzione \u00e8 nata l&#8217;ARS &#8211; Associazione Riconquistare la Sovranit\u00e0. Vogliamo salutare questa transizione verso una fase che sar\u00e0 per noi decisiva, pubblicando il bilancio dei primi 3 anni di militanza che Lorenzo D&#8217;Onofrio, socio dell&#8217;ARS di Pescara e membro del direttivo nazionale, dedic\u00f2 un&#46;&#46;&#46;<\/p>\n","protected":false},"author":4,"featured_media":91696,"comment_status":"open","ping_status":"open","sticky":false,"template":"","format":"standard","meta":{"jetpack_post_was_ever_published":false,"_jetpack_newsletter_access":"","_jetpack_dont_email_post_to_subs":false,"_jetpack_newsletter_tier_id":0,"_jetpack_memberships_contains_paywalled_content":false,"_jetpack_memberships_contains_paid_content":false,"footnotes":"","jetpack_publicize_message":"","jetpack_publicize_feature_enabled":true,"jetpack_social_post_already_shared":true,"jetpack_social_options":{"image_generator_settings":{"template":"highway","enabled":false},"version":2}},"categories":[15,6],"tags":[4461,2402,729,172,27,46,47,2405,4462,3533,22,54],"jetpack_publicize_connections":[],"jetpack_featured_media_url":"https:\/\/appelloalpopolo.it\/wp-content\/uploads\/2015\/12\/wmfEgQ1_uRk.jpg","jetpack_sharing_enabled":true,"jetpack_shortlink":"https:\/\/wp.me\/p7ZaJ4-3UE","_links":{"self":[{"href":"https:\/\/appelloalpopolo.it\/index.php?rest_route=\/wp\/v2\/posts\/15044"}],"collection":[{"href":"https:\/\/appelloalpopolo.it\/index.php?rest_route=\/wp\/v2\/posts"}],"about":[{"href":"https:\/\/appelloalpopolo.it\/index.php?rest_route=\/wp\/v2\/types\/post"}],"author":[{"embeddable":true,"href":"https:\/\/appelloalpopolo.it\/index.php?rest_route=\/wp\/v2\/users\/4"}],"replies":[{"embeddable":true,"href":"https:\/\/appelloalpopolo.it\/index.php?rest_route=%2Fwp%2Fv2%2Fcomments&post=15044"}],"version-history":[{"count":0,"href":"https:\/\/appelloalpopolo.it\/index.php?rest_route=\/wp\/v2\/posts\/15044\/revisions"}],"wp:featuredmedia":[{"embeddable":true,"href":"https:\/\/appelloalpopolo.it\/index.php?rest_route=\/wp\/v2\/media\/91696"}],"wp:attachment":[{"href":"https:\/\/appelloalpopolo.it\/index.php?rest_route=%2Fwp%2Fv2%2Fmedia&parent=15044"}],"wp:term":[{"taxonomy":"category","embeddable":true,"href":"https:\/\/appelloalpopolo.it\/index.php?rest_route=%2Fwp%2Fv2%2Fcategories&post=15044"},{"taxonomy":"post_tag","embeddable":true,"href":"https:\/\/appelloalpopolo.it\/index.php?rest_route=%2Fwp%2Fv2%2Ftags&post=15044"}],"curies":[{"name":"wp","href":"https:\/\/api.w.org\/{rel}","templated":true}]}}