{"id":15577,"date":"2016-04-01T12:41:31","date_gmt":"2016-04-01T12:41:31","guid":{"rendered":"http:\/\/www.appelloalpopolo.it\/?p=15577"},"modified":"2016-04-01T12:41:31","modified_gmt":"2016-04-01T12:41:31","slug":"dal-monito-di-carli-al-caso-guidi-una-rivoluzione-fra-gossip-e-scroscianti-applausi","status":"publish","type":"post","link":"https:\/\/appelloalpopolo.it\/?p=15577","title":{"rendered":"Dal monito di Carli al caso Guidi: una rivoluzione fra gossip e scroscianti applausi"},"content":{"rendered":"<p><span style=\"font-family: Times New Roman,serif;\"><span style=\"font-size: medium;\"> di<strong> Lorenzo D&#8217;Onofrio<\/strong> (ARS Pescara)<\/span><\/span><\/p>\n<p><span style=\"color: #000080;\"><span lang=\"zxx\"><u><a href=\"http:\/\/www.ilfattoquotidiano.it\/2016\/03\/31\/federica-guidi-si-dimette-il-ministro-lascia-dopo-intercettazioni-su-caso-eni\/2597925\/\" target=\"_blank\"><span style=\"font-family: Times New Roman,serif;\"><span style=\"font-size: medium;\"><b>Caso Guidi<\/b><\/span><\/span><\/a><\/u><\/span><\/span><span style=\"font-family: Times New Roman,serif;\"><span style=\"font-size: medium;\">: la storia si ripete. Grazie ad una &#8220;banalissima&#8221; intercettazione telefonica milioni di italiani scoprono improvvisamente che nell&#8217;epoca del \u201ctrionfo\u201d delle libert\u00e0 individuali e della <\/span><\/span><span style=\"color: #000080;\"><span lang=\"zxx\"><u><a href=\"http:\/\/www.appelloalpopolo.it\/?p=8082\" target=\"_blank\"><span style=\"font-family: Times New Roman,serif;\"><span style=\"font-size: medium;\"><b>sovranit\u00e0 del consumatore<\/b><\/span><\/span><\/a><\/u><\/span><\/span><span style=\"font-family: Times New Roman,serif;\"><span style=\"font-size: medium;\">, le decisioni che contano vengono prese al di fuori del contesto democratico parlamentare e sono \u201csollecitate\u201d da personaggi espressione del grande potere economico privato: la lotta di classe diventata gossip!<br \/>\n<\/span><\/span><\/p>\n<p><span style=\"font-family: Times New Roman,serif;\"><span style=\"font-size: medium;\">Eppure la rivoluzione subita dal nostro Paese, cominciata <\/span><\/span><span style=\"color: #000080;\"><span lang=\"zxx\"><u><a href=\"http:\/\/orizzonte48.blogspot.it\/2014\/10\/1978-e-1992-parte-i-1974-1978-i.html\" target=\"_blank\"><span style=\"font-family: Times New Roman,serif;\"><span style=\"font-size: medium;\"><b>a cavallo fra gli anni &#8217;70 ed &#8217;80<\/b><\/span><\/span><\/a><\/u><\/span><\/span><span style=\"font-family: Times New Roman,serif;\"><span style=\"font-size: medium;\"> e che oggi sta conducendo all&#8217;annientamento della classe media, del nostro tessuto produttivo, ed all&#8217;inarrestabile livellamento verso il basso delle condizioni di vita del Popolo italiano, \u00e8 ampiamente documentata, cos\u00ec come gli interessi perseguiti dai suoi artefici, quelli che <\/span><\/span><span style=\"font-family: Times New Roman,serif;\"><span style=\"font-size: medium;\"><b>Tommaso Padoa Schioppa<\/b><\/span><\/span><span style=\"font-family: Times New Roman,serif;\"><span style=\"font-size: medium;\"> definiva candidamente come<\/span><\/span><strong><span style=\"font-family: Times New Roman,serif;\"><span style=\"font-size: medium;\"> rivoluzionari<\/span><\/span><\/strong><span style=\"font-family: Times New Roman,serif;\"><span style=\"font-size: medium;\">, avendo cura di specificare che non si trattava di<\/span><\/span><strong><span style=\"font-family: Times New Roman,serif;\"><span style=\"font-size: medium;\"> <a href=\"http:\/\/www.riconquistarelasovranita.it\/storia\/tommaso-padoa-schioppa-e-gli-insegnamenti-dellavventura-europea-1999\" target=\"_blank\">\u201ccospiratori pallidi e magri, ma impiegati, funzionari, banchieri e professori\u201d<\/a>.<\/span><\/span><\/strong><\/p>\n<p><span style=\"font-family: Times New Roman,serif;\"><span style=\"font-size: medium;\">Ed \u00e8 incredibile come le parole con cui, nel corso degli anni, sono state giustificate e celebrate le scelte di politica economica e monetaria che stavano spingendo l&#8217;Italia a rinunciare al modello costituzionale per abbracciare il liberismo pi\u00f9 sfacciato, nonostante i moniti rimasti inascoltati di un gigante come il Prof. Federico Caff\u00e8 (&#8220;<\/span><\/span><span style=\"font-family: Times New Roman,serif;\"><span style=\"font-size: medium;\"><i>Abbiamo una lunga tradizione nel liberalizzare, smantellare, e oggi si vorrebbe, per forza imitativa deregolarizzare. Dobbiamo invece apprendere a organizzare e a coordinare con chiari e ben definiti obiettivi per il bene comune delle persone, delle famiglie e della societ\u00e0 nel suo complesso. Questa \u00e8 la programmazione di cui abbiamo bisogno, la programmazione per le persone comuni\u201d<\/i><\/span><\/span><span style=\"color: #000000;\"><span style=\"font-family: Times New Roman,serif;\"><span style=\"font-size: medium;\">; da \u201c<\/span><\/span><\/span><span style=\"color: #000000;\"><span style=\"font-family: Times New Roman,serif;\"><span style=\"font-size: medium;\"><i>Lavoro dove trovarlo&#8221;<\/i><\/span><\/span><\/span><span style=\"color: #000000;\"><span style=\"font-family: Times New Roman,serif;\"><span style=\"font-size: medium;\">, su Corriere della Sera, 5 dicembre 1983), risuonino oggi come la confessione o il resoconto di uno spietato <strong><a href=\"http:\/\/www.appelloalpopolo.it\/?p=10419\" target=\"_blank\">tradimento degli interessi nazionali<\/a><\/strong>.<\/span><\/span><\/span><\/p>\n<p><span style=\"font-family: Times New Roman,serif;\"><span style=\"font-size: medium;\">Tradimento per effetto del quale oggi assistiamo quotidianamente ad una violentissima dinamica di concentrazione del settore produttivo e commerciale, con i fondi di investimento stranieri che stanno comprando una ad una le attivit\u00e0 considerate medio piccole (regionali o macro-regionali), mentre gli operatori tagliati fuori dalle acquisizioni sono destinati a chiudere nel breve-medio periodo sommersi da debiti verso istituti di credito ed erario.<\/span><\/span><\/p>\n<p><span style=\"font-family: Times New Roman,serif;\"><span style=\"font-size: medium;\">Coloro che hanno distrutto il sistema di protezione produttivo e commerciale, introducendo privatizzazioni e liberalizzazioni al motto di &#8220;libert\u00e0 &amp; concorrenza&#8221;, in realt\u00e0 ambivano alla instaurazione di monopoli privati: <\/span><\/span><span style=\"color: #000080;\"><span lang=\"zxx\"><u><a href=\"https:\/\/www.facebook.com\/afranceschelli\/posts\/10209522567645060?pnref=story\" target=\"_blank\"><span style=\"font-family: Times New Roman,serif;\"><span style=\"font-size: medium;\"><b>la legge del Mercato \u00e8 questa!<\/b><\/span><\/span><\/a><\/u><\/span><\/span><\/p>\n<p><span style=\"font-family: Times New Roman,serif;\"><span style=\"font-size: medium;\">Il tradimento, del resto, \u00e8 testimoniato in maniera eclatante dalla parabola del sistema bancario italiano, che abbiamo ampiamente documentato <\/span><\/span><span style=\"color: #000080;\"><span lang=\"zxx\"><u><a href=\"http:\/\/www.appelloalpopolo.it\/?p=15321\" target=\"_blank\"><span style=\"font-family: Times New Roman,serif;\"><span style=\"font-size: medium;\"><b>in 3 precedenti articoli<\/b><\/span><\/span><\/a><\/u><\/span><\/span><span style=\"font-family: Times New Roman,serif;\"><span style=\"font-size: medium;\">, sistema nato pubblico ed al servizio dell&#8217;economia nazionale, per essere poi progressivamente trasformato in strumento speculativo del grande capitale, il cui rapporto con l&#8217;interesse pubblico emerge perlopi\u00f9 al momento di scaricare sulla collettivit\u00e0 gli effetti nefasti della propria voracit\u00e0.<\/span><\/span><\/p>\n<p><span style=\"font-family: Times New Roman,serif;\"><span style=\"font-size: medium;\">Tale processo \u00e8 stato supinamente accettato come un fenomeno modernizzatore, inevitabile e salutare, al punto da far apparire come <\/span><\/span><span style=\"font-family: Times New Roman,serif;\"><span style=\"font-size: medium;\">conservatrici<\/span><\/span><span style=\"font-family: Times New Roman,serif;\"><span style=\"font-size: medium;\"> queste parole dell&#8217;ex Governatore della Banca d&#8217;Italia, <strong>Guido Carli<\/strong> (nelle <\/span><\/span><span style=\"color: #000080;\"><span lang=\"zxx\"><u><a href=\"http:\/\/www.bancaditalia.it\/chi-siamo\/storia\/governatori-direttori-generali\/CF_1960_1981.pdf\"><span style=\"font-family: Times New Roman,serif;\"><span style=\"font-size: medium;\">Considerazioni finali della Banca d\u2019Italia del 1973, p. 563<\/span><\/span><\/a><\/u><\/span><\/span><span style=\"font-family: Times New Roman,serif;\"><span style=\"font-size: medium;\">):<\/span><\/span><\/p>\n<blockquote><p><span style=\"font-family: Times New Roman,serif;\"><span style=\"font-size: medium;\"><i>Ci siamo posti e ci poniamo l\u2019interrogativo se la <strong>Banca d\u2019Italia<\/strong> avrebbe potuto o potrebbe <strong>rifiutare il finanziamento del disavanzo del settore pubblico<\/strong> astenendosi dall\u2019esercitare la facolt\u00e0 attribuita dalla legge di acquistare titoli di Stato. Il rifiuto <strong>porrebbe lo Stato nella impossibilit\u00e0 di pagare stipendi ai pubblici dipendenti dell\u2019ordine militare, dell\u2019ordine giudiziario, dell\u2019ordine civile e pensioni alla generalit\u00e0 dei cittadini<\/strong>. Avrebbe l\u2019apparenza di un atto di politica monetaria; <\/i><\/span><\/span><span style=\"font-family: Times New Roman,serif;\"><span style=\"font-size: medium;\"><i><b>nella sostanza sarebbe un atto sedizioso<\/b><\/i><\/span><\/span><span style=\"font-family: Times New Roman,serif;\"><span style=\"font-size: medium;\"><i>, al quale seguirebbe la paralisi delle istituzioni. Occorre assicurare la continuit\u00e0 dello Stato, anche se l\u2019economia debba cadere in ristagno; d\u2019altronde le conseguenze del caos amministrativo sarebbero pi\u00f9 gravi. Non possiamo impedire la caduta con i soli strumenti della politica monetaria; possiamo adoperarci affinch\u00e9 sia meno profonda.<\/i><\/span><\/span><\/p><\/blockquote>\n<p><span style=\"font-family: Times New Roman,serif;\"><span style=\"font-size: medium;\">Il fenomeno \u00e8 mirabilmente descritto in un articolo del <strong>1994<\/strong> a firma di <\/span><\/span><span style=\"font-family: Times New Roman,serif;\"><span style=\"font-size: medium;\"><b>Carlo Clericetti<\/b><\/span><\/span><span style=\"font-family: Times New Roman,serif;\"><span style=\"font-size: medium;\">, che dalle pagine di Repubblica scimmiottando le parole di Carli titolava: <\/span><\/span><span style=\"color: #000080;\"><span lang=\"zxx\"><u><a href=\"http:\/\/ricerca.repubblica.it\/repubblica\/archivio\/repubblica\/1994\/11\/21\/quei-tecnici-sediziosi-di-via-nazionale.html\" target=\"_blank\"><span style=\"font-family: Times New Roman,serif;\"><span style=\"font-size: medium;\"><b>\u201cQUEI TECNICI SEDIZIOSI DI VIA NAZIONALE\u201d<\/b><\/span><\/span><\/a><\/u><\/span><\/span><span style=\"font-family: Times New Roman,serif;\"><span style=\"font-size: medium;\">.<\/span><\/span><\/p>\n<p><span style=\"font-family: Times New Roman,serif;\"><span style=\"font-size: medium;\">Eppure Guido Carli non aveva affermato nulla di eccezionale, limitandosi a descrivere il normale funzionamento di uno Stato che disponga della propria Sovranit\u00e0 e la eserciti nell&#8217;interesse dei propri cittadini, come Costituzione vuole.<\/span><\/span><\/p>\n<p><span style=\"font-family: Times New Roman,serif;\"><span style=\"font-size: medium;\">Carli lanciava tuttavia un monito, paventando il pericolo, che allora si affacciava come una minaccia, di stravolgimento del sistema: la minaccia si concretizz\u00f2 pochi anni dopo, ed effettivamente avvenne attraverso un atto sedizioso, che inaugur\u00f2 il <\/span><\/span><span style=\"font-family: Times New Roman,serif;\"><span style=\"font-size: medium;\"><b>metodo Andreatta<\/b><\/span><\/span><span style=\"font-family: Times New Roman,serif;\"><span style=\"font-size: medium;\">, oggi divenuto la regola, ovvero <strong><a href=\"http:\/\/www.appelloalpopolo.it\/?p=9871\" target=\"_blank\">&#8220;l&#8217;arte di imprimere un nuovo corso alle cose senza ricorrere allo strumento legislativo&#8221;<\/a><\/strong>.<\/span><\/span><\/p>\n<p><span style=\"font-family: Times New Roman,serif;\"><span style=\"font-size: medium;\">Cos\u00ec ci racconta Clericetti il processo \u201crivoluzionario\u201d che ha portato lo Stato italiano a rinunciare alla leva monetaria e ad accogliere nell&#8217;ordinamento il folle, ma \u201c<a href=\"https:\/\/www.bancaditalia.it\/pubblicazioni\/interventi-direttorio\/int-dir-2014\/Rossi-191114-it.pdf\" target=\"_blank\">moderno<\/a>\u201d, principio dell&#8217;<strong>indipendenza della Banca Centrale<\/strong>, descrivendo un percorso caratterizzato dalla tendenza a <\/span><\/span><span style=\"font-family: Times New Roman,serif;\"><span style=\"font-size: medium;\">una sempre maggiore autonomia della politica monetaria da quella economica ed alla riduzione della discrezionalit\u00e0 politica nelle decisioni che possano influenzare la stabilit\u00e0 monetaria e creditizia (pilota automatico?):<\/span><\/span><\/p>\n<blockquote><p><span style=\"font-family: Times New Roman,serif;\"><span style=\"font-size: medium;\"><i>Sicuramente in alcuni periodi la Banca <\/i><\/span><\/span><span style=\"font-family: Times New Roman,serif;\"><span style=\"font-size: medium;\">[d&#8217;Italia; ndr]<\/span><\/span><span style=\"font-family: Times New Roman,serif;\"><span style=\"font-size: medium;\"><i> ha svolto un&#8217;opera di fiancheggiamento dei governi, comportandosi con una accondiscendenza che, se avesse seguito il solo criterio di attenersi ai suoi compiti istituzionali &#8211; primo fra tutti quello di assicurare la stabilt\u00e0 della moneta &#8211; non avrebbe certo concesso.<\/i><\/span><\/span><\/p><\/blockquote>\n<p><span style=\"font-family: Times New Roman,serif;\"><span style=\"font-size: medium;\">Segue il riferimento alla politica monetaria di Guido Carli e la citazione della frase sopra riportata, per proseguire cos\u00ec:<\/span><\/span><\/p>\n<blockquote><p><span style=\"font-family: Times New Roman,serif;\"><span style=\"font-size: medium;\"><i><b>Dai primi anni &#8217;80, per\u00f2, la Banca d&#8217;Italia comincia a diventare &#8220;sediziosa&#8221;<\/b><\/i><\/span><\/span><span style=\"font-family: Times New Roman,serif;\"><span style=\"font-size: medium;\"><i>. <\/i><\/span><\/span><span style=\"font-family: Times New Roman,serif;\"><span style=\"font-size: medium;\"><i><u><b>Negli anni precedenti una politica economica dissennata<\/b><\/u><\/i><\/span><\/span><span style=\"font-family: Times New Roman,serif;\"><span style=\"font-size: medium;\"><i>, non contrastata dalla severit\u00e0 monetaria, aveva posto le premesse per l&#8217;<\/i><\/span><\/span><span style=\"font-family: Times New Roman,serif;\"><span style=\"font-size: medium;\"><i><u><b>esplosione del debito pubblico<\/b><\/u><\/i><\/span><\/span><span style=\"font-family: Times New Roman,serif;\"><span style=\"font-size: medium;\"><i>, l&#8217;<\/i><\/span><\/span><span style=\"font-family: Times New Roman,serif;\"><span style=\"font-size: medium;\"><i><b>inflazione<\/b><\/i><\/span><\/span><span style=\"font-family: Times New Roman,serif;\"><span style=\"font-size: medium;\"><i> era <\/i><\/span><\/span><span style=\"font-family: Times New Roman,serif;\"><span style=\"font-size: medium;\"><i><b>a due cifr<\/b><\/i><\/span><\/span><span style=\"font-family: Times New Roman,serif;\"><span style=\"font-size: medium;\"><i>e. L&#8217;abolizione della norma che imponeva alla banca centrale di sottoscrivere le emissioni di titoli del Tesoro non assorbiti dal mercato (<\/i><\/span><\/span><span style=\"font-family: Times New Roman,serif;\"><span style=\"font-size: medium;\"><i><b>il cosiddetto &#8220;divorzio&#8221;<\/b><\/i><\/span><\/span><span style=\"font-family: Times New Roman,serif;\"><span style=\"font-size: medium;\"><i>), voluta da Carlo Azeglio Ciampi e dall&#8217;allora ministro del Tesoro Nino Andreatta, <\/i><\/span><\/span><span style=\"font-family: Times New Roman,serif;\"><span style=\"font-size: medium;\"><i><b>non andava certo nella direzione di facilitare il compito dei governi<\/b><\/i><\/span><\/span><span style=\"font-family: Times New Roman,serif;\"><span style=\"font-size: medium;\"><i>. <\/i><\/span><\/span><span style=\"font-family: Times New Roman,serif;\"><span style=\"font-size: medium;\"><i><b>Lo scopo era di costringere l&#8217;esecutivo a<\/b><\/i><\/span><\/span><span style=\"font-family: Times New Roman,serif;\"><span style=\"font-size: medium;\"><i> un maggiore rigore economico, cio\u00e8 a <\/i><\/span><\/span><span style=\"font-family: Times New Roman,serif;\"><span style=\"font-size: medium;\"><i><b>controllare il deficit di bilancio, il cui finanziamento<\/b><\/i><\/span><\/span><span style=\"font-family: Times New Roman,serif;\"><span style=\"font-size: medium;\"><i>, <\/i><\/span><\/span><span style=\"font-family: Times New Roman,serif;\"><span style=\"font-size: medium;\"><i><b>da allora in poi<\/b><\/i><\/span><\/span><span style=\"font-family: Times New Roman,serif;\"><span style=\"font-size: medium;\"><i>, avrebbe dovuto essere assicurato collocando interamente <\/i><\/span><\/span><span style=\"font-family: Times New Roman,serif;\"><span style=\"font-size: medium;\"><i><b>sul mercato<\/b><\/i><\/span><\/span><span style=\"font-family: Times New Roman,serif;\"><span style=\"font-size: medium;\"><i> i titoli di Stato. Farli assorbire avrebbe comportato <\/i><\/span><\/span><span style=\"font-family: Times New Roman,serif;\"><span style=\"font-size: medium;\"><i><b>un rialzo dei tassi<\/b><\/i><\/span><\/span><span style=\"font-family: Times New Roman,serif;\"><span style=\"font-size: medium;\"><i> &#8211; che infatti <\/i><\/span><\/span><span style=\"font-family: Times New Roman,serif;\"><span style=\"font-size: medium;\"><i><b>ci fu<\/b><\/i><\/span><\/span><span style=\"font-family: Times New Roman,serif;\"><span style=\"font-size: medium;\"><i> &#8211; e questo avrebbe <\/i><\/span><\/span><span style=\"font-family: Times New Roman,serif;\"><span style=\"font-size: medium;\"><i><b>ulteriormente aggravato il problema del debito<\/b><\/i><\/span><\/span><span style=\"font-family: Times New Roman,serif;\"><span style=\"font-size: medium;\"><i>, se la politica non fosse diventata pi\u00f9 &#8220;virtuosa&#8221;.<\/i><\/span><\/span><\/p><\/blockquote>\n<p><span style=\"font-family: Times New Roman,serif;\"><span style=\"font-size: medium;\">In realt\u00e0 \u00e8 ampiamente documentato come il debito pubblico degli anni &#8217;80, prima del famoso \u201cdivorzio\u201d (giunto nel 1981, pochi anni dopo l&#8217;adesione dell&#8217;Italia allo SME), fosse addirittura ben sotto la fantomatica soglia (peraltro priva di fondamento scientifico ed inventata solo nel 1992 a Maastricht) del 60% del PIL, mentre la successiva e vorticosa crescita di tale rapporto (raddoppiato in soli 10 anni) fu determinata non da sprechi e clientelismi, bens\u00ec esclusivamente dall&#8217;<\/span><\/span><span style=\"color: #000080;\"><span lang=\"zxx\"><u><a href=\"http:\/\/www.appelloalpopolo.it\/?p=9923\" target=\"_blank\"><span style=\"font-family: Times New Roman,serif;\"><span style=\"font-size: medium;\"><b>aumento della spesa per interessi<\/b><\/span><\/span><\/a><\/u><\/span><\/span><span style=\"font-family: Times New Roman,serif;\"><span style=\"font-size: medium;\"> sui titoli di Stato.<br \/>\n<\/span><\/span><\/p>\n<p><span style=\"font-family: Times New Roman,serif;\"><span style=\"font-size: medium;\">Continua Clericetti, con la nota e stantia retorica che vuole la politica clientelare come causa della crisi del &#8217;92 e l&#8217;Europa come panacea di tutti i mali, senza la quale avremmo fatto la fine di&#8230; (fate un po&#8217; voi):<\/span><\/span><\/p>\n<blockquote><p><span style=\"font-family: Times New Roman,serif;\"><span style=\"font-size: medium;\"><i>Si sa com&#8217;\u00e8 andata in seguito, ma non per questo la banca ha fatto marcia indietro. Anzi, ha gestito l&#8217;adesione allo Sme, il Sistema monetario europeo, come elemento di ulteriore rigidit\u00e0 per le politiche interne. Tutto questo ha portato al crack finanziario del &#8217;92 e all&#8217;attuale situazione di collasso dei conti pubblici. Colpa della Banca d&#8217;Italia che ha &#8220;remato contro&#8221;? Ovviamente no: <\/i><\/span><\/span><span style=\"font-family: Times New Roman,serif;\"><span style=\"font-size: medium;\"><i><u><b>colpa dei governi che hanno preferito la politica clientelare alla buona amministrazione, senza preoccuparsi del fatto che sarebbe arrivato il momento di pagare il conto<\/b><\/u><\/i><\/span><\/span><span style=\"font-family: Times New Roman,serif;\"><span style=\"font-size: medium;\"><i>. <strong>Ma se la la Banca d&#8217;Italia avesse &#8220;fiancheggiato&#8221; questa politica, ora non saremmo in serie B, ma ancora bene o male legati all&#8217;Europa: saremmo nel Terzo mondo<\/strong>.<\/i><\/span><\/span><\/p><\/blockquote>\n<p><span style=\"font-family: Times New Roman,serif;\"><span style=\"font-size: medium;\">Ancora una volta la realt\u00e0 e i dati raccontano una <\/span><\/span><span style=\"color: #000080;\"><span lang=\"zxx\"><u><a href=\"http:\/\/goofynomics.blogspot.it\/2012\/05\/1992-le-lievi-imprecisioni-del-corsera.html\" target=\"_blank\"><span style=\"font-family: Times New Roman,serif;\"><span style=\"font-size: medium;\"><b>storia molto differente<\/b><\/span><\/span><\/a><\/u><\/span><\/span><span style=\"font-family: Times New Roman,serif;\"><span style=\"font-size: medium;\">.<\/span><\/span><\/p>\n<p><span style=\"font-family: Times New Roman,serif;\"><span style=\"font-size: medium;\">Clericetti passa poi all&#8217;analisi del <strong>sistema creditizio<\/strong>, analisi che, alla luce degli ultimi avvenimenti, suona alquanto beffarda e rivelatrice, per cui non necessita di commenti:<\/span><\/span><\/p>\n<blockquote><p><span style=\"font-family: Times New Roman,serif;\"><span style=\"font-size: medium;\"><i>Anche da un altro punto di vista, nel frattempo, il sistema del credito stava mutando la sua collocazione rispetto a quello politico.<b> Concepito fino ad allora come &#8220;servizio pubblico&#8221;<\/b><\/i><\/span><\/span><span style=\"font-family: Times New Roman,serif;\"><span style=\"font-size: medium;\"><i>, come cinghia di trasmissione della politica economica in u<\/i><\/span><\/span><span style=\"font-family: Times New Roman,serif;\"><span style=\"font-size: medium;\"><i>n sistema chiuso sia verso l&#8217;estero che alla concorrenza interna,<\/i><\/span><\/span><i> <\/i><span style=\"font-family: Times New Roman,serif;\"><span style=\"font-size: medium;\"><i><b>veniva gradatamente guidato verso una logica di mercato, con l&#8217;abolizione dei vincoli<\/b><\/i><\/span><\/span><span style=\"font-family: Times New Roman,serif;\"><span style=\"font-size: medium;\"><i> amministrativi e territoriali <\/i><\/span><\/span><span style=\"font-family: Times New Roman,serif;\"><span style=\"font-size: medium;\"><i><b>e l&#8217;apertura &#8211; <\/b><\/i><\/span><\/span><span style=\"font-family: Times New Roman,serif;\"><span style=\"font-size: medium;\"><i><u><b>decisa peraltro in sede EUROPEA<\/b><\/u><\/i><\/span><\/span><span style=\"font-family: Times New Roman,serif;\"><span style=\"font-size: medium;\"><i><b> &#8211; alla concorrenza estera, ai movimenti di capitali, alle partecipazioni nelle imprese industriali<\/b><\/i><\/span><\/span><span style=\"font-family: Times New Roman,serif;\"><span style=\"font-size: medium;\"><i>. Questo <\/i><\/span><\/span><span style=\"font-family: Times New Roman,serif;\"><span style=\"font-size: medium;\"><i><b>processo<\/b><\/i><\/span><\/span><span style=\"font-family: Times New Roman,serif;\"><span style=\"font-size: medium;\"><i> (tuttora in corso), in larga parte <\/i><\/span><\/span><span style=\"font-family: Times New Roman,serif;\"><span style=\"font-size: medium;\"><i><b>obbligato<\/b><\/i><\/span><\/span><span style=\"font-family: Times New Roman,serif;\"><span style=\"font-size: medium;\"><i> dalla nostra partecipazione all&#8217;<\/i><\/span><\/span><span style=\"font-family: Times New Roman,serif;\"><span style=\"font-size: medium;\"><i><b>Europa<\/b><\/i><\/span><\/span><span style=\"font-family: Times New Roman,serif;\"><span style=\"font-size: medium;\"><i> e comunque <\/i><\/span><\/span><span style=\"font-family: Times New Roman,serif;\"><span style=\"font-size: medium;\"><i><b>necessario<\/b><\/i><\/span><\/span><span style=\"font-family: Times New Roman,serif;\"><span style=\"font-size: medium;\"><i> in un&#8217;<\/i><\/span><\/span><span style=\"font-family: Times New Roman,serif;\"><span style=\"font-size: medium;\"><i><b>economia moderna<\/b><\/i><\/span><\/span><span style=\"font-family: Times New Roman,serif;\"><span style=\"font-size: medium;\"><i>, espone naturalmente le banche a <\/i><\/span><\/span><span style=\"font-family: Times New Roman,serif;\"><span style=\"font-size: medium;\"><i><b>RISCHI MOLTO MAGGIORI CHE NEL PASSATO<\/b><\/i><\/span><\/span><span style=\"font-family: Times New Roman,serif;\"><span style=\"font-family: Times New Roman,serif;\"><span style=\"font-size: medium;\"><i>.<\/i><\/span><\/span><\/span><\/p><\/blockquote>\n<blockquote><p><span style=\"font-family: Times New Roman,serif;\"><span style=\"font-size: medium;\"><i>Il controllo sulla loro stabilit\u00e0, divenuto pi\u00f9 complesso sia perch\u00e9 \u00e8 ora basato in buona parte su strumenti indiretti, sia per il pi\u00f9 vasto spettro di attivit\u00e0 degli istituti, assume dunque un&#8217;importanza ancora pi\u00f9 cruciale. <\/i><i><b>Il fallimento di una banca <\/b><\/i>[privata; ndr] <i><b>non provoca solo alti costi: se si tratta di un istituto importante il rischio \u00e8 quello di compromettere la stabilit\u00e0 dell&#8217;intero sistema.<\/b><\/i><\/span><\/span><\/p><\/blockquote>\n<p><span style=\"font-family: Times New Roman,serif;\"><span style=\"font-size: medium;\">Non poteva mancare la chiosa esterofila:<\/span><\/span><\/p>\n<blockquote><p><span style=\"font-family: Times New Roman,serif;\"><span style=\"font-size: medium;\"><i>D&#8217;altra parte, nel percorso tracciato verso l&#8217;Unione europea uno dei capisaldi \u00e8 stato individuato nel raggiungimento della completa <\/i><\/span><\/span><span style=\"font-family: Times New Roman,serif;\"><span style=\"font-size: medium;\"><i><u><b>indipendenza delle banche centrali<\/b><\/u><\/i><\/span><\/span><span style=\"font-family: Times New Roman,serif;\"><span style=\"font-size: medium;\"><i> dai governi. <\/i><\/span><\/span><span style=\"font-family: Times New Roman,serif;\"><span style=\"font-size: medium;\"><i><b>Se questo orientamento ha finito con il prevalere<\/b><\/i><\/span><\/span><span style=\"font-family: Times New Roman,serif;\"><span style=\"font-size: medium;\"><i> &#8211; almeno come obbiettivo da raggiungere &#8211; <\/i><\/span><\/span><span style=\"font-family: Times New Roman,serif;\"><span style=\"font-size: medium;\"><i><b>praticamente in tutti i paesi economicamente avanzati, qualche ragione ci sar\u00e0 pure<\/b><\/i><\/span><\/span><span style=\"font-family: Times New Roman,serif;\"><span style=\"font-size: medium;\"><i>. Fra le tante emergenze nazionali, davvero non si sente il bisogno di mettersi a ridiscutere poprio di questo<\/i><\/span><\/span><span style=\"font-family: Times New Roman,serif;\"><span style=\"font-size: medium;\">.<\/span><\/span><\/p><\/blockquote>\n<p><span style=\"font-family: Times New Roman,serif;\"><span style=\"font-size: medium;\">Orbene, articoli come quello di Clericetti (spulciando in rete le testimonianze sono infinite, basta cercare), dimostrano chiaramente come la rivoluzione avvenuta in questo Paese fosse prevedibile, prevista ed in buona parte voluta.<\/span><\/span><\/p>\n<p><span style=\"font-family: Times New Roman,serif;\"><span style=\"font-size: medium;\">Politici, economisti e giornalisti economici sapevano cosa stava accadendo, analizzavano, discutevano, si confrontavano, o dichiaratamente sottovalutando il tema, i problemi e i valori sottesi, magari prediligendo la difesa di interessi personali, o esprimendo cieca fede in una convenzione. <\/span><\/span><\/p>\n<p><span style=\"font-family: Times New Roman,serif;\"><span style=\"font-size: medium;\">C&#8217;\u00e8 da chiedersi dove fosse il Popolo italiano. Come abbiamo potuto accettare, o addirittura desiderare, un modello economico sociale contrastante con i nostri interessi? Come abbiamo potuto riporre fiducia in una classe politica che continuiamo ancora oggi a graziare, attribuendole la sola responsabilit\u00e0 del malaffare ed assolvendola dalla colpa pi\u00f9 grave, ovvero il progressivo annichilimento della Costituzione repubblicana e la distruzione delle conquiste sociali in essa consacrate?<\/span><\/span><\/p>\n<p><span style=\"font-family: Times New Roman,serif;\"><span style=\"font-size: medium;\"><b>La risposta \u00e8 nel declino della politica.<\/b><\/span><\/span><\/p>\n<p><span style=\"font-family: Times New Roman,serif;\"><span style=\"font-size: medium;\">Dalla <\/span><\/span><span style=\"color: #000080;\"><span lang=\"zxx\"><u><a href=\"http:\/\/cinquantamila.corriere.it\/storyTellerThread.php?threadId=EnriBerlinguer\" target=\"_blank\"><span style=\"font-family: Times New Roman,serif;\"><span style=\"font-size: medium;\">questione morale posta da Berlinguer nella famosa intervista rilasciata a Eugenio Scalfari<\/span><\/span><\/a><\/u><\/span><\/span><span style=\"font-family: Times New Roman,serif;\"><span style=\"font-size: medium;\">, passando per <\/span><\/span><span style=\"color: #000080;\"><span lang=\"zxx\"><u><a href=\"http:\/\/www.appelloalpopolo.it\/?p=9871\" target=\"_blank\"><span style=\"font-family: Times New Roman,serif;\"><span style=\"font-size: medium;\">i colpi di mano di Andreatta<\/span><\/span><\/a><\/u><\/span><\/span><span style=\"font-family: Times New Roman,serif;\"><span style=\"font-size: medium;\">, per le indagini di \u201c<\/span><\/span><span style=\"color: #000080;\"><span lang=\"zxx\"><u><a href=\"http:\/\/it.wikipedia.org\/wiki\/Mani_pulite\" target=\"_blank\"><span style=\"font-family: Times New Roman,serif;\"><span style=\"font-size: medium;\">Mani Pulite<\/span><\/span><\/a><\/u><\/span><\/span><span style=\"font-family: Times New Roman,serif;\"><span style=\"font-size: medium;\">\u201d e arrivando ai nostri giorni alla pubblicazione del <\/span><\/span><span style=\"color: #000080;\"><span lang=\"zxx\"><u><a href=\"http:\/\/it.wikipedia.org\/wiki\/La_casta\" target=\"_blank\"><span style=\"font-family: Times New Roman,serif;\"><span style=\"font-size: medium;\">libro la \u201cCasta\u201d di Rizzo e Stella<\/span><\/span><\/a><\/u><\/span><\/span><span style=\"font-family: Times New Roman,serif;\"><span style=\"font-size: medium;\">, fino al successo elettorale del M5S alle politiche del 2013 con lo slogan \u201c<\/span><\/span><span style=\"color: #000080;\"><span lang=\"zxx\"><u><a href=\"http:\/\/www.beppegrillo.it\/2013\/01\/mandiamoli_tutti_a_casa.html\" target=\"_blank\"><span style=\"font-family: Times New Roman,serif;\"><span style=\"font-size: medium;\">mandiamoli tutti a casa<\/span><\/span><\/a><\/u><\/span><\/span><span style=\"font-family: Times New Roman,serif;\"><span style=\"font-size: medium;\">\u201d, abbiamo assistito a un trentennale stillicidio perpetrato ai danni della politica da parte di chi detiene i mezzi per indirizzare l\u2019opinione pubblica (<\/span><\/span><span style=\"color: #000080;\"><span lang=\"zxx\"><u><a href=\"http:\/\/www.riconquistarelasovranita.it\/azione\/apologia-della-politica\" target=\"_blank\"><span style=\"font-family: Times New Roman,serif;\"><span style=\"font-size: medium;\"><b>qui<\/b><\/span><\/span><\/a><\/u><\/span><\/span><span style=\"font-family: Times New Roman,serif;\"><span style=\"font-size: medium;\"> uno spunto per approfondire).<\/span><\/span><\/p>\n<p><span style=\"font-family: Times New Roman,serif;\"><span style=\"font-size: medium;\">La Costituzione del 1948 \u00e8 stata (momentaneamente) abbattuta trasformando i cittadini in consumatori, individualisti, disgustati o indifferenti alla politica.<\/span><\/span><\/p>\n<p><span style=\"font-family: Times New Roman,serif;\"><span style=\"font-size: medium;\">Se la causa \u00e8 politica, anche la soluzione non potr\u00e0 che essere politica: la strada per la riconquista della nostra Sovranit\u00e0 \u00e8 quella indicata da <\/span><\/span><span style=\"color: #000080;\"><span lang=\"zxx\"><u><a href=\"https:\/\/youtu.be\/2j9i_0yvt4w?t=8m10s\" target=\"_blank\"><span style=\"font-family: Times New Roman,serif;\"><span style=\"font-size: medium;\"><b>Piero Calamandrei<\/b><\/span><\/span><\/a><\/u><\/span><\/span><b> <\/b><span style=\"font-family: Times New Roman,serif;\"><span style=\"font-size: medium;\">e passa necessariamente per la riscoperta della militanza e la costruzione di nuovi partiti, che facciano dei precetti costituzionali il proprio programma.<\/span><\/span><\/p>\n<p><span style=\"font-family: Times New Roman,serif;\"><span style=\"font-size: medium;\">In questa prospettiva, noi sovranisti dell&#8217;ARS \u2013 Associazione Riconquistare la Sovranit\u00e0 il <\/span><\/span><strong><span style=\"font-family: Times New Roman,serif;\"><span style=\"font-size: medium;\"><b>5 giugno<\/b><\/span><\/span><\/strong><span style=\"font-family: Times New Roman,serif;\"><span style=\"font-size: medium;\"><b> 2016<\/b><\/span><\/span><span style=\"font-family: Times New Roman,serif;\"><span style=\"font-size: medium;\"> ci riuniremo a <\/span><\/span><strong><span style=\"font-family: Times New Roman,serif;\"><span style=\"font-size: medium;\"><b>Roma<\/b><\/span><\/span><\/strong><span style=\"font-family: Times New Roman,serif;\"><span style=\"font-size: medium;\">, presso il <\/span><\/span><strong><span style=\"font-family: Times New Roman,serif;\"><span style=\"font-size: medium;\"><a href=\"http:\/\/www.teatrodellangelo.it\/\" target=\"_blank\">Teatro dell\u2019Angelo<\/a><\/span><\/span><\/strong><span style=\"font-family: Times New Roman,serif;\"><span style=\"font-size: medium;\">, per dar vita al<\/span><\/span> <strong><a href=\"http:\/\/www.appelloalpopolo.it\/?p=14905\" target=\"_blank\"><span style=\"font-family: Times New Roman,serif;\"><span style=\"font-size: medium;\">Fronte Sovranista Italiano<\/span><\/span><\/a><\/strong><span style=\"font-family: Times New Roman,serif;\"><span style=\"font-size: medium;\">, la nostra frazione della alleanza politica sovranista che dovr\u00e0 guidare il Popolo italiano nella necessaria lotta di liberazione.<\/span><\/span><\/p>\n<p><span style=\"font-family: Times New Roman,serif;\"><span style=\"font-size: medium;\">CI LIBEREREMO!<\/span><\/span><\/p>\n","protected":false},"excerpt":{"rendered":"<p>di Lorenzo D&#8217;Onofrio (ARS Pescara) Caso Guidi: la storia si ripete. Grazie ad una &#8220;banalissima&#8221; intercettazione telefonica milioni di italiani scoprono improvvisamente che nell&#8217;epoca del \u201ctrionfo\u201d delle libert\u00e0 individuali e della sovranit\u00e0 del consumatore, le decisioni che contano vengono prese al di fuori del contesto democratico parlamentare e sono \u201csollecitate\u201d da personaggi espressione del grande potere economico privato: la lotta di classe diventata gossip! Eppure la rivoluzione subita dal nostro Paese, cominciata a cavallo fra&#46;&#46;&#46;<\/p>\n","protected":false},"author":75,"featured_media":0,"comment_status":"open","ping_status":"open","sticky":false,"template":"","format":"standard","meta":{"jetpack_post_was_ever_published":false,"_jetpack_newsletter_access":"","_jetpack_dont_email_post_to_subs":false,"_jetpack_newsletter_tier_id":0,"_jetpack_memberships_contains_paywalled_content":false,"_jetpack_memberships_contains_paid_content":false,"footnotes":"","jetpack_publicize_message":"","jetpack_publicize_feature_enabled":true,"jetpack_social_post_already_shared":true,"jetpack_social_options":{"image_generator_settings":{"template":"highway","enabled":false},"version":2}},"categories":[14,15,6],"tags":[4656,1029,2114,2020,1059,122,4690,7,4691,227,46,47,4692,4693,606,2405,4144,1532,4694,1056,285],"jetpack_publicize_connections":[],"jetpack_featured_media_url":"","jetpack_sharing_enabled":true,"jetpack_shortlink":"https:\/\/wp.me\/p7ZaJ4-43f","_links":{"self":[{"href":"https:\/\/appelloalpopolo.it\/index.php?rest_route=\/wp\/v2\/posts\/15577"}],"collection":[{"href":"https:\/\/appelloalpopolo.it\/index.php?rest_route=\/wp\/v2\/posts"}],"about":[{"href":"https:\/\/appelloalpopolo.it\/index.php?rest_route=\/wp\/v2\/types\/post"}],"author":[{"embeddable":true,"href":"https:\/\/appelloalpopolo.it\/index.php?rest_route=\/wp\/v2\/users\/75"}],"replies":[{"embeddable":true,"href":"https:\/\/appelloalpopolo.it\/index.php?rest_route=%2Fwp%2Fv2%2Fcomments&post=15577"}],"version-history":[{"count":0,"href":"https:\/\/appelloalpopolo.it\/index.php?rest_route=\/wp\/v2\/posts\/15577\/revisions"}],"wp:attachment":[{"href":"https:\/\/appelloalpopolo.it\/index.php?rest_route=%2Fwp%2Fv2%2Fmedia&parent=15577"}],"wp:term":[{"taxonomy":"category","embeddable":true,"href":"https:\/\/appelloalpopolo.it\/index.php?rest_route=%2Fwp%2Fv2%2Fcategories&post=15577"},{"taxonomy":"post_tag","embeddable":true,"href":"https:\/\/appelloalpopolo.it\/index.php?rest_route=%2Fwp%2Fv2%2Ftags&post=15577"}],"curies":[{"name":"wp","href":"https:\/\/api.w.org\/{rel}","templated":true}]}}