{"id":16124,"date":"2016-07-12T00:30:03","date_gmt":"2016-07-11T22:30:03","guid":{"rendered":"http:\/\/www.appelloalpopolo.it\/?p=16124"},"modified":"2016-07-12T00:30:03","modified_gmt":"2016-07-11T22:30:03","slug":"contro-il-politicamente-corretto","status":"publish","type":"post","link":"https:\/\/appelloalpopolo.it\/?p=16124","title":{"rendered":"Contro il Politicamente Corretto"},"content":{"rendered":"<p><em>di <strong>COSTANZO PREVE<\/strong><\/em><\/p>\n<p style=\"text-align: justify;\">Personalmente considero <em>incondizionatamente positivo<\/em> che i vecchi sgradevoli \u201cpregiudizi\u201d verso gli ebrei, i neri, le donne e gli omosessuali vengano superati. Se il Politicamente Corretto interdice la manifestazione pubblica del disprezzo verso gli ebrei, i neri, le donne e gli omosessuali questo \u00e8 bene e non \u00e8 male. Sono disposto a riconoscere questo dato positivo in modo chiaro, limpido e senza tortuosi equivoci. Mi prendo soltanto l\u2019insindacabile diritto ad assumere in proposito un giudizio storico-dialettico, che non deve ovviamente essere scambiato per approvazione <em>a posteriori<\/em> dei precedenti \u201cpregiudizi\u201d. Anche l\u2019Illuminismo fu positivo in rapporto alla precedente cultura assolutistica e signorile, eppure Horkheimer e Adorno si sono presi il diritto di criticarlo. Non vedo perch\u00e9 a me deve essere proibito ci\u00f2 che ad Horkheimer ed Adorno ha dato invece la fama e l\u2019approvazione della tartuferia semicolta degli intellettuali.<\/p>\n<p style=\"text-align: justify;\">La principale caratteristica del Politicamente Corretto \u00e8 ovviamente quella di impedire che se ne parli in modo non programmaticamente politicamente corretto. \u00c8 questa una caratteristica di tutti i <em>tab\u00f9<\/em>, per cui parlarne \u00e8 gi\u00e0 violare un <em>tab\u00f9<\/em>, e delle religioni, per cui \u00e8 gi\u00e0 blasfemo parlarne in modo non religioso sulla loro genesi e sulla loro funzione storica.<\/p>\n<p style=\"text-align: justify;\">Facendomi beffe di questo interdetto da pavidi mascalzoni, ne analizzer\u00f2 ora in due tempi la genesi teorico-filosofica e la genesi storico-sociale. Sebbene la seconda, strutturale, sia pi\u00f9 importante della prima, sovrastrutturale, inizier\u00f2 dalla prima. Il lettore poi inverta l\u2019ordine, se vuole.<\/p>\n<p style=\"text-align: justify;\">La genesi teorica del Politicamente Corretto sta in una delle ennesime <em>prognosi errate<\/em> cui ci ha abituato la tradizione del pensiero marxista, e pi\u00f9 in generale di \u201csinistra\u201d. Esso si basa sul presupposto che si dice in lingua inglese <em>wishful thinking<\/em>, e cio\u00e8 pensiero che scambia i propri desideri per realt\u00e0 storiche vincenti. Tutti cadiamo ovviamente in questo errore, ma soltanto il pensiero di sinistra ha elevato l\u2019Illusione ad Arte e Scienza.<\/p>\n<p style=\"text-align: justify;\">Le diagnosi illusorie sono moltissime, ma qui ci limiteremo ad analizzarne soltanto due, di cui la seconda in particolare \u00e8 quella che ci interessa maggiormente in questa sede.<\/p>\n<p style=\"text-align: justify;\">La prima illusione, intrattenuta purtroppo dal Grande Fondatore della Ditta, e cio\u00e8 Karl Marx, sta in una diagnosi e prognosi del capitalismo basata sulla sciagurata previsione del suo crollo, dovuto ad un insieme di ragioni, che qui sintetizzo in tre, scusandomi per non poter avere ovviamente lo spazio per esporle in modo pi\u00f9 decente. Primo, il carattere rivoluzionario anticapitalista della classe operaia, salariata e proletaria, vista come l\u2019avanguardia politicamente organizzabile del lavoro collettivo cooperativo associato, dal direttore di fabbrica all\u2019ultimo manovale, alleata con le potenze intellettuali sprigionate dalla grande produzione industriale, definita da Marx con l\u2019espressione inglese <em>General Intellect<\/em>. Secondo, la considerazione delle crisi capitalistiche (variamente classificate) non come un fisiologico momento ciclico di ricostituzione delle condizioni di una nuova fase di accumulazione, ma come segnale di incrinamento irreversibile del sistema. Terzo, la presunta incapacit\u00e0 del capitalismo di sviluppare le forze produttive sociali, da cui stagnazione, ristagno e necessit\u00e0 del \u201ccambio di manovratore\u201d della locomotiva, dalla borghesia al proletariato ed ai suoi alleati.<\/p>\n<p style=\"text-align: justify;\">Per farla corta, tutti e tre queste previsioni sono completamente e totalmente errate. Questo non cambia di un grammo e di una virgola il giudizio negativo globale sul capitalismo, almeno a mio giudizio, il che fa s\u00ec che io continui a rivendicarmi allievo e seguace della \u201cscuola di Marx\u201d intesa in senso lato. Ma nello stesso tempo ogni minuto sprecato nel congedo da questo insieme di (spiegabili e perdonabili) errori \u00e8 tutto tempo perduto per elaborare una strategia ed una tattica anticapitalistica di oggi.<\/p>\n<p style=\"text-align: justify;\">La seconda illusione, pi\u00f9 grave della prima, permane persino in caso di totale abbandono della prima, in quanto \u00e8 pi\u00f9 radicata e quindi pi\u00f9 pericolosa e dura a morire. Si tratta dell\u2019ideologia del progresso, di origine illuministica <em>integralmente e soltanto borghese<\/em>, gi\u00e0 da allora del tutto estranea alle classi subalterne, per cui <em>l\u2019avanti<\/em> \u00e8 sempre per principio migliore dell\u2019<em>indietro<\/em>, e per cui il semplice scorrimento del tempo era sempre e comunque inteso come un progresso. Luxuria \u00e8 sempre avanti a Ratzinger, per cui non pu\u00f2 che avere ragione. Nonostante alcuni rarissimi pensatori critici (Benjamin, eccetera), la religione del progresso \u00e8 rimasta, ed ancora rimane, l\u2019unica religione popolare della sinistra europea, all\u2019interno di un popolo rimbecillito dai <em>media<\/em> che non va pi\u00f9 in chiesa ed \u00e8 invitato ad odiare la cultura letteraria e filosofica degli \u201cantichi\u201d, che essendo antichi devono per forza anche essere \u201csorpassati\u201d.<\/p>\n<p style=\"text-align: justify;\">Da questa penosa religione per deficienti si \u00e8 sviluppata l\u2019idea per cui il capitalismo pu\u00f2 soltanto svilupparsi sulla base del paternalismo maschilista, razzista, omofobo ed antisemita. Rimosso questo bestione conservatore si sarebbe fatto un passo avanti anche verso una societ\u00e0 pi\u00f9 giusta ed egualitaria.<\/p>\n<p style=\"text-align: justify;\">L\u2019esperienza degli ultimi quaranta anni (1968-2008), un periodo storico abbastanza lungo per permettere gi\u00e0 un bilancio di fondo, dimostra esattamente il contrario. In quarant\u2019anni il capitalismo ha liberalizzato il costume, ha contrastato razzismo, omofobia, maschilismo ed antisemitismo (trasferendo per\u00f2 il ruolo dell\u2019antisemitismo all\u2019islamofobia ed ergendo anzi il popolo ebraico a sacerdozio levitico della nuova religione olocaustica globale, \u201cpezzo forte\u201d del Politicamente Corretto), e nello stesso tempo ha creato una societ\u00e0 oligarchica in cui le diseguaglianze sociali sono molto maggiori, provocatorie e schifose di quaranta anni fa. \u00c8 terribile affidarsi ad un medico idiota che scambia l\u2019artrite reumatoide per dolore ai calli.<\/p>\n<p>&nbsp;<\/p>\n<p><em>[da<\/em> Elementi di Politicamente Corretto<em>, ed. Petite Plaisance, 2010]<\/em><\/p>\n<p>&nbsp;<\/p>\n","protected":false},"excerpt":{"rendered":"<p>di COSTANZO PREVE Personalmente considero incondizionatamente positivo che i vecchi sgradevoli \u201cpregiudizi\u201d verso gli ebrei, i neri, le donne e gli omosessuali vengano superati. Se il Politicamente Corretto interdice la manifestazione pubblica del disprezzo verso gli ebrei, i neri, le donne e gli omosessuali questo \u00e8 bene e non \u00e8 male. Sono disposto a riconoscere questo dato positivo in modo chiaro, limpido e senza tortuosi equivoci. Mi prendo soltanto l\u2019insindacabile diritto ad assumere in proposito&#46;&#46;&#46;<\/p>\n","protected":false},"author":4,"featured_media":0,"comment_status":"open","ping_status":"open","sticky":false,"template":"","format":"standard","meta":{"jetpack_post_was_ever_published":false,"_jetpack_newsletter_access":"","_jetpack_dont_email_post_to_subs":false,"_jetpack_newsletter_tier_id":0,"_jetpack_memberships_contains_paywalled_content":false,"_jetpack_memberships_contains_paid_content":false,"footnotes":"","jetpack_publicize_message":"","jetpack_publicize_feature_enabled":true,"jetpack_social_post_already_shared":true,"jetpack_social_options":{"image_generator_settings":{"template":"highway","enabled":false},"version":2}},"categories":[18,6],"tags":[3229,187,4921,2925,4922,1556,4923,2878,4924,4925],"jetpack_publicize_connections":[],"jetpack_featured_media_url":"","jetpack_sharing_enabled":true,"jetpack_shortlink":"https:\/\/wp.me\/p7ZaJ4-4c4","_links":{"self":[{"href":"https:\/\/appelloalpopolo.it\/index.php?rest_route=\/wp\/v2\/posts\/16124"}],"collection":[{"href":"https:\/\/appelloalpopolo.it\/index.php?rest_route=\/wp\/v2\/posts"}],"about":[{"href":"https:\/\/appelloalpopolo.it\/index.php?rest_route=\/wp\/v2\/types\/post"}],"author":[{"embeddable":true,"href":"https:\/\/appelloalpopolo.it\/index.php?rest_route=\/wp\/v2\/users\/4"}],"replies":[{"embeddable":true,"href":"https:\/\/appelloalpopolo.it\/index.php?rest_route=%2Fwp%2Fv2%2Fcomments&post=16124"}],"version-history":[{"count":0,"href":"https:\/\/appelloalpopolo.it\/index.php?rest_route=\/wp\/v2\/posts\/16124\/revisions"}],"wp:attachment":[{"href":"https:\/\/appelloalpopolo.it\/index.php?rest_route=%2Fwp%2Fv2%2Fmedia&parent=16124"}],"wp:term":[{"taxonomy":"category","embeddable":true,"href":"https:\/\/appelloalpopolo.it\/index.php?rest_route=%2Fwp%2Fv2%2Fcategories&post=16124"},{"taxonomy":"post_tag","embeddable":true,"href":"https:\/\/appelloalpopolo.it\/index.php?rest_route=%2Fwp%2Fv2%2Ftags&post=16124"}],"curies":[{"name":"wp","href":"https:\/\/api.w.org\/{rel}","templated":true}]}}