{"id":24565,"date":"2016-10-28T08:17:10","date_gmt":"2016-10-28T06:17:10","guid":{"rendered":"http:\/\/appelloalpopolo.it\/?p=24565"},"modified":"2016-10-26T22:39:16","modified_gmt":"2016-10-26T20:39:16","slug":"foodora-il-futuro-del-lavoro","status":"publish","type":"post","link":"https:\/\/appelloalpopolo.it\/?p=24565","title":{"rendered":"Foodora: il futuro del lavoro"},"content":{"rendered":"<p><strong>di RETE MMT (Daniele Basciu)<\/strong><\/p>\n<p>Il caso \u201cFoodora\u201d \u00e8 l\u2019ennesima dimostrazione del fatto che in aggregato<\/p>\n<p>Non esiste un mercato del lavoro. Se i lavoratori rifiutano la retribuzione loro offerta, semplicemente, muoiono di fame<\/p>\n<p>[Alain Parguez]<\/p>\n<p>Le consegne effettuate a 2,7\u20ac cadauna costituiscono uno dei gradini di discesa verso il basso del livello retributivo minimo effettivo del settore privato. In assenza di un monopolista che fissi il quantitativo di valuta offerto in cambio di un\u2019ora di lavoro generico, andando a costituire un \u201cpavimento effettivo\u201d al di sotto del quale i lavoratori non sono disposti a lavorare, la competizione al ribasso (sempre pi\u00f9 lavoro offerto in cambio di sempre minori quantit\u00e0 di valuta) \u00e8 destinata a progredire drammaticamente. Come afferma, correttamente, un lavoratore Foodora: loro \u201csono il futuro\u201d.<\/p>\n<p><strong>Fonte<\/strong>:<a href=\"http:\/\/www.retemmt.it\/foodora-futuro-del-lavoro\/\">http:\/\/www.retemmt.it\/foodora-futuro-del-lavoro\/<\/a><\/p>\n","protected":false},"excerpt":{"rendered":"<p>di RETE MMT (Daniele Basciu) Il caso \u201cFoodora\u201d \u00e8 l\u2019ennesima dimostrazione del fatto che in aggregato Non esiste un mercato del lavoro. Se i lavoratori rifiutano la retribuzione loro offerta, semplicemente, muoiono di fame [Alain Parguez] Le consegne effettuate a 2,7\u20ac cadauna costituiscono uno dei gradini di discesa verso il basso del livello retributivo minimo effettivo del settore privato. In assenza di un monopolista che fissi il quantitativo di valuta offerto in cambio di un\u2019ora&#46;&#46;&#46;<\/p>\n","protected":false},"author":77,"featured_media":17878,"comment_status":"open","ping_status":"open","sticky":false,"template":"","format":"standard","meta":{"jetpack_post_was_ever_published":false,"_jetpack_newsletter_access":"","_jetpack_dont_email_post_to_subs":false,"_jetpack_newsletter_tier_id":0,"_jetpack_memberships_contains_paywalled_content":false,"_jetpack_memberships_contains_paid_content":false,"footnotes":"","jetpack_publicize_message":"","jetpack_publicize_feature_enabled":true,"jetpack_social_post_already_shared":true,"jetpack_social_options":{"image_generator_settings":{"template":"highway","enabled":false},"version":2}},"categories":[32],"tags":[],"jetpack_publicize_connections":[],"jetpack_featured_media_url":"https:\/\/appelloalpopolo.it\/wp-content\/uploads\/2016\/09\/rete-mmt.jpg","jetpack_sharing_enabled":true,"jetpack_shortlink":"https:\/\/wp.me\/p7ZaJ4-6od","_links":{"self":[{"href":"https:\/\/appelloalpopolo.it\/index.php?rest_route=\/wp\/v2\/posts\/24565"}],"collection":[{"href":"https:\/\/appelloalpopolo.it\/index.php?rest_route=\/wp\/v2\/posts"}],"about":[{"href":"https:\/\/appelloalpopolo.it\/index.php?rest_route=\/wp\/v2\/types\/post"}],"author":[{"embeddable":true,"href":"https:\/\/appelloalpopolo.it\/index.php?rest_route=\/wp\/v2\/users\/77"}],"replies":[{"embeddable":true,"href":"https:\/\/appelloalpopolo.it\/index.php?rest_route=%2Fwp%2Fv2%2Fcomments&post=24565"}],"version-history":[{"count":1,"href":"https:\/\/appelloalpopolo.it\/index.php?rest_route=\/wp\/v2\/posts\/24565\/revisions"}],"predecessor-version":[{"id":24566,"href":"https:\/\/appelloalpopolo.it\/index.php?rest_route=\/wp\/v2\/posts\/24565\/revisions\/24566"}],"wp:featuredmedia":[{"embeddable":true,"href":"https:\/\/appelloalpopolo.it\/index.php?rest_route=\/wp\/v2\/media\/17878"}],"wp:attachment":[{"href":"https:\/\/appelloalpopolo.it\/index.php?rest_route=%2Fwp%2Fv2%2Fmedia&parent=24565"}],"wp:term":[{"taxonomy":"category","embeddable":true,"href":"https:\/\/appelloalpopolo.it\/index.php?rest_route=%2Fwp%2Fv2%2Fcategories&post=24565"},{"taxonomy":"post_tag","embeddable":true,"href":"https:\/\/appelloalpopolo.it\/index.php?rest_route=%2Fwp%2Fv2%2Ftags&post=24565"}],"curies":[{"name":"wp","href":"https:\/\/api.w.org\/{rel}","templated":true}]}}