{"id":25407,"date":"2016-11-13T15:49:56","date_gmt":"2016-11-13T14:49:56","guid":{"rendered":"http:\/\/appelloalpopolo.it\/?p=25407"},"modified":"2016-11-14T09:53:24","modified_gmt":"2016-11-14T08:53:24","slug":"sovranismo-e-cialtronismo","status":"publish","type":"post","link":"https:\/\/appelloalpopolo.it\/?p=25407","title":{"rendered":"Sovranismo e cialtronismo"},"content":{"rendered":"<p style=\"text-align: justify;\">di <strong>LORENZO D&#8217;ONOFRIO (FSI \u00a0Pescara)<\/strong><\/p>\n<p style=\"text-align: justify;\">La Storia la fa chi intuisce prima degli altri la prospettiva&#8230; e ci crede. Si chiama avanguardia.<br \/>\nAbbiamo definito il sovranismo, gli abbiamo dato un contenuto, lo stiamo facendo crescere.<br \/>\nEravamo da soli, ci hanno ignorato, sbeffeggiato, definito STRAMPALATI, in parte ci hanno avversato&#8230; poi hanno iniziato a copiarci.<br \/>\nMa avevamo previsto tutto e oggi possiamo dire che noi sovranisti del <span class=\"_5afx\"><a class=\"_58cn\" href=\"https:\/\/www.facebook.com\/hashtag\/fsi?source=feed_text\" data-ft=\"{&quot;tn&quot;:&quot;*N&quot;,&quot;type&quot;:104}\"><span class=\"_58cl _5afz\">#<\/span><span class=\"_58cm\">FSI<\/span><\/a>\u00a0<\/span>abbiamo gi\u00e0 vinto.<br \/>\nAdesso il sovranismo va difeso e dovremo essere ancora pi\u00f9 bravi nel distinguerci dai cialtroni che vogliono appropriarsene distorcendolo, perch\u00e9 il SOVRANISMO non \u00e8 secessionista, non \u00e8 razzista, non \u00e8 xenofobo e neanche nazionalista.<br \/>\nIl Sovranismo \u00e8 COSTITUZIONALE o non \u00e8.<br \/>\nNon abbiamo paura, ce la faremo&#8230; abbiamo fatto il partito, ora lo faremo crescere e vincere.<br \/>\nNon abbiamo fretta: CI LIBEREREMO!<\/p>\n","protected":false},"excerpt":{"rendered":"<p>di LORENZO D&#8217;ONOFRIO (FSI \u00a0Pescara) La Storia la fa chi intuisce prima degli altri la prospettiva&#8230; e ci crede. Si chiama avanguardia. Abbiamo definito il sovranismo, gli abbiamo dato un contenuto, lo stiamo facendo crescere. Eravamo da soli, ci hanno ignorato, sbeffeggiato, definito STRAMPALATI, in parte ci hanno avversato&#8230; poi hanno iniziato a copiarci. Ma avevamo previsto tutto e oggi possiamo dire che noi sovranisti del #FSI\u00a0abbiamo gi\u00e0 vinto. Adesso il sovranismo va difeso e&#46;&#46;&#46;<\/p>\n","protected":false},"author":4,"featured_media":17441,"comment_status":"open","ping_status":"open","sticky":false,"template":"","format":"standard","meta":{"jetpack_post_was_ever_published":false,"_jetpack_newsletter_access":"","_jetpack_dont_email_post_to_subs":true,"_jetpack_newsletter_tier_id":0,"_jetpack_memberships_contains_paywalled_content":false,"_jetpack_memberships_contains_paid_content":false,"footnotes":"","jetpack_publicize_message":"","jetpack_publicize_feature_enabled":true,"jetpack_social_post_already_shared":true,"jetpack_social_options":{"image_generator_settings":{"template":"highway","enabled":false},"version":2}},"categories":[3380],"tags":[],"jetpack_publicize_connections":[],"jetpack_featured_media_url":"https:\/\/appelloalpopolo.it\/wp-content\/uploads\/2016\/09\/bacheca-2.png","jetpack_sharing_enabled":true,"jetpack_shortlink":"https:\/\/wp.me\/p7ZaJ4-6BN","_links":{"self":[{"href":"https:\/\/appelloalpopolo.it\/index.php?rest_route=\/wp\/v2\/posts\/25407"}],"collection":[{"href":"https:\/\/appelloalpopolo.it\/index.php?rest_route=\/wp\/v2\/posts"}],"about":[{"href":"https:\/\/appelloalpopolo.it\/index.php?rest_route=\/wp\/v2\/types\/post"}],"author":[{"embeddable":true,"href":"https:\/\/appelloalpopolo.it\/index.php?rest_route=\/wp\/v2\/users\/4"}],"replies":[{"embeddable":true,"href":"https:\/\/appelloalpopolo.it\/index.php?rest_route=%2Fwp%2Fv2%2Fcomments&post=25407"}],"version-history":[{"count":6,"href":"https:\/\/appelloalpopolo.it\/index.php?rest_route=\/wp\/v2\/posts\/25407\/revisions"}],"predecessor-version":[{"id":25479,"href":"https:\/\/appelloalpopolo.it\/index.php?rest_route=\/wp\/v2\/posts\/25407\/revisions\/25479"}],"wp:featuredmedia":[{"embeddable":true,"href":"https:\/\/appelloalpopolo.it\/index.php?rest_route=\/wp\/v2\/media\/17441"}],"wp:attachment":[{"href":"https:\/\/appelloalpopolo.it\/index.php?rest_route=%2Fwp%2Fv2%2Fmedia&parent=25407"}],"wp:term":[{"taxonomy":"category","embeddable":true,"href":"https:\/\/appelloalpopolo.it\/index.php?rest_route=%2Fwp%2Fv2%2Fcategories&post=25407"},{"taxonomy":"post_tag","embeddable":true,"href":"https:\/\/appelloalpopolo.it\/index.php?rest_route=%2Fwp%2Fv2%2Ftags&post=25407"}],"curies":[{"name":"wp","href":"https:\/\/api.w.org\/{rel}","templated":true}]}}