{"id":26059,"date":"2016-11-30T12:15:01","date_gmt":"2016-11-30T11:15:01","guid":{"rendered":"http:\/\/appelloalpopolo.it\/?p=26059"},"modified":"2016-11-27T23:36:00","modified_gmt":"2016-11-27T22:36:00","slug":"volantinaggio-fsi-per-il-no-cosenza","status":"publish","type":"post","link":"https:\/\/appelloalpopolo.it\/?p=26059","title":{"rendered":"Volantinaggio FSI per il NO Cosenza"},"content":{"rendered":"<p style=\"text-align: justify\"><img loading=\"lazy\" decoding=\"async\" class=\"alignnone size-medium wp-image-26062\" src=\"http:\/\/appelloalpopolo.it\/wp-content\/uploads\/2016\/11\/15224655_1739782153011400_2070489774_o-169x300.jpg\" alt=\"15224655_1739782153011400_2070489774_o\" width=\"169\" height=\"300\" srcset=\"https:\/\/appelloalpopolo.it\/wp-content\/uploads\/2016\/11\/15224655_1739782153011400_2070489774_o-169x300.jpg 169w, https:\/\/appelloalpopolo.it\/wp-content\/uploads\/2016\/11\/15224655_1739782153011400_2070489774_o-768x1365.jpg 768w, https:\/\/appelloalpopolo.it\/wp-content\/uploads\/2016\/11\/15224655_1739782153011400_2070489774_o-576x1024.jpg 576w, https:\/\/appelloalpopolo.it\/wp-content\/uploads\/2016\/11\/15224655_1739782153011400_2070489774_o.jpg 900w\" sizes=\"(max-width: 169px) 100vw, 169px\" \/> <img loading=\"lazy\" decoding=\"async\" class=\"alignnone size-medium wp-image-26061\" src=\"http:\/\/appelloalpopolo.it\/wp-content\/uploads\/2016\/11\/15271451_1739782183011397_2034850991_o-169x300.jpg\" alt=\"15271451_1739782183011397_2034850991_o\" width=\"169\" height=\"300\" srcset=\"https:\/\/appelloalpopolo.it\/wp-content\/uploads\/2016\/11\/15271451_1739782183011397_2034850991_o-169x300.jpg 169w, https:\/\/appelloalpopolo.it\/wp-content\/uploads\/2016\/11\/15271451_1739782183011397_2034850991_o-768x1365.jpg 768w, https:\/\/appelloalpopolo.it\/wp-content\/uploads\/2016\/11\/15271451_1739782183011397_2034850991_o-576x1024.jpg 576w, https:\/\/appelloalpopolo.it\/wp-content\/uploads\/2016\/11\/15271451_1739782183011397_2034850991_o.jpg 900w\" sizes=\"(max-width: 169px) 100vw, 169px\" \/> <img loading=\"lazy\" decoding=\"async\" class=\"alignnone size-medium wp-image-26060\" src=\"http:\/\/appelloalpopolo.it\/wp-content\/uploads\/2016\/11\/15224552_1739782203011395_631056729_o-169x300.jpg\" alt=\"15224552_1739782203011395_631056729_o\" width=\"169\" height=\"300\" srcset=\"https:\/\/appelloalpopolo.it\/wp-content\/uploads\/2016\/11\/15224552_1739782203011395_631056729_o-169x300.jpg 169w, https:\/\/appelloalpopolo.it\/wp-content\/uploads\/2016\/11\/15224552_1739782203011395_631056729_o-768x1365.jpg 768w, https:\/\/appelloalpopolo.it\/wp-content\/uploads\/2016\/11\/15224552_1739782203011395_631056729_o-576x1024.jpg 576w, https:\/\/appelloalpopolo.it\/wp-content\/uploads\/2016\/11\/15224552_1739782203011395_631056729_o.jpg 900w\" sizes=\"(max-width: 169px) 100vw, 169px\" \/><\/p>\n<p style=\"text-align: justify\">Venerd\u00ec 25, sono andata in centro, a Cosenza, determinata a volantinare. Ho fatto un giro al mercatino di Natale, dando i volantini agli espositori presenti, facendo due chiacchiere con loro, quelli con cui ho parlato sono tutti per il NO. I visitatori erano pochi, visto il brutto tempo, ma di quei pochi, tutti hanno preso il volantino. Poi mi sono portata sul corso Mazzini, qui la pioggia ha cominciato a cadere incessante e sul corso c&#8217;erano quattro gatti e, in compenso, 7 vigili urbani. Con tutti quei volantini in borsa, mi sono sentita una partigiana che, clandestinamente, diffonde una parola invisa al potere. Verso le cinque, mi sono recata, insieme ad una mia amica, ad una iniziativa del comune, sulla moneta complementare. Ho distribuito i volantini alla platea, spiegando chi siamo e cosa ci proponiamo. Tutti l&#8217;hanno accettato di buon grado, compreso il prof. Giovanni Passali, autore, insieme a Nino Galloni, del libro Eurocidio. Un frate francescano, assessore alla povert\u00e0, lo ha letto con molto interesse. L&#8217;introduzione all&#8217;iniziativa \u00e8 stata fatta dal prof. D&#8217; Atri dell&#8217;universit\u00e0 della Calabria. Si \u00e8 poi aggiunto un avvocato di Cosenza, Armando Scarpelli, e tutti hanno parlato della importanza della sovranit\u00e0 monetaria e di come sia necessario tornare alla sovranit\u00e0 popolare per non morire come Stato. Alla fine mi sono avvicinata ai relatori; ho dato il volantino anche al suddetto avvocato che leggendolo, mi ha chiesto il significato di &#8220;sovranista&#8221; Gli detto che noi, nel pieno rispetto e applicazione della Costituzione, muoviamo alla riconquista della sovranit\u00e0 popolare e monetaria. Lui, alzando la testa dal foglio ha esclamato: allora io sono sovranista! In totale avr\u00f2 distribuito una cinquantina di volantini, senza contare quelli che ho lasciato alla mia amica che ne parler\u00e0 con i suoi condomini e con la comunit\u00e0 buddista di cui fa parte.<\/p>\n<p style=\"text-align: justify\">Maria Pia Cristiano<\/p>\n","protected":false},"excerpt":{"rendered":"<p>Venerd\u00ec 25, sono andata in centro, a Cosenza, determinata a volantinare. Ho fatto un giro al mercatino di Natale, dando i volantini agli espositori presenti, facendo due chiacchiere con loro, quelli con cui ho parlato sono tutti per il NO. I visitatori erano pochi, visto il brutto tempo, ma di quei pochi, tutti hanno preso il volantino. Poi mi sono portata sul corso Mazzini, qui la pioggia ha cominciato a cadere incessante e sul corso&#46;&#46;&#46;<\/p>\n","protected":false},"author":39,"featured_media":26062,"comment_status":"open","ping_status":"open","sticky":false,"template":"","format":"standard","meta":{"jetpack_post_was_ever_published":false,"_jetpack_newsletter_access":"","_jetpack_dont_email_post_to_subs":false,"_jetpack_newsletter_tier_id":0,"_jetpack_memberships_contains_paywalled_content":false,"_jetpack_memberships_contains_paid_content":false,"footnotes":"","jetpack_publicize_message":"","jetpack_publicize_feature_enabled":true,"jetpack_social_post_already_shared":true,"jetpack_social_options":{"image_generator_settings":{"template":"highway","enabled":false},"version":2}},"categories":[5110,5111],"tags":[],"jetpack_publicize_connections":[],"jetpack_featured_media_url":"https:\/\/appelloalpopolo.it\/wp-content\/uploads\/2016\/11\/15224655_1739782153011400_2070489774_o.jpg","jetpack_sharing_enabled":true,"jetpack_shortlink":"https:\/\/wp.me\/p7ZaJ4-6Mj","_links":{"self":[{"href":"https:\/\/appelloalpopolo.it\/index.php?rest_route=\/wp\/v2\/posts\/26059"}],"collection":[{"href":"https:\/\/appelloalpopolo.it\/index.php?rest_route=\/wp\/v2\/posts"}],"about":[{"href":"https:\/\/appelloalpopolo.it\/index.php?rest_route=\/wp\/v2\/types\/post"}],"author":[{"embeddable":true,"href":"https:\/\/appelloalpopolo.it\/index.php?rest_route=\/wp\/v2\/users\/39"}],"replies":[{"embeddable":true,"href":"https:\/\/appelloalpopolo.it\/index.php?rest_route=%2Fwp%2Fv2%2Fcomments&post=26059"}],"version-history":[{"count":1,"href":"https:\/\/appelloalpopolo.it\/index.php?rest_route=\/wp\/v2\/posts\/26059\/revisions"}],"predecessor-version":[{"id":26063,"href":"https:\/\/appelloalpopolo.it\/index.php?rest_route=\/wp\/v2\/posts\/26059\/revisions\/26063"}],"wp:featuredmedia":[{"embeddable":true,"href":"https:\/\/appelloalpopolo.it\/index.php?rest_route=\/wp\/v2\/media\/26062"}],"wp:attachment":[{"href":"https:\/\/appelloalpopolo.it\/index.php?rest_route=%2Fwp%2Fv2%2Fmedia&parent=26059"}],"wp:term":[{"taxonomy":"category","embeddable":true,"href":"https:\/\/appelloalpopolo.it\/index.php?rest_route=%2Fwp%2Fv2%2Fcategories&post=26059"},{"taxonomy":"post_tag","embeddable":true,"href":"https:\/\/appelloalpopolo.it\/index.php?rest_route=%2Fwp%2Fv2%2Ftags&post=26059"}],"curies":[{"name":"wp","href":"https:\/\/api.w.org\/{rel}","templated":true}]}}