{"id":27377,"date":"2017-01-14T08:50:47","date_gmt":"2017-01-14T07:50:47","guid":{"rendered":"http:\/\/appelloalpopolo.it\/?p=27377"},"modified":"2017-01-12T17:21:45","modified_gmt":"2017-01-12T16:21:45","slug":"grillo-ha-deciso-di-suicidarsi-chiedetevi-a-chi-conviene","status":"publish","type":"post","link":"https:\/\/appelloalpopolo.it\/?p=27377","title":{"rendered":"Grillo ha deciso di \u201csuicidarsi\u201d. Chiedetevi: a chi conviene?"},"content":{"rendered":"<p><strong>di MARCELLO FOA<\/strong><\/p>\n<p>Eh gi\u00e0, c\u2019\u00e8 chi decide di suicidarsi buttandosi gi\u00f9 da un ponte. E chi prendendo le decisioni sbagliate nel momento pi\u00f9 sbagliato, dimostrando una miopia politica cos\u00ec clamorosa da chiedersi se sia davvero solo il frutto di un errore di valutazione o se invece non sia voluta, con estrema e raffinata perfidia, per distruggere il Movimento 5 Stelle.<\/p>\n<p>Mettiamo in fila gli elementi.<\/p>\n<p>Il M5S ha combattutto una battaglia durissima contro il sistema; il suo fondatore e vera mente politica, Gian Roberto Casaleggio, \u00e8 stato oggetto di attacchi durissimi e personali, che lo hanno sfiancato nella salute, con un epilogo drammatico.<\/p>\n<p>Dopo la scomparsa di Casaleggio, il mondo ha iniziato a cambiare. Da tempo Movimento 5 Stelle si era schierato all\u2019Europarlamento con lo \u201cscandaloso\u201d Farage, considerato per anni poco pi\u00f9 che un velleitario buffone. Ma Farage ha guidato la Gran Bretagna alla Brexit.<\/p>\n<p>Nel frattempo i pentastellati conquistano due grandi citt\u00e0 italiane, Roma e Torino. Negli Stati Uniti vince contro ogni pronostico Trump, spostando il baricentro degli interessi degli Usa su posizioni molto pi\u00f9 vicine a quelli di movimenti alternativi di protesta (s\u00ec, i cosiddetti \u201cpopulisti\u201d) come il M5S e la Lega di Salvini. Il 4 dicembre questi stessi partiti guidano la campagna referendaria che si risolve con un KO clamoroso di Renzi.<\/p>\n<p>Il mondo sembra volgere dalla loro parte. E infatti da Washington arrivano segnali incoraggianti. Notate bene: Nigel Farage, pur essendo britannico, \u00e8 uno dei pochi politici di cui Trump si fida; \u00e8 l\u2019uomo che, sulle vicende europee, pu\u00f2 sussurrare all\u2019orecchio del presidente eletto.<\/p>\n<p>Un\u2019occasione propizia per chi \u00e8 sempre stato amico di Farage. Lo capiscono tutti. Proprio sabato 7 gennaio sul quotidiano la Stampa esce un retroscena molto interessante, intitolato <a href=\"http:\/\/www.lastampa.it\/2017\/01\/07\/esteri\/trump-cerca-un-alleato-in-italia-per-rilanciare-la-partnership-con-gli-usa-QTYtmZagBagSkP456CvgYP\/pagina.html\">\u201cDai migranti al terrorismo, Trump cerca un alleato in Italia per rilanciare l\u2019alleanza con gli Usa\u201d <\/a>, in cui vengono riportate le indiscrezioni di due collaboratori presidenziali. I quali spiegano che<\/p>\n<blockquote><p>E\u2019 chiaro che Trump sia contento del risultato referendario alla luce dei discorsi e delle dichiarazioni fatte in passato non solo sull\u2019Italia ma anche in merito alla Brexit. Tutti i suoi consiglieri, a partire da Steve Bannon che \u00e8 molto vicino alla politica europea, consideravano il \u201cno\u201d come un primo passo verso un processo di ricollocazione dell\u2019Italia, una sorta di distacco, non nel senso di uscita dall\u2019Unione europea, ma di presa di distanza dagli schemi conformisti di un certa politica e di una certa Europa. Un passaggio verso la strada del popolarismo che privilegia l\u2019economia reale, il lavoro, la real politik e l\u2019allontanamento dall\u2019ideologia conformista che sta decretando il fallimento del progetto europeo cos\u00ec com\u2019\u00e8. Un no che rende l\u2019Italia pi\u00f9\u00bb.<\/p><\/blockquote>\n<p>Quei consulenti assicurano che Trump vuole:<\/p>\n<blockquote><p>individuare il giusto interlocutore con cui l\u2019amministrazione americana dovr\u00e0 interloquire per rilanciare i rapporti con lo storico alleato\u201d.<\/p><\/blockquote>\n<p>In un\u2019Unione europea di cui non hanno fiducia, perlomeno non di quella che ha governato finora:<\/p>\n<blockquote><p>\u00abAlcune settimane fa ho incontrato Farrage e abbiamo discusso della situazione in atto, quello che sta avvenendo in Europa \u00e8 un processo storico, il baricentro si sta spostando dalla parte della gente, in Italia, in Francia e in Germania\u201d<\/p><\/blockquote>\n<p>afferma il generale Paul Vallely, secondo cui<\/p>\n<blockquote><p>Il popolo sta prendendo coscienza della propria sovranit\u00e0, di essere la spina dorsale di nazioni indipendenti che non devono per forza essere parte di un movimento globalista e globalizzante. \u00abE questa \u00e8 un ottima cosa, per l\u2019Italia ad esempio si \u00e8 compiuto un passo nella direzione che favorisce la gente. Siamo contenti\u00bb. Secondo il veterano allo stato attuale le nazioni europe non hanno l\u2019obbligo di essere parte di una entit\u00e0 sovranazionale come la Ue che ha dimostrato \u2013 specie in alcuni specifici casi come l\u2019Italia \u2013 \u00abdi esigere pi\u00f9 di quanto offra\u00bb. \u00abNon mi sembra che Bruxelles abbia fatto molto per i popoli europei fuorch\u00e9 creare una burocrazia pesante comandata dai soliti noti. Sta emergendo una nuova visione dell\u2019Europa e con questo passo ci saranno interessanti scenari di cooperazione con l\u2019America di Trump\u00bb.<\/p><\/blockquote>\n<p>Musica per le orecchie innanzitutto di Salvini e della Meloni, che sono sempre stati su queste posizioni. Ma anche di Grillo che in passato non ha esitato a sparare sulla Ue e sulla globalizzazione e ad allearsi con Farage.<\/p>\n<p>La strada sembra spalancata per un atteso e fino alla scora primavera insperato sdoganamento internazionale.<\/p>\n<p>E il Movimento 5 Stelle cosa fa? Anzich\u00e9 mettersi in scia e godersi il momento, cambia improvvisamente rotta prorpio a Bruxelles.<\/p>\n<p>Abbandona lo Ukip per allearsi con l\u2019Alleanza liberale del belga Verhofstadt, le cui idee sono antitetiche a quelle di Grillo e di Farage: pro Ue, pro globalizzazione; insomma un gruppo che affianca l\u2019establishment che ha governato finora.<\/p>\n<p>Grillo, incredibilmente, scende dal carro del vincitore. E contraddice se stesso, la propria storia, la propria identit\u00e0.<br \/>\nLo fa anche nei modi peggiori: lanciando senza preavviso e senza dibattito una consultazione interna nel week-end dell\u2019Epifania. E ottenendo il risultato pi\u00f9 ovvio: quello di spaccare il Movimento, di disamorare la base e molti sostenitori, di incrinare i rapporti con Farage e con Trump per abbracciare quell\u2019establishment e quei poteri forti che ha sempre dichiarato di voler combattere.<\/p>\n<p>Harakiri.<\/p>\n<p>Un\u2019ottima notizia per Salvini e la Meloni, che immagino, non mancheranno di ringraziare Grillo. Ma anche e forse soprattutto, per quell\u2019establishment che da un decennio cerca il modo di spaccare il Movimento, senza mai riuscirci, almeno finch\u00e8 era in vita Casaleggio. Sono passati pochi mesi ed \u00e8 bastata una trattativa segreta a Bruxelles per raggiungere quell\u2019obiettivo.<\/p>\n<p>Chiss\u00e0 se chi l\u2019ha voluta e l\u2019ha ideata ne \u00e8 consapevole.<\/p>\n<p><strong>fonte: <\/strong><a href=\"http:\/\/blog.ilgiornale.it\/foa\/2017\/01\/09\/grillo-ha-deciso-di-suicidarsi-chiedetevi-a-chi-conviene\/\" target=\"_blank\"><em>http:\/\/blog.ilgiornale.it\/foa\/2017\/01\/09\/grillo-ha-deciso-di-suicidarsi-chiedetevi-a-chi-conviene\/<\/em><\/a><\/p>\n","protected":false},"excerpt":{"rendered":"<p>di MARCELLO FOA Eh gi\u00e0, c\u2019\u00e8 chi decide di suicidarsi buttandosi gi\u00f9 da un ponte. E chi prendendo le decisioni sbagliate nel momento pi\u00f9 sbagliato, dimostrando una miopia politica cos\u00ec clamorosa da chiedersi se sia davvero solo il frutto di un errore di valutazione o se invece non sia voluta, con estrema e raffinata perfidia, per distruggere il Movimento 5 Stelle. Mettiamo in fila gli elementi. Il M5S ha combattutto una battaglia durissima contro il&#46;&#46;&#46;<\/p>\n","protected":false},"author":79,"featured_media":17249,"comment_status":"open","ping_status":"open","sticky":false,"template":"","format":"standard","meta":{"jetpack_post_was_ever_published":false,"_jetpack_newsletter_access":"","_jetpack_dont_email_post_to_subs":false,"_jetpack_newsletter_tier_id":0,"_jetpack_memberships_contains_paywalled_content":false,"_jetpack_memberships_contains_paid_content":false,"footnotes":"","jetpack_publicize_message":"","jetpack_publicize_feature_enabled":true,"jetpack_social_post_already_shared":true,"jetpack_social_options":{"image_generator_settings":{"template":"highway","enabled":false},"version":2}},"categories":[32],"tags":[],"jetpack_publicize_connections":[],"jetpack_featured_media_url":"https:\/\/appelloalpopolo.it\/wp-content\/uploads\/2016\/09\/marcello-foa.jpg","jetpack_sharing_enabled":true,"jetpack_shortlink":"https:\/\/wp.me\/p7ZaJ4-77z","_links":{"self":[{"href":"https:\/\/appelloalpopolo.it\/index.php?rest_route=\/wp\/v2\/posts\/27377"}],"collection":[{"href":"https:\/\/appelloalpopolo.it\/index.php?rest_route=\/wp\/v2\/posts"}],"about":[{"href":"https:\/\/appelloalpopolo.it\/index.php?rest_route=\/wp\/v2\/types\/post"}],"author":[{"embeddable":true,"href":"https:\/\/appelloalpopolo.it\/index.php?rest_route=\/wp\/v2\/users\/79"}],"replies":[{"embeddable":true,"href":"https:\/\/appelloalpopolo.it\/index.php?rest_route=%2Fwp%2Fv2%2Fcomments&post=27377"}],"version-history":[{"count":1,"href":"https:\/\/appelloalpopolo.it\/index.php?rest_route=\/wp\/v2\/posts\/27377\/revisions"}],"predecessor-version":[{"id":27378,"href":"https:\/\/appelloalpopolo.it\/index.php?rest_route=\/wp\/v2\/posts\/27377\/revisions\/27378"}],"wp:featuredmedia":[{"embeddable":true,"href":"https:\/\/appelloalpopolo.it\/index.php?rest_route=\/wp\/v2\/media\/17249"}],"wp:attachment":[{"href":"https:\/\/appelloalpopolo.it\/index.php?rest_route=%2Fwp%2Fv2%2Fmedia&parent=27377"}],"wp:term":[{"taxonomy":"category","embeddable":true,"href":"https:\/\/appelloalpopolo.it\/index.php?rest_route=%2Fwp%2Fv2%2Fcategories&post=27377"},{"taxonomy":"post_tag","embeddable":true,"href":"https:\/\/appelloalpopolo.it\/index.php?rest_route=%2Fwp%2Fv2%2Ftags&post=27377"}],"curies":[{"name":"wp","href":"https:\/\/api.w.org\/{rel}","templated":true}]}}