{"id":27666,"date":"2017-01-21T08:00:54","date_gmt":"2017-01-21T07:00:54","guid":{"rendered":"http:\/\/appelloalpopolo.it\/?p=27666"},"modified":"2017-01-20T20:32:36","modified_gmt":"2017-01-20T19:32:36","slug":"euro-o-fiscal-compact-rien-ne-va-plus-no","status":"publish","type":"post","link":"https:\/\/appelloalpopolo.it\/?p=27666","title":{"rendered":"Euro o Fiscal Compact? Rien ne va plus? No."},"content":{"rendered":"<p><strong>di GUSTAVO PIGA<\/strong><\/p>\n<p>Ora che l\u2019euro \u00e8 pronto ad essere mollato anche dal President Elect Trump, ora che la Brexit \u00e8 \u201chard\u201d (dura), ora che Grillo pro-euro \u00e8 diventato in 1 giorno Grillo anti-euro, si scaldano i muscoli di quelli del \u201cprepararsi all\u2019uscita ordinata\u201d dalla valuta comune. Che ci chiedono di cessare dal difendere a tutti i costi l\u2019euro e di mollare la sua difesa ad oltranza, di smettere di assalire il vero responsabile, l\u2019austerit\u00e0, lasciandosi andare al coro crescente (seppur sempre piccolo) della casta dei noeurini della liretta.<\/p>\n<p>*<\/p>\n<p>Manco morto.<\/p>\n<p>*<\/p>\n<p>Non vedo perch\u00e9 prepararsi ad una uscita ordinata: cosa vi \u00e8 stato di disordinato in Brexit? Si \u00e8 lottato, si \u00e8 vinto, si \u00e8 perso, si \u00e8 deciso, si \u00e8 fatto. Quindi smettiamola con questa ipocrisia del \u201cprepararsi\u201d: tipo \u201cprepariamoci alla sconfitta\u201d, un modo geniale per perdere in anticipo. Se e quando \u201cperderemo\u201d (non perderemo) usciremo dall\u2019euro, al diavolo l\u2019ordine o il disordine.<\/p>\n<p>Il \u201cprepararsi all\u2019uscita\u201d \u00e8 stato uno dei tanti modi con cui la casta dei noeurini ha deciso di scusarsi dalla battaglia per salvare l\u2019Europa tramite la rimozione del Fiscal Compact e dell\u2019austerit\u00e0. Non che non si possa vincere ancora quella battaglia, in particolare non apponendo la firma al Fiscal Compact nei Trattati a fine anno, ma la loro responsabilit\u00e0 rimarr\u00e0 negli annali: avrebbero potuto aiutare in maniera importante nella causa contro l\u2019austerit\u00e0.<\/p>\n<p>Perch\u00e9 non lo hanno fatto? In parte per ignoranza (quelli del \u201cnon si pu\u00f2 fare perch\u00e9 non si risolverebbe il vincolo esterno\u201d, incomprensibile, 3-), in parte per nazionalismo (quelli del \u201cvogliamo la lira e l\u2019Italia sovrana\u201d, comprensibilissimo, 8+), in parte per oggettiva sofferenza frustrata, generata da questa Europa (quelli dell\u2019\u201dandate tutti a farvi fottere\u201d, ci sta, 6).<\/p>\n<p>*<\/p>\n<p>Ogni novit\u00e0 che indebolisce l\u2019Europa, (Grillo, Trump, Brexit) ha questo di straordinario: che aumenta la probabilit\u00e0 della fine dell\u2019euro e quella si generino gli anticorpi per salvare l\u2019euro. Un paradosso? No.<\/p>\n<p>Ci sono infatti sempre state 3 strade per il futuro europeo: rimanere con l\u2019austerit\u00e0 nell\u2019euro, rinunciare all\u2019austerit\u00e0 o rinunciare all\u2019euro. Tutto ci\u00f2 che diminuisce la probabilit\u00e0 di rimanere con l\u2019austerit\u00e0 nell\u2019euro (come Grillo, Brexit, Trump), aumenta contemporaneamente le altre due probabilit\u00e0, che si abbandoni l\u2019euro o l\u2019austerit\u00e0.<\/p>\n<p>*<\/p>\n<p>Una battaglia, quella contro l\u2019austerit\u00e0, che sarebbe a questo punto stata gi\u00e0 vinta se la casta dei noeurini avesse cessato dal difendere a tutti i costi la liretta e di mollare la sua difesa ad oltranza, preparandosi per un futuro senza Fiscal Compact n\u00e9 austerit\u00e0.<\/p>\n<p>Frase gi\u00e0 sentita?<\/p>\n<p>Gi\u00e0, \u00e8 la stessa cosa che si chiede a noi che crediamo nell\u2019euro e combattiamo l\u2019austerit\u00e0. La conseguenza logica? Non mollano loro, i noeurini, come non mollo io, l\u2019anti austerit\u00e0.<\/p>\n<p>L\u2019onore va a chi di loro non ha mollato perch\u00e9 vuole vivere in un\u2019Italia sovrana con la sua moneta. La comprensione va a chi ha considerato l\u2019euro il capro espiatorio delle proprie sofferenze economiche. La risata va verso chi, senza soffrire e senza un patriottismo comprovato nel proprio passato, l\u2019ha fatto per dimostrare che la propria teoria economica del vincolo esterno era giusta (ps: \u00e8 sbagliata).<\/p>\n<p>E ora? Rien ne va plus, aspettiamo che la pallina si fermi? Oh no, se si combatte, si piega la fortuna alle proprie battaglie, e la probabilit\u00e0 di vincere cresce.<\/p>\n<p><strong>Fonte:<a href=\"http:\/\/www.gustavopiga.it\">http:\/\/www.gustavopiga.it<\/a><\/strong><\/p>\n","protected":false},"excerpt":{"rendered":"<p>di GUSTAVO PIGA Ora che l\u2019euro \u00e8 pronto ad essere mollato anche dal President Elect Trump, ora che la Brexit \u00e8 \u201chard\u201d (dura), ora che Grillo pro-euro \u00e8 diventato in 1 giorno Grillo anti-euro, si scaldano i muscoli di quelli del \u201cprepararsi all\u2019uscita ordinata\u201d dalla valuta comune. Che ci chiedono di cessare dal difendere a tutti i costi l\u2019euro e di mollare la sua difesa ad oltranza, di smettere di assalire il vero responsabile, l\u2019austerit\u00e0,&#46;&#46;&#46;<\/p>\n","protected":false},"author":77,"featured_media":18883,"comment_status":"open","ping_status":"open","sticky":false,"template":"","format":"standard","meta":{"jetpack_post_was_ever_published":false,"_jetpack_newsletter_access":"","_jetpack_dont_email_post_to_subs":false,"_jetpack_newsletter_tier_id":0,"_jetpack_memberships_contains_paywalled_content":false,"_jetpack_memberships_contains_paid_content":false,"footnotes":"","jetpack_publicize_message":"","jetpack_publicize_feature_enabled":true,"jetpack_social_post_already_shared":true,"jetpack_social_options":{"image_generator_settings":{"template":"highway","enabled":false},"version":2}},"categories":[32],"tags":[],"jetpack_publicize_connections":[],"jetpack_featured_media_url":"https:\/\/appelloalpopolo.it\/wp-content\/uploads\/2016\/10\/G.Piga_-1.jpeg","jetpack_sharing_enabled":true,"jetpack_shortlink":"https:\/\/wp.me\/p7ZaJ4-7ce","_links":{"self":[{"href":"https:\/\/appelloalpopolo.it\/index.php?rest_route=\/wp\/v2\/posts\/27666"}],"collection":[{"href":"https:\/\/appelloalpopolo.it\/index.php?rest_route=\/wp\/v2\/posts"}],"about":[{"href":"https:\/\/appelloalpopolo.it\/index.php?rest_route=\/wp\/v2\/types\/post"}],"author":[{"embeddable":true,"href":"https:\/\/appelloalpopolo.it\/index.php?rest_route=\/wp\/v2\/users\/77"}],"replies":[{"embeddable":true,"href":"https:\/\/appelloalpopolo.it\/index.php?rest_route=%2Fwp%2Fv2%2Fcomments&post=27666"}],"version-history":[{"count":1,"href":"https:\/\/appelloalpopolo.it\/index.php?rest_route=\/wp\/v2\/posts\/27666\/revisions"}],"predecessor-version":[{"id":27667,"href":"https:\/\/appelloalpopolo.it\/index.php?rest_route=\/wp\/v2\/posts\/27666\/revisions\/27667"}],"wp:featuredmedia":[{"embeddable":true,"href":"https:\/\/appelloalpopolo.it\/index.php?rest_route=\/wp\/v2\/media\/18883"}],"wp:attachment":[{"href":"https:\/\/appelloalpopolo.it\/index.php?rest_route=%2Fwp%2Fv2%2Fmedia&parent=27666"}],"wp:term":[{"taxonomy":"category","embeddable":true,"href":"https:\/\/appelloalpopolo.it\/index.php?rest_route=%2Fwp%2Fv2%2Fcategories&post=27666"},{"taxonomy":"post_tag","embeddable":true,"href":"https:\/\/appelloalpopolo.it\/index.php?rest_route=%2Fwp%2Fv2%2Ftags&post=27666"}],"curies":[{"name":"wp","href":"https:\/\/api.w.org\/{rel}","templated":true}]}}