{"id":27674,"date":"2017-01-21T11:15:04","date_gmt":"2017-01-21T10:15:04","guid":{"rendered":"http:\/\/appelloalpopolo.it\/?p=27674"},"modified":"2017-01-21T00:14:21","modified_gmt":"2017-01-20T23:14:21","slug":"lultimo-tango-di-macri","status":"publish","type":"post","link":"https:\/\/appelloalpopolo.it\/?p=27674","title":{"rendered":"L\u2019ultimo tango di Macri"},"content":{"rendered":"<p>di <strong>L&#8217;INTELLETTUALE DISSIDENTE (Andrea Muratore<\/strong>)<\/p>\n<p><em>L\u2019Argentina di Mauricio Macri, il leader politico che ha inaugurato la \u201ccontrorivoluzione\u201d continentale che ha messo alle strette l\u2019esperienza bolivariana, vive oggi una profonda crisi.<\/em><\/p>\n<p>Nella storia recente dell\u2019Argentina si pu\u00f2 leggere la caleidoscopica sequela di eventi che sta caratterizzando negli ultimi anni l\u2019America Latina. Il paese pi\u00f9 meridionale del Sud America, infatti, \u00e8 stato teatro della prima, seria d\u00e9b\u00e2cle elettorale dei regimi politici aderenti all\u2019ideologia del <a href=\"http:\/\/www.circoloproudhon.it\/shop\/il-socialismo-del-xxi-secolo\/\" target=\"_blank\">\u201csocialismo del XXI secolo\u201d<\/a>, ma al tempo stesso vive oggi <strong>problemi di ampissima portata<\/strong> a causa della deficitaria gestione a cui \u00e8 sottoposta ad opera dei nuovi governanti.\u00a0La vittoria di <strong>Mauricio Macri<\/strong> alle elezioni presidenziali argentine del novembre 2015 \u00e8 stata ottenuta dal leader della coalizione <em>Cambiemos <\/em>sulla scia delle tensioni e delle difficolt\u00e0 che avevano caratterizzato l\u2019ultimo biennio della presidenza di Cristina Fernandez de Kirchner, che succedendo al marito Nestor nel 2007 ha completato un dodicennio di governo <a href=\"https:\/\/www.google.it\/url?sa=t&amp;rct=j&amp;q=&amp;esrc=s&amp;source=web&amp;cd=1&amp;cad=rja&amp;uact=8&amp;ved=0ahUKEwj5-tqbi8zRAhXmIsAKHYGDAcAQFggaMAA&amp;url=http%3A%2F%2Fwww.lintellettualedissidente.it%2Festeri-3%2Fbilancio-sul-kirchnerismo%2F&amp;usg=AFQjCNGmi2gYimilvuDW2Na4TEWqIlMlGA&amp;sig2=-2Ej8d_jynAH2eiUEhZBOg&amp;bvm=bv.144224172,d.ZGg\" target=\"_blank\">denso di significati avvenimenti<\/a> finendo poi per fallire proprio nella determinazione di un\u2019adeguata successione politica.<\/p>\n<p>Macri ha guidato una<strong> vera e propria \u201ccontrorivoluzione\u201d<\/strong> affermandosi sul candidato del <em>Partido Jusiticalista <\/em>Daniel Scioli sfruttando tutte le ambiguit\u00e0 che, in Argentina come nel resto del continente, hanno bloccato il completo dispiegamento delle politiche riformiste dei regimi del \u201csocialismo del XXI secolo\u201d: in primo luogo, <strong>Macri ha infatti conquistato le nuove classi medie di recente formazione<\/strong>, figlie della crescita economica seguita al drammatico default del 2001 e turbate dall\u2019inizio di un periodo di recessione dopo l\u2019esaurimento dell\u2019intensa <em>decade dorada <\/em>di sviluppo economico e sociale intercorsa tra il 2003 e il 2013; di conseguenza, egli ha sfruttato ampiamente la difficolt\u00e0 affrontata dal governo kirchnerista nello svincolare il sistema economico nazionale dalla <a href=\"https:\/\/www.google.it\/url?sa=t&amp;rct=j&amp;q=&amp;esrc=s&amp;source=web&amp;cd=1&amp;cad=rja&amp;uact=8&amp;ved=0ahUKEwijs5HtjMzRAhXmKsAKHUtZAZYQFggaMAA&amp;url=http%3A%2F%2Fwww.lintellettualedissidente.it%2Festeri-3%2Fil-bolivarismo-oltre-lestrattivismo%2F&amp;usg=AFQjCNFVk1I0O4ep4t-JEAxA2OONljy9ww&amp;sig2=RDZP5GV74Q5f2Q8O2f-pJA&amp;bvm=bv.144224172,d.ZGg\" target=\"_blank\">dipendenza dal tradizionale dogma \u201cestrattivista\u201d<\/a> e nell\u2019operare una diversificazione generalizzata, cosa che in una <strong>fase di crollo dei prezzi delle <em>commodities<\/em><\/strong>sui mercati internazionali ha pregiudicato l\u2019azione di molti governi latinoamericani aggravandone la crisi. Altro punto da non sottovalutare \u00e8 stata la presa di posizione compiuta da Macri contro la corruzione dilagante a tutti i livelli nel sistema governativo argentino, contro la quale entrambi i coniugi Kirchner hanno intrapreso azioni poco incisive.<\/p>\n<p>A un anno dall\u2019insediamento alla presidenza, <strong>il grande bluff<\/strong> su cui si fondava l\u2019ambizione politica dell\u2019attuale inquilino della Casa Rosada, che puntava fortemente il dito contro le politiche di assistenza sociale dei Kirchner e propugnava mosse di chiaro <strong>stampo neoliberista e una netta deregolamentazione economica<\/strong> <strong>e finanziaria<\/strong> come chiave della ripresa del paese, \u00e8 stato ampiamente svelato. <a href=\"https:\/\/www.google.it\/url?sa=t&amp;rct=j&amp;q=&amp;esrc=s&amp;source=web&amp;cd=8&amp;cad=rja&amp;uact=8&amp;ved=0ahUKEwj2l-uTj8zRAhWEsxQKHeRGCl0QFggxMAc&amp;url=http%3A%2F%2Fwww.lintellettualedissidente.it%2Festeri-3%2Fmacri-e-il-futuro-incerto-dellargentina%2F&amp;usg=AFQjCNHZaEWTJBs9oKV3wYSFZP4vpPKfEw&amp;sig2=3yXgo6FzsAqkmmE442UV2Q\" target=\"_blank\">Gi\u00e0 a sei mesi dall\u2019inizio della presidenza Macri<\/a>, l\u2019inefficacia della sua azione di governo si era palesata apertamente, tanto da <a href=\"http:\/\/espresso.repubblica.it\/plus\/articoli\/2016\/06\/09\/news\/mauricio-macri-il-presidente-italiano-fa-piangere-l-argentina-1.270765\" target=\"_blank\">spingere Miriam Lewin su <em>L\u2019Espresso<\/em><\/a> a definire il magnate di Buenos Aires come:<\/p>\n<blockquote><p>\u00abIl Presidente che ha fatto piangere l\u2019Argentina\u00bb: \u00abin pochi mesi Mauricio Macri\u00bb, scriveva a giugno la Lewin, \u00ab[\u2026] ha raso al suolo a suon di decreti l\u2019intera costruzione politica del kirchnerismo incentrata sui Diritti Umani e Civili e sulla pratica economica keynesiana a sostegno del mercato interno e del salario. [\u2026] Macri, con i suoi slogan sulla \u201crivoluzione dell\u2019allegria\u201d e sulla \u201cPovert\u00e0 zero\u201d aveva illuso di poter raddrizzare un\u2019economia zoppicante. In realt\u00e0 ha operato finora con l\u2019obiettivo di reinserire l\u2019Argentina all\u2019interno del circuito finanziario internazionale, seguendo i dettami classici dell\u2019ortodossia monetaria\u00bb<\/p><\/blockquote>\n<p>Procedendo verso il finire del 2016,<strong> il bilancio si \u00e8 ulteriormente aggravato<\/strong>, come dimostrato da un <a href=\"https:\/\/www.unisg.ch\/en\/wissen\/newsroom\/aktuell\/rssnews\/meinung\/2016\/dezember\/argentina-angelicarotondaro-nicolasmatthieu-22dezember2016\" target=\"_blank\">recente rapporto della dottoressa Ang\u00e9lica Rotondaro<\/a>, del <em>Saint Gallen Institute of Management in Latin America<\/em> (GIMLA), nel quale \u00e8 stato particolarmente forte l\u2019accenno alla presenza di un elevato tasso di disoccupazione (9,4%) associato a un parallelo incremento continuo del tasso di inflazione (giunto al 43,4 su base annua), dati negativi che <a href=\"http:\/\/www.telesurtv.net\/english\/news\/Macris-First-Year-Gave-Argentina-Highest-Inflation-in-14-Years-20170112-0012.html\" target=\"_blank\">TeleSur ricorda essere al loro apice<\/a> da quattordici anni a questa parte. Oltre alla negativa congiuntura macroeconomica, Macri \u00e8 accusato anche delle <strong>crescenti fratture<\/strong> che stanno significativamente contraddistinguendo la societ\u00e0 e la politica argentina: se infatti nel corso dei primi mesi del suo governo egli \u00e8 riuscito pi\u00f9 volte a costituire un asse con la componente antikirchnerista del Partido Justicialista guidata da Sergio Massa, che ha consentito l\u2019implementazione di diverse riforme in Parlamento, <strong><a href=\"http:\/\/www.businessinsider.com\/r-macri-honeymoon-with-argentinas-congress-appears-over-after-first-year-2016-12?IR=T\" target=\"_blank\">la luna di miele tra <em>Cambiemos <\/em>e gli \u201calleati di complemento\u201d si \u00e8 rapidamente esaurita<\/a><\/strong>, vista la volont\u00e0 di Massa di dettare un\u2019agenda meno squilibrata in vista del voto per il rinnovo dell\u2019assemblea legislativa previsto nel 2017. Al tempo stesso, la persecuzione giudiziaria contro Milagro Sala, attivista fondatrice del movimento Tupac Amaru che si batte per i diritti delle popolazioni native e delle fasce meno abbienti della popolazione, e la <a href=\"https:\/\/www.google.it\/url?sa=t&amp;rct=j&amp;q=&amp;esrc=s&amp;source=web&amp;cd=14&amp;cad=rja&amp;uact=8&amp;ved=0ahUKEwjv_YCLlszRAhVMCsAKHW0_AWUQFghrMA0&amp;url=http%3A%2F%2Fwww.bbc.com%2Fnews%2Fworld-latin-america-36892770&amp;usg=AFQjCNGrSQcSEouUCqvLEekr_A2lAbSrFQ&amp;sig2=FyCyDNzOfl7BaRhS5Nz84Q\" target=\"_blank\">battaglia delle popolazioni mapuche contro le politiche energetiche di Macri<\/a>, aperto fautore del <em>fracking, <\/em>sono paradigmatiche degli squilibri interni della nuova Argentina che, in poco meno di un anno, si trova in una situazione pericolosamente simile a quella sperimentata nei disastrosi anni Novanta.<\/p>\n<p>La condizione in cui si trova l\u2019Argentina ha chiarito apertamente all\u2019America Latina come la risposta alla crisi dei governi populisti maggioritari dall\u2019inizio del XXI secolo non passi affatto per un completo ritorno al passato, con lo slittamento all\u2019indietro delle lancette della Storia verso la condizione, vista col senno di poi a dir poco deplorevole, in cui il continente aveva affrontato <strong>gli Anni Novanta<\/strong>. Se l\u2019Argentina, in ogni caso, ha aperto la crisi dei populismi latinoamericani, <a href=\"http:\/\/www.lintellettualedissidente.it\/esteri-3\/ecuador-stress-test-per-la-revolucion-ciudadana\/\" target=\"_blank\"><strong>l\u2019Ecuador<\/strong> potrebbe certificare tanto il suo decisivo aggravamento quanto l\u2019esistenza di spiragli di riscatto<\/a>: nelle imminenti elezioni presidenziali, infatti, le forze del \u201csocialismo del XXI secolo\u201d puntano a conquistare la loro prima importante affermazione elettorale da due anni a questa parte in un clima a dir poco complesso. Esperienze come quelle della Bolivia e del\u00a0Nicaragua insegnano che la parabola storica del \u201csocialismo del XXI secolo\u201d non \u00e8 affatto conclusa.<\/p>\n<p>I governi ad esso aderenti, in ogni caso,<strong> dovranno essere<\/strong> <strong>in grado di riqualificare i loro obiettivi,<\/strong> mentre al contempo le forze politiche estromesse dal potere dovranno dimostrare originalit\u00e0 e profondit\u00e0 di visione al fine di presentare piattaforme progressiste che sappiano portare a una riconquista dei consensi in sede elettorale. In Argentina, questa strada passer\u00e0 inevitabilmente per il prossimo, cruciale, appuntamento elettorale: il prossimo ottobre (precedute da primarie in agosto) <strong>si terranno infatti le lezioni legislative<\/strong>con cui verr\u00e0 rinnovato un terzo del Senato per il periodo 2017-2023 e la met\u00e0 della Camera per il periodo 2017-2021. Questo test sar\u00e0 decisivo per conoscere le possibilit\u00e0 di riscatto del <em>Partido Justicialista <\/em>e, soprattutto, le capacit\u00e0 di reazione della sua leadership dopo l\u2019uscita della sua principale rappresentante dalla Casa Rosada e il flop alle presidenziali del 2015, nonch\u00e9 la capacit\u00e0 di costituzione di una piattaforma alternativa a quella di un Presidente che, scegliendo ottusamente la via del <strong>conformismo neoliberista<\/strong>, ha avviato il suo mandato in maniera fallimentare e ora appare pi\u00f9 che mai in balia degli eventi.<\/p>\n<p><strong>Fonte:\u00a0<a href=\"http:\/\/www.lintellettualedissidente.it\/esteri-3\/lultimo-tango-di-macri\/\">http:\/\/www.lintellettualedissidente.it\/esteri-3\/lultimo-tango-di-macri\/<\/a><\/strong><\/p>\n<p>&nbsp;<\/p>\n","protected":false},"excerpt":{"rendered":"<p>di L&#8217;INTELLETTUALE DISSIDENTE (Andrea Muratore) L\u2019Argentina di Mauricio Macri, il leader politico che ha inaugurato la \u201ccontrorivoluzione\u201d continentale che ha messo alle strette l\u2019esperienza bolivariana, vive oggi una profonda crisi. Nella storia recente dell\u2019Argentina si pu\u00f2 leggere la caleidoscopica sequela di eventi che sta caratterizzando negli ultimi anni l\u2019America Latina. Il paese pi\u00f9 meridionale del Sud America, infatti, \u00e8 stato teatro della prima, seria d\u00e9b\u00e2cle elettorale dei regimi politici aderenti all\u2019ideologia del \u201csocialismo del XXI&#46;&#46;&#46;<\/p>\n","protected":false},"author":80,"featured_media":17413,"comment_status":"open","ping_status":"open","sticky":false,"template":"","format":"standard","meta":{"jetpack_post_was_ever_published":false,"_jetpack_newsletter_access":"","_jetpack_dont_email_post_to_subs":false,"_jetpack_newsletter_tier_id":0,"_jetpack_memberships_contains_paywalled_content":false,"_jetpack_memberships_contains_paid_content":false,"footnotes":"","jetpack_publicize_message":"","jetpack_publicize_feature_enabled":true,"jetpack_social_post_already_shared":true,"jetpack_social_options":{"image_generator_settings":{"template":"highway","enabled":false},"version":2}},"categories":[32],"tags":[],"jetpack_publicize_connections":[],"jetpack_featured_media_url":"https:\/\/appelloalpopolo.it\/wp-content\/uploads\/2016\/09\/intellettuale-dissidente-e1474974730908.jpg","jetpack_sharing_enabled":true,"jetpack_shortlink":"https:\/\/wp.me\/p7ZaJ4-7cm","_links":{"self":[{"href":"https:\/\/appelloalpopolo.it\/index.php?rest_route=\/wp\/v2\/posts\/27674"}],"collection":[{"href":"https:\/\/appelloalpopolo.it\/index.php?rest_route=\/wp\/v2\/posts"}],"about":[{"href":"https:\/\/appelloalpopolo.it\/index.php?rest_route=\/wp\/v2\/types\/post"}],"author":[{"embeddable":true,"href":"https:\/\/appelloalpopolo.it\/index.php?rest_route=\/wp\/v2\/users\/80"}],"replies":[{"embeddable":true,"href":"https:\/\/appelloalpopolo.it\/index.php?rest_route=%2Fwp%2Fv2%2Fcomments&post=27674"}],"version-history":[{"count":1,"href":"https:\/\/appelloalpopolo.it\/index.php?rest_route=\/wp\/v2\/posts\/27674\/revisions"}],"predecessor-version":[{"id":27675,"href":"https:\/\/appelloalpopolo.it\/index.php?rest_route=\/wp\/v2\/posts\/27674\/revisions\/27675"}],"wp:featuredmedia":[{"embeddable":true,"href":"https:\/\/appelloalpopolo.it\/index.php?rest_route=\/wp\/v2\/media\/17413"}],"wp:attachment":[{"href":"https:\/\/appelloalpopolo.it\/index.php?rest_route=%2Fwp%2Fv2%2Fmedia&parent=27674"}],"wp:term":[{"taxonomy":"category","embeddable":true,"href":"https:\/\/appelloalpopolo.it\/index.php?rest_route=%2Fwp%2Fv2%2Fcategories&post=27674"},{"taxonomy":"post_tag","embeddable":true,"href":"https:\/\/appelloalpopolo.it\/index.php?rest_route=%2Fwp%2Fv2%2Ftags&post=27674"}],"curies":[{"name":"wp","href":"https:\/\/api.w.org\/{rel}","templated":true}]}}