{"id":27732,"date":"2017-01-23T23:08:16","date_gmt":"2017-01-23T22:08:16","guid":{"rendered":"http:\/\/appelloalpopolo.it\/?p=27732"},"modified":"2017-01-23T23:33:09","modified_gmt":"2017-01-23T22:33:09","slug":"i-negoziati-di-astana","status":"publish","type":"post","link":"https:\/\/appelloalpopolo.it\/?p=27732","title":{"rendered":"I negoziati di Astana"},"content":{"rendered":"<p style=\"text-align: justify;\"><img loading=\"lazy\" decoding=\"async\" class=\"alignnone size-medium wp-image-27734\" src=\"http:\/\/appelloalpopolo.it\/wp-content\/uploads\/2017\/01\/erdogan-putin-300x196.jpg\" alt=\"\" width=\"300\" height=\"196\" srcset=\"https:\/\/appelloalpopolo.it\/wp-content\/uploads\/2017\/01\/erdogan-putin-300x196.jpg 300w, https:\/\/appelloalpopolo.it\/wp-content\/uploads\/2017\/01\/erdogan-putin.jpg 682w\" sizes=\"(max-width: 300px) 100vw, 300px\" \/><\/p>\n<p style=\"text-align: justify;\">Le notizie sui negoziati di Astana consentono di svolgere qualche riflessione.<\/p>\n<p style=\"text-align: justify;\">Il dato pi\u00f9 rilevante \u00e8 l&#8217;assenza delle Unit\u00e0 di protezione del popolo curde. Nessuno dei partecipanti le ha volute. Non Assad, perch\u00e9 il governo \u00e8 contrario ad un assetto federale, non la Turchia, perch\u00e9 esse sono il principale nemico della Turchia e non l&#8217;Iran. La Russia ha dovuto quindi accettare l&#8217;esclusione. Ne deriva che il 18% del territorio di quella che fu la Siria, controllato dalle Unit\u00e0 di protezione del popolo, \u00e8 escluso dalle trattative. Chi vorr\u00e0 dovr\u00e0 riconquistare quel territorio con un&#8217;altra guerra o meglio, proseguendo la guerra.<\/p>\n<p style=\"text-align: justify;\">Ovviamente \u00e8 escluso anche lo Stato Islamico, che controlla circa il 35% del territorio, esattamente come il governo di Assad. Perci\u00f2 le trattative riguardano, al pi\u00f9, l&#8217;assetto del 47% del territorio &#8220;siriano&#8221;: le virgolette sono necessarie, perch\u00e9 niente lascia presagire che la tragica vicenda siriana finir\u00e0, almeno nell&#8217;immediato, con la ricostituzione di uno Stato siriano che si estenda per tutto l&#8217;antico territorio. Per sottrarre allo Stato Islamico il vastissimo territorio che esso controlla, sar\u00e0 necessaria un&#8217;altra guerra o comunque continuare la guerra. Se l&#8217;organizzazione dello Stato Islamico non sar\u00e0 nel frattempo riuscita a penetrare la societ\u00e0, la riconquista potrebbe essere relativamente facile, se invece sar\u00e0 riuscita (per intenderci, se tutti o quasi tutti i giovani che avevano 16, 15, 14 e 13 anni nel 2013, sono stati indottrinati e fidelizzati alla ideologia del Califfato e al compimento dei 17 anni sono diventati guerrieri), la guerra sar\u00e0 ancora molto lunga.<\/p>\n<p style=\"text-align: justify;\">Infine, complessivamente, le innumerevoli milizie islamiche islamiste e comunque sunnite, controllano soltanto il 12% del territorio &#8220;siriano&#8221;. Tra esse, Jabhat al fatah al sham\u00a0\u00e8 stata esclusa dai negoziati e Ahrar al sham, che era stata inizialmente invitata, dopo essere persino incappata in scontri con\u00a0Jabhat al fatah al sham, sua alleata storica, non \u00e8 andata ad Astana ed ha dichiarato che accetter\u00e0 i risultati delle trattative soltanto se saranno &#8220;nell&#8217;interesse della nazione&#8221; (cosa voglia dire la formula non si sa). Pi\u00f9 in generale, delle sette alleanze tra milizie \u00a0invitate al momento dell&#8217;annuncio della tregua, quattro sembra si siano ritirate per protesta contro asserite violazioni della tregua da parte dell&#8217;esercito di Assad. Perci\u00f2, escluse le zone controllate dalle milizie filo-turche, anche altre parti del territorio siriano rischiano di restare occupate da milizie che non accetteranno i risultati delle trattative.<\/p>\n<p style=\"text-align: justify;\">Le trattative continueranno i primi di febbraio a Ginevra ma, ad analizzare i dati, pur senza essere esperti di diplomazia, sembra che non si debbano avere troppe speranze sul processo di pace.<\/p>\n","protected":false},"excerpt":{"rendered":"<p>Le notizie sui negoziati di Astana consentono di svolgere qualche riflessione. Il dato pi\u00f9 rilevante \u00e8 l&#8217;assenza delle Unit\u00e0 di protezione del popolo curde. Nessuno dei partecipanti le ha volute. Non Assad, perch\u00e9 il governo \u00e8 contrario ad un assetto federale, non la Turchia, perch\u00e9 esse sono il principale nemico della Turchia e non l&#8217;Iran. La Russia ha dovuto quindi accettare l&#8217;esclusione. Ne deriva che il 18% del territorio di quella che fu la Siria,&#46;&#46;&#46;<\/p>\n","protected":false},"author":2,"featured_media":27734,"comment_status":"open","ping_status":"open","sticky":false,"template":"","format":"standard","meta":{"jetpack_post_was_ever_published":false,"_jetpack_newsletter_access":"","_jetpack_dont_email_post_to_subs":true,"_jetpack_newsletter_tier_id":0,"_jetpack_memberships_contains_paywalled_content":false,"_jetpack_memberships_contains_paid_content":false,"footnotes":"","jetpack_publicize_message":"","jetpack_publicize_feature_enabled":true,"jetpack_social_post_already_shared":true,"jetpack_social_options":{"image_generator_settings":{"template":"highway","enabled":false},"version":2}},"categories":[6],"tags":[1793,5522,2008,5523,588],"jetpack_publicize_connections":[],"jetpack_featured_media_url":"https:\/\/appelloalpopolo.it\/wp-content\/uploads\/2017\/01\/erdogan-putin.jpg","jetpack_sharing_enabled":true,"jetpack_shortlink":"https:\/\/wp.me\/p7ZaJ4-7di","_links":{"self":[{"href":"https:\/\/appelloalpopolo.it\/index.php?rest_route=\/wp\/v2\/posts\/27732"}],"collection":[{"href":"https:\/\/appelloalpopolo.it\/index.php?rest_route=\/wp\/v2\/posts"}],"about":[{"href":"https:\/\/appelloalpopolo.it\/index.php?rest_route=\/wp\/v2\/types\/post"}],"author":[{"embeddable":true,"href":"https:\/\/appelloalpopolo.it\/index.php?rest_route=\/wp\/v2\/users\/2"}],"replies":[{"embeddable":true,"href":"https:\/\/appelloalpopolo.it\/index.php?rest_route=%2Fwp%2Fv2%2Fcomments&post=27732"}],"version-history":[{"count":2,"href":"https:\/\/appelloalpopolo.it\/index.php?rest_route=\/wp\/v2\/posts\/27732\/revisions"}],"predecessor-version":[{"id":27741,"href":"https:\/\/appelloalpopolo.it\/index.php?rest_route=\/wp\/v2\/posts\/27732\/revisions\/27741"}],"wp:featuredmedia":[{"embeddable":true,"href":"https:\/\/appelloalpopolo.it\/index.php?rest_route=\/wp\/v2\/media\/27734"}],"wp:attachment":[{"href":"https:\/\/appelloalpopolo.it\/index.php?rest_route=%2Fwp%2Fv2%2Fmedia&parent=27732"}],"wp:term":[{"taxonomy":"category","embeddable":true,"href":"https:\/\/appelloalpopolo.it\/index.php?rest_route=%2Fwp%2Fv2%2Fcategories&post=27732"},{"taxonomy":"post_tag","embeddable":true,"href":"https:\/\/appelloalpopolo.it\/index.php?rest_route=%2Fwp%2Fv2%2Ftags&post=27732"}],"curies":[{"name":"wp","href":"https:\/\/api.w.org\/{rel}","templated":true}]}}