{"id":28626,"date":"2017-02-21T08:00:57","date_gmt":"2017-02-21T07:00:57","guid":{"rendered":"http:\/\/appelloalpopolo.it\/?p=28626"},"modified":"2017-02-21T00:43:25","modified_gmt":"2017-02-20T23:43:25","slug":"non-e-rilevante-gramsci-la-conta-e-il-governo-tecnico-responsabile","status":"publish","type":"post","link":"https:\/\/appelloalpopolo.it\/?p=28626","title":{"rendered":"Non e&#8217; rilevante (Gramsci, la conta e il governo tecnico &#8220;responsabile&#8221;)"},"content":{"rendered":"<div>di <strong>ORIZZONTE48 (Luciano Barra Caracciolo)<\/strong><\/div>\n<div><\/div>\n<div>1. Tra le grandi questioni sulle quali trepidano, in questi giorni, telegiornali, radiogiornali e giornaloni, non v&#8217;\u00e8 nulla di veramente rilevante.<\/div>\n<div><b>Non \u00e8 rilevante che i partiti europeisti siano 5, 6, 7 o 8 <\/b>(magari, differenziando l&#8217;offerta mediante scissioni, riescono ad allargare il &#8220;bacino di utenza&#8221;).<\/div>\n<div>Tanto si alleeranno comunque tra di loro.<\/div>\n<div>Anche se qualcuno di questi dovesse rimanere fuori dall&#8217;alleanza perch\u00e9 non si vuole..alleare o perch\u00e9, magari, gli altri, messi tutti insieme, non hanno bisogno di spartire il potere e i suoi vantaggi anche con questo. <b>Ognuno<\/b> poi, si sa, <b>ha un suo &#8220;<i>altroeuropeismo<\/i><\/b>&#8220;, come operazione di marketing elettorale (privo di qualsiasi effetto concreto) e lo sfrutta come se fosse il brevetto su un prodotto offerto sul mercato elettorale.<\/div>\n<div><\/div>\n<div>2. Quindi <b>non \u00e8 rilevante se si voter\u00e0 con un tipo di legge elettorale o l&#8217;altra<\/b>: ci sar\u00e0 sempre, preventivamente o, pi\u00f9 probabilmente, dopo le elezioni, una <i>Gro\u00dfe Koalition<\/i>.<\/div>\n<div>E questa esisterebbe, per una necessit\u00e0 di autoconservazione pi\u00f9 o meno gi\u00e0 implicita e consapevole, anche se non venisse dichiarata prima delle elezioni.<\/div>\n<div>Chi oggi non ha gi\u00e0 fatto autocritica sull&#8217;adesione all&#8217;euro e sulle politiche del <a href=\"http:\/\/orizzonte48.blogspot.it\/2016\/09\/le-cos-prcipitanopercio-il-piano-va.html\">piano inclinato verso la distruzione<\/a> che esso comporta, <b>sa di poter vincere <\/b><a href=\"http:\/\/orizzonte48.blogspot.it\/2016\/07\/la-sovranita-democratica-costituzionale.html\"><b>la gramsciana &#8220;conta&#8221;<\/b> (qui, <\/a>p.3.1.), cio\u00e8 le <a href=\"http:\/\/orizzonte48.blogspot.it\/2016\/06\/luropeizzazione-idraulica-delle.html\">elezioni idrauliche <\/a> orwellianamente <a href=\"http:\/\/orizzonte48.blogspot.it\/2016\/02\/ogni-singolo-elemento-dellagenda.html\">mediatizzate<\/a>, <b>ma non di poter vincere il &#8220;dopo elezioni&#8221;.<\/b><\/div>\n<div><\/div>\n<div>3. E, quindi, con ogni probabilit\u00e0, come ogni volta che si deve distruggere in nome dell&#8217;\u20acuropa la sovranit\u00e0 e il benessere del popolo italiano, si far\u00e0 un <u><b>governo tecnico<\/b><\/u>, infarcito di<b> <a href=\"http:\/\/orizzonte48.blogspot.it\/2016\/05\/caffe-avvertiva-o-keynes-o-il.html\">appelli allo straniero <\/a><\/b><a href=\"http:\/\/orizzonte48.blogspot.it\/2016\/05\/caffe-avvertiva-o-keynes-o-il.html\">e di <\/a><b><a href=\"http:\/\/orizzonte48.blogspot.it\/2016\/05\/caffe-avvertiva-o-keynes-o-il.html\">&#8220;esaltatori acritici degli scambi internazionali&#8221;<\/a> <\/b>nonch\u00e9 condito di<b> &#8220;unit\u00e0 nazional\u20ac&#8221;<\/b> e di<b> &#8220;r\u20acsponsabilit\u00e0&#8221;<\/b>.<\/div>\n<div><\/div>\n<div>4. Dunque <b>\u00e8 irrilevante<\/b> che si faccia passare come svolta &#8220;sociale&#8221; o addirittura keynesiana <b>la futura <a href=\"http:\/\/orizzonte48.blogspot.it\/2017\/02\/prodi-orfini-gli-investimenti.html\">concessione di redditi di inclusione o di varie forme di redditi di cittadinanza<\/a><\/b>.<\/div>\n<div>Questa misura \u00e8 comunque obbligata, nell&#8217;ottica della stessa necessit\u00e0 di autoconservazione, dalle <a href=\"http:\/\/orizzonte48.blogspot.it\/2017\/02\/corte-costituzionale-n7-del-2017-la.html\">ulteriori politiche economiche fiscali imposte comunque dall&#8217;europeismo<\/a>, tra solenni investiture di governo tecnico e magari qualche altro nuovo piantarello.<\/div>\n<div>E&#8217; irrilevante che ci si opponga o meno a ulteriori privatizzazioni quando sono la <a href=\"http:\/\/orizzonte48.blogspot.it\/2017\/02\/corte-costituzionale-n7-del-2017-la.html\">logica delle risorse scarse e del debito pubblico come causa della crisi economica italiana a dominare<\/a>.<\/div>\n<div><\/div>\n<div>5. Ed \u00e8 persino irrilevante che <b>la &#8220;beffa&#8221; di un governo tecnico<\/b> &#8211; che si succeda alle elezioni &#8220;politiche&#8221;, <a href=\"http:\/\/orizzonte48.blogspot.it\/2015\/04\/alla-vigilia-del-voto-sulla-nuova.html\">dopo un&#8217;intera legislatura (o quasi: la differenza \u00e8 anch&#8217;essa irrilevante) di governi supportati da maggioranze elette con una legge elettorale dichiarata incostituzionale<\/a>-, possa indicare che <b>nessuno pu\u00f2 vincere il dopo-elezioni<\/b>, perch\u00e9 nessuno pu\u00f2 pi\u00f9 esercitare <a href=\"http:\/\/orizzonte48.blogspot.it\/2016\/06\/uk-italia-e-la-sovranita-la-sua-ragion.html\">la sovranit\u00e0 e perseguire gli interessi generali del popolo italiano<\/a>, indicati dalle norme fondamentali della Costituzione.<\/div>\n<div>E&#8217; irrilevante perch\u00e9 la sovranit\u00e0 non esiste pi\u00f9 gi\u00e0 oggi, per rinuncia (illegittima) gi\u00e0 preventivamente compiuta e il dibattito politico \u00e8 solo un lunare susseguirsi di alibi preventivi, e di false prospettive di <i>concessioni<\/i>, per nascondere l&#8217;asfalto, con cui ricoprire definitivamente il benessere e la democrazia, che continuano a impastare senza alcuna remora o ripensamento.<\/div>\n<div><\/div>\n<div><strong>fonte:<\/strong> <a href=\"http:\/\/orizzonte48.blogspot.it\/2017\/02\/non-e-rilevante-gramsci-la-conta-e-il.html\">http:\/\/orizzonte48.blogspot.it\/2017\/02\/non-e-rilevante-gramsci-la-conta-e-il.html<\/a><\/div>\n","protected":false},"excerpt":{"rendered":"<p>di ORIZZONTE48 (Luciano Barra Caracciolo) 1. Tra le grandi questioni sulle quali trepidano, in questi giorni, telegiornali, radiogiornali e giornaloni, non v&#8217;\u00e8 nulla di veramente rilevante. Non \u00e8 rilevante che i partiti europeisti siano 5, 6, 7 o 8 (magari, differenziando l&#8217;offerta mediante scissioni, riescono ad allargare il &#8220;bacino di utenza&#8221;). Tanto si alleeranno comunque tra di loro. Anche se qualcuno di questi dovesse rimanere fuori dall&#8217;alleanza perch\u00e9 non si vuole..alleare o perch\u00e9, magari, gli&#46;&#46;&#46;<\/p>\n","protected":false},"author":78,"featured_media":17245,"comment_status":"open","ping_status":"open","sticky":false,"template":"","format":"standard","meta":{"jetpack_post_was_ever_published":false,"_jetpack_newsletter_access":"","_jetpack_dont_email_post_to_subs":false,"_jetpack_newsletter_tier_id":0,"_jetpack_memberships_contains_paywalled_content":false,"_jetpack_memberships_contains_paid_content":false,"footnotes":"","jetpack_publicize_message":"","jetpack_publicize_feature_enabled":true,"jetpack_social_post_already_shared":true,"jetpack_social_options":{"image_generator_settings":{"template":"highway","enabled":false},"version":2}},"categories":[32],"tags":[],"jetpack_publicize_connections":[],"jetpack_featured_media_url":"https:\/\/appelloalpopolo.it\/wp-content\/uploads\/2016\/09\/20140630125224viareggio1.flv.flv1_.jpg","jetpack_sharing_enabled":true,"jetpack_shortlink":"https:\/\/wp.me\/p7ZaJ4-7rI","_links":{"self":[{"href":"https:\/\/appelloalpopolo.it\/index.php?rest_route=\/wp\/v2\/posts\/28626"}],"collection":[{"href":"https:\/\/appelloalpopolo.it\/index.php?rest_route=\/wp\/v2\/posts"}],"about":[{"href":"https:\/\/appelloalpopolo.it\/index.php?rest_route=\/wp\/v2\/types\/post"}],"author":[{"embeddable":true,"href":"https:\/\/appelloalpopolo.it\/index.php?rest_route=\/wp\/v2\/users\/78"}],"replies":[{"embeddable":true,"href":"https:\/\/appelloalpopolo.it\/index.php?rest_route=%2Fwp%2Fv2%2Fcomments&post=28626"}],"version-history":[{"count":4,"href":"https:\/\/appelloalpopolo.it\/index.php?rest_route=\/wp\/v2\/posts\/28626\/revisions"}],"predecessor-version":[{"id":28632,"href":"https:\/\/appelloalpopolo.it\/index.php?rest_route=\/wp\/v2\/posts\/28626\/revisions\/28632"}],"wp:featuredmedia":[{"embeddable":true,"href":"https:\/\/appelloalpopolo.it\/index.php?rest_route=\/wp\/v2\/media\/17245"}],"wp:attachment":[{"href":"https:\/\/appelloalpopolo.it\/index.php?rest_route=%2Fwp%2Fv2%2Fmedia&parent=28626"}],"wp:term":[{"taxonomy":"category","embeddable":true,"href":"https:\/\/appelloalpopolo.it\/index.php?rest_route=%2Fwp%2Fv2%2Fcategories&post=28626"},{"taxonomy":"post_tag","embeddable":true,"href":"https:\/\/appelloalpopolo.it\/index.php?rest_route=%2Fwp%2Fv2%2Ftags&post=28626"}],"curies":[{"name":"wp","href":"https:\/\/api.w.org\/{rel}","templated":true}]}}