{"id":29776,"date":"2017-04-05T11:00:34","date_gmt":"2017-04-05T09:00:34","guid":{"rendered":"http:\/\/appelloalpopolo.it\/?p=29776"},"modified":"2017-04-04T18:43:32","modified_gmt":"2017-04-04T16:43:32","slug":"oggi-lo-schiavismo-si-chiama-precarieta","status":"publish","type":"post","link":"https:\/\/appelloalpopolo.it\/?p=29776","title":{"rendered":"Il sistema di lavoro fondato sulla precariet\u00e0 \u00e8 un&#8217;organizzazione criminale"},"content":{"rendered":"<p>di <strong>L&#8217;ANTIDIPLOMATICO (Giorgio Cremaschi)<\/strong><\/p>\n<p>A Milano sulla metro mi ferma un giovane, impiegato in un magazzino della logistica. Io sono tra i privilegiati, mi dice, certo non come i facchini che stanno gi\u00f9 al carico scarico merci, per\u00f2 anche in ufficio il clima \u00e8 pesante. E mi racconta la storia dei punti della patente.<\/p>\n<p>Il capo ufficio si rivolge alla giovane impiegata, naturalmente assunta con un contratto precario, e le chiede con la massima naturalezza: senti puoi darmi gli estremi della tua patente? Alle timide perplessit\u00e0 della ragazza il capo risponde tranquillamente che \u00e8 per una infrazione in cui \u00e8 incorso guidando l&#8217;auto aziendale. \u00c8 arrivata una multa pesante che comporta danno alla patente. Visto che l&#8217;auto \u00e8 aziendale, nulla di male a scaricare il taglio dei punti sulla patente dell&#8217;impiegata, anche se questa non \u00e8 titolata ad usarla, \u00e8 spirito di collaborazione\u2026 che fa curriculum per la conferma a lavoro.<\/p>\n<p>La ragazza ha subito il ricatto? Ho chiesto alla fine, ma chi mi aveva raccontato l&#8217;episodio non \u00e8 stato in grado di darmi una risposta, non conosceva la conclusione.<\/p>\n<p>Pu\u00f2 sembrare una piccola cosa dover cedere la propria patente al capo, di fronte alla quantit\u00e0 di vergognosi ricatti che subiscono i lavoratori e ancora di pi\u00f9 le lavoratrici, a cui si pu\u00f2 impunemente dire: o accetti o quella \u00e8 la porta, dietro la quale c&#8217;\u00e8 la fila di chi aspetta il tuo posto. Tuttavia sono le piccole sopraffazioni che a volte ci danno il segno e la portata di quelle pi\u00f9 grandi, \u00e8 la violenza della precariet\u00e0 che colpisce i diritti e la stessa dignit\u00e0 delle sue vittime e assorbe il rapporto di lavoro in un ambiente di mafia.<\/p>\n<p>Immaginiamo poi quando la precariet\u00e0 dura all&#8217;infinito, quando con i trucchi permessi dalla stessa legge si \u00e8 precari a tempo indeterminato, cio\u00e8 ogni anno si deve subire l&#8217;esame di lavoro per continuare ad essere sfruttati e vessati. E non solo nel lavoro privato, ma anche in quello pubblico.<\/p>\n<p>Pochi giorni fa la USB ha indetto lo sciopero dei precari pubblici e una manifestazione a Roma sotto il ministero, manifestazione ben riuscita nonostante gli ostacoli posti dalla polizia. . Qui ho saputo da un lavoratore disperato che nella pubblica amministrazione ci sono persone precarie da pi\u00f9 di venti anni, per una retribuzione mensile oggi giunta a ben 580 euro lordi. Il tribunale di Nola, in Campania, funziona grazie a questi precari pi\u00f9 che ventennali che mandano avanti tutte le attivit\u00e0 di cancelleria. Come posso guardare crescere i miei figli negandogli una marea di cose, e subire anche l&#8217;umiliazione per cui ogni anno devo avere la conferma del contratto, altrimenti sono a casa? Che vita \u00e8 questa? Cos\u00ec quel lavoratore ha concluso il suo racconto mentre la rabbia tratteneva le lacrime.<\/p>\n<p>Il governo ha appena suonato la fanfara per qualche decimale di disoccupazione in meno e Gentiloni ha esaltato le riforme del mercato del lavoro che avrebbero permesso questo clamoroso risultato. Per questo, dopo aver abolito i voucher per evitare il referendum, stanno pensando di sostituirli con il contratto a chiamata, quello per cui si deve essere sempre a disposizione gratuita dell&#8217;azienda, in attesa di essere convocati per poche e sottopagate ore di lavoro.<\/p>\n<p>La precariet\u00e0 del lavoro marcia a tappe forzate verso lo schiavismo e le leggi che da trent&#8217;anni l&#8217;hanno autorizzata, incentivata, diffusa, hanno la stessa portata sociale e morale di quelle che nell&#8217;800 disciplinavano l&#8217;Asiento. Il mercato degli schiavi organizzato e pubblico che nelle Americhe veniva considerato un passo avanti rispetto a quello clandestino. Non si dice forse da trenta anni che le leggi sulla precariet\u00e0 servono a far emergere il lavoro nero? Questo del resto sostengono tutte le istituzioni della Unione Europea, per le quali la merce lavoro non deve essere sottoposta a vincoli e controlli che ne impediscano la libera concorrenza. Se c&#8217;\u00e8 disoccupazione \u00e8 perch\u00e9 il lavoro costa troppo, bisogna che la concorrenza tra le persone ne abbassi il prezzo fino a che le imprese non trovino conveniente assumere. \u00c8 la filosofia liberista della riduzione del costo del lavoro che dagli anni 80 ha ispirato tutte le leggi e tutti gli interventi sul mercato del lavoro delle istituzione europee e dei governi italiani.<\/p>\n<p>Negli anni 70 il contratto di assunzione era tempo indeterminato con l&#8217;articolo 18, salvo eccezioni che erano davvero tali. Il collocamento allora era pubblico e numerico, cio\u00e8 le imprese dovevano assumere seguendo le liste pubbliche di chi cercava occupazione, non servivano curricula o partite di calcetto. E la pubblica amministrazione non era sottoposta ai vincoli massacranti del fiscal compact e ai conseguenti tagli al personale stabile, sostituito dall&#8217;appalto e dal lavoro precario.<\/p>\n<p>Poi, nel nome del mercato, della modernit\u00e0, dell&#8217;Europa, questo sistema semplice, giusto e anche efficiente \u00e8 stato metodicamente smantellato da tutti i governi senza distinzioni, con la complicit\u00e0 di Cgil Cisl Uil. Ora il collocamento \u00e8 un affare delle agenzie interinali, una volta vietate come caporalato, i rapporti di lavoro precari sono una quarantina e lo stesso contratto a tempo indeterminato \u00e8 una finta, visto che grazie al jobsact i nuovi assunti possono essere licenziati in qualsiasi momento. E se un sindaco regolarizza i dipendenti del suo comune rischia di finire sotto processo. Ora si pu\u00f2 essere assunti in Romania con paghe del posto e lavorare nel trentino eludendo i contratti, grazie alla Unione Europea e alle sentenze della sua Corte di Giustizia nel nome della libert\u00e0 di mercato. E le leggi sicuritarie, anti migranti e anti poveri, come la Bossi Fini e il decreto Minniti, sono una tecnologica riedizione delle misure contro il vagabondaggio degli albori del capitalismo, che avevano la funzione di imporre il lavoro forzato e semi gratuito in fabbrica.<\/p>\n<p>\u00c8 dilagato il precariato, ma contrariamente alle giustificazioni ufficiali la disoccupazione \u00e8 esplosa e il lavoro nero continua a espandersi . I devastatori del diritto per\u00f2 non hanno fallito, perch\u00e9 alla fine hanno realizzato esattamente ci\u00f2 che volevano, riportare le lavoratrici e i lavoratori nella condizione di soggezione degli schiavi.<\/p>\n<p>Il sistema di lavoro fondato sulla precariet\u00e0 \u00e8 prima di tutto una organizzazione violenta e criminale dello sfruttamento e della schiavizzazione delle persone. Non \u00e8 pi\u00f9 tempo di combatterlo solo nel nome delle convenienze economiche, ma in quello della libert\u00e0 e dei diritti fondamentali della persona. E l&#8217;Unione Europea, i suoi governi e le loro regole di mercato vadano all&#8217;inferno.<\/p>\n<p><strong>fonte: <\/strong><a href=\"http:\/\/www.lantidiplomatico.it\/dettnews-il_sistema_di_lavoro_fondato_sulla_precariet__unorganizzazione_criminale\/6121_19594\/\" target=\"_blank\"><em>http:\/\/www.lantidiplomatico.it\/dettnews-il_sistema_di_lavoro_fondato_sulla_precariet__unorganizzazione_criminale\/6121_19594\/<\/em><\/a><\/p>\n","protected":false},"excerpt":{"rendered":"<p>di L&#8217;ANTIDIPLOMATICO (Giorgio Cremaschi) A Milano sulla metro mi ferma un giovane, impiegato in un magazzino della logistica. Io sono tra i privilegiati, mi dice, certo non come i facchini che stanno gi\u00f9 al carico scarico merci, per\u00f2 anche in ufficio il clima \u00e8 pesante. E mi racconta la storia dei punti della patente. Il capo ufficio si rivolge alla giovane impiegata, naturalmente assunta con un contratto precario, e le chiede con la massima naturalezza:&#46;&#46;&#46;<\/p>\n","protected":false},"author":79,"featured_media":17650,"comment_status":"open","ping_status":"open","sticky":false,"template":"","format":"standard","meta":{"jetpack_post_was_ever_published":false,"_jetpack_newsletter_access":"","_jetpack_dont_email_post_to_subs":false,"_jetpack_newsletter_tier_id":0,"_jetpack_memberships_contains_paywalled_content":false,"_jetpack_memberships_contains_paid_content":false,"footnotes":"","jetpack_publicize_message":"","jetpack_publicize_feature_enabled":true,"jetpack_social_post_already_shared":true,"jetpack_social_options":{"image_generator_settings":{"template":"highway","enabled":false},"version":2}},"categories":[32],"tags":[],"jetpack_publicize_connections":[],"jetpack_featured_media_url":"https:\/\/appelloalpopolo.it\/wp-content\/uploads\/2016\/09\/antidiplomatico.jpg","jetpack_sharing_enabled":true,"jetpack_shortlink":"https:\/\/wp.me\/p7ZaJ4-7Kg","_links":{"self":[{"href":"https:\/\/appelloalpopolo.it\/index.php?rest_route=\/wp\/v2\/posts\/29776"}],"collection":[{"href":"https:\/\/appelloalpopolo.it\/index.php?rest_route=\/wp\/v2\/posts"}],"about":[{"href":"https:\/\/appelloalpopolo.it\/index.php?rest_route=\/wp\/v2\/types\/post"}],"author":[{"embeddable":true,"href":"https:\/\/appelloalpopolo.it\/index.php?rest_route=\/wp\/v2\/users\/79"}],"replies":[{"embeddable":true,"href":"https:\/\/appelloalpopolo.it\/index.php?rest_route=%2Fwp%2Fv2%2Fcomments&post=29776"}],"version-history":[{"count":3,"href":"https:\/\/appelloalpopolo.it\/index.php?rest_route=\/wp\/v2\/posts\/29776\/revisions"}],"predecessor-version":[{"id":29779,"href":"https:\/\/appelloalpopolo.it\/index.php?rest_route=\/wp\/v2\/posts\/29776\/revisions\/29779"}],"wp:featuredmedia":[{"embeddable":true,"href":"https:\/\/appelloalpopolo.it\/index.php?rest_route=\/wp\/v2\/media\/17650"}],"wp:attachment":[{"href":"https:\/\/appelloalpopolo.it\/index.php?rest_route=%2Fwp%2Fv2%2Fmedia&parent=29776"}],"wp:term":[{"taxonomy":"category","embeddable":true,"href":"https:\/\/appelloalpopolo.it\/index.php?rest_route=%2Fwp%2Fv2%2Fcategories&post=29776"},{"taxonomy":"post_tag","embeddable":true,"href":"https:\/\/appelloalpopolo.it\/index.php?rest_route=%2Fwp%2Fv2%2Ftags&post=29776"}],"curies":[{"name":"wp","href":"https:\/\/api.w.org\/{rel}","templated":true}]}}