{"id":30092,"date":"2017-04-19T10:41:03","date_gmt":"2017-04-19T08:41:03","guid":{"rendered":"http:\/\/appelloalpopolo.it\/?p=30092"},"modified":"2017-04-19T10:41:03","modified_gmt":"2017-04-19T08:41:03","slug":"le-balle-del-sole-sulla-finlandia-e-tutto-il-resto","status":"publish","type":"post","link":"https:\/\/appelloalpopolo.it\/?p=30092","title":{"rendered":"Le balle del Sole sulla Finlandia (e tutto il resto)"},"content":{"rendered":"<p>di <strong>ALBERTO BAGNAI<\/strong><\/p>\n<p><div class=\"video-container\"><span class=\"embed-youtube\" style=\"text-align:center; display: block;\"><iframe loading=\"lazy\" class=\"youtube-player\" width=\"640\" height=\"360\" src=\"https:\/\/www.youtube.com\/embed\/QsSpf5gesjo?version=3&#038;rel=1&#038;showsearch=0&#038;showinfo=1&#038;iv_load_policy=1&#038;fs=1&#038;hl=it-IT&#038;autohide=2&#038;wmode=transparent\" allowfullscreen=\"true\" style=\"border:0;\" sandbox=\"allow-scripts allow-same-origin allow-popups allow-presentation allow-popups-to-escape-sandbox\"><\/iframe><\/span><\/div><br \/>\n(&#8230;<em>nel giorno in cui un prestigioso quotidiano economico prende la coraggiosa e tempestiva decisione di aprire un dibattito sull&#8217;euro con studiosi di grande spessore, ancorch\u00e9 <a href=\"http:\/\/goofynomics.blogspot.it\/2014\/01\/zingales-e-la-svalutazione-strutturale.html\">lievemente a disagio con la storia economica del nostro paese<\/a>, io riordino le mie caselle di posta elettronica, che stanno subendo una riorganizzazione radicale nel quadro del mio piano quinquennale di riduzione dello stress. In sintesi, una la tengo per lavoro, una \u00e8 privata, e l&#8217;altra \u00e8 per i rompicoglioni. Ora&#8230; c&#8217;\u00e8 un problema, gentile lettore: se mi hai scritto, e non ti ho risposto, \u00e8 probabile che tu abbia scelto, o inconsapevolmente, o perch\u00e9 te l&#8217;ho dato maliziosamente io, l&#8217;indirizzo per i rompicoglioni. Solo che&#8230; il problema \u00e8 insolubile, perch\u00e9 se invece ne hai scelto un altro, ma io non ti ho risposto perch\u00e9 non ti ho potuto rispondere, ma tu mi solleciti, diventi automaticamente un rompicoglioni! Insomma: se mi scrivi due volte all&#8217;indirizzo giusto, \u00e8 come se mi scrivessi un volta all&#8217;indirizzo sbagliato. E allora, che fare? Ma&#8230; nel dubbio, astieniti! S\u00ec, capisco, \u00e8 bello, \u00e8 liberatorio, e fa tanto piacere anche a me, ricevere le testimonianze del vostro ammmmmmmmmmoooooooooooreeeeeeee &#8211; fa un po&#8217; meno piacere alle vostre compagne, ma questo \u00e8 un problema loro, di loro che vi hanno scelto! &#8211; per\u00f2 l&#8217;ammmmmmmmmoooooooooreeeee per essere tale deve essere disinteressato. Il vostro, naturalmente. Il mio no. Io, per tirare avanti, ho certo bisogno di ammmmmmmmmmmmmmmmmoooooooooooooooooooreeeeeeeeeeeeeee, ma anche, pi\u00f9 prosaicamente, di euro, che servono per pagare l&#8217;affitto della sede, gli stipendi dell&#8217;assistente e del personale, i software dei quali abbiamo bisogno, i canoni degli abbonamenti a Internet, ecc. ecc. Insomma, ve l&#8217;immaginate. Siamo in tempi di dichiarazioni dei redditi &#8211; almeno per quelli che integrano la condizione necessaria per dichiararne: averne uno &#8211; e di 5&#215;1000. Se proprio non sapete cosa farci, e se non pensate che il lavoro fatto qui valga una donazione, oltre a una sempre gradita lettera di ammmmmmmmmmmmmmmmooooooorrreeeeee &#8211; che poi mi costringe a scrostare lo schermo col muriatico, tanto colloso \u00e8 il vostro alato sentimento &#8211; non disdegnerei un vostra firmetta sull&#8217;apposito riquadro del 5&#215;1000. <a href=\"http:\/\/www.asimmetrie.org\/sostienici\/\"><strong>Le istruzioni sul da farsi sono qui<\/strong><\/a>. Fatto presente questo punto non banale, mi pregio di sottoporre alla vostra riverita attenzione una lettera che non ci dice nulla di nuovo sul tema di cui si occupa &#8211; di Finlandia che ne ha parlato Heikki Patomaki al #goofy5, e presto vi render\u00f2 disponibili i video &#8211; mi scuso per il ritardo &#8211; ma ci ricorda chi sono quelli che oggi, 16 aprile 2017, vogliono aprire in Italia il dibattito sull&#8217;euro, invece di chiudere il loro giornale, cosa che, oltre a essere un atto di igiene del dibattito, sarebbe anche un atto di giustizia. Divertitevi con questa lettera: il lettore \u00e8 come il maiale, non si butta niente, e aggiungo che spesso, stagionandolo un po&#8217;, diventa ancora pi\u00f9 gustoso. Questa lettera la ricevetti il due dicembre del 2015&#8230; ma \u00e8 sempre attuale, anzi, oggi ancora di pi\u00f9!&#8230;<\/em>)<\/p>\n<blockquote><p><em>Caro Prof. Bagnai,<\/em><\/p>\n<p><em>mi chiamo Giorgio Tricarico, sono un analista junghiano e seguo il Suo blog da circa un anno, grazie a un mio carissimo amico, nonch\u00e9 collega, che nel Suo blog si firma come Skanda. Convinti entrambi che occuparsi della psych\u00e9, l&#8217;anima, in greco antico, significhi anche occuparsi dei luoghi in cui essa si manifesta, l&#8217;Economia e la Tecnica sono due degli ambiti sui quali ci confrontiamo spesso. Skanda ha il grande merito di aver sconfitto il mio scetticismo aprioristico per blog, forum e quant&#8217;altro, e gli sono grato per avermi fatto conoscere Goofynomics, uno dei rarissimi luoghi in cui i commenti sono spesso interessanti tanto quanto i post.<\/em><\/p>\n<p><em>Nel mio campo, la psicologia analitica, mi occupo di tematiche stranamente non molto frequentate dai miei colleghi, quali l&#8217;analisi radicale della societ\u00e0 della Tecnica e delle sue conseguenze sulla psiche (nel solco del filosofo tedesco Gunther Anders), e soprattutto il tema della ricerca di senso nell&#8217;epoca del tramonto delle precedenti cornici di senso. A questo riguardo ho scritto e pubblicato in Italia un racconto (<a href=\"https:\/\/www.ibs.it\/oltre-uomo-libro-giorgio-tricarico-giuseppe-vadala\/e\/9788898771189\">Oltre l&#8217;Uomo<\/a>) che si candida senza dubbio al premio &#8220;Worst Seller&#8221; del 2015. Mi sono presentato, in onore delle Sue richieste di farsi identificare, prima di stringerLe la mano. Credo sia giusto farlo anche via mail.<\/em><\/p>\n<p><em>Le scrivo per condividere alcune riflessioni. Da poco pi\u00f9 di sei anni, vivo e lavoro a Helsinki. Sono, ad oggi, l&#8217;unico psicologo, psicoterapeuta e analista junghiano italiano in Finlandia. Il 29 novembre \u00e8 apparso sul Sole 24 Ore <a href=\"http:\/\/www.ilsole24ore.com\/art\/mondo\/2015-11-29\/la-finlandia-e-nuovo-grande-malato-d-europa-nonostante-tripla-a-e-l-euro-non-c-entra-144645.shtml?uuid=ACI7ajjB\">questo articolo<\/a>. Il titolo dice gi\u00e0 tutto: vi si afferma che la Finlandia \u00e9 in crisi ma che l&#8217;euro non c&#8217;entra. [NdC: questi sono quelli che vogliono aprire il dibattito&#8230;]<\/em><\/p>\n<p><em>Ora, il Sole 24 Ore tempo fa l&#8217;ho ribattezzato La Sola 24 Ore, dall&#8217;uscita di <a href=\"http:\/\/www.ilsole24ore.com\/art\/commenti-e-idee\/2011-08-25\/fenomenologia-finlandesi-ecco-perche-172550.shtml?uuid=AaMNQzyD\">un articolo raccapricciante proprio sulla Finlandia<\/a>, pubblicato il 25.08.2011. In questo delirante articolo, che in teoria si sarebbe dovuto occupare di Grecia e Finlandia da un punto di vista economico, si inanellava una serie di puttanate, permetta il francesismo, inenarrabili, a partire da quella secondo cui a Helsinki non circolano i SUV (se si mettessero i SUV presenti in citt\u00e0 in fila indiana, essa arriverebbe da Helsinki a Pescara).<\/em><\/p>\n<p><em>La serie di notizie infondate, false, inventate era tale, che si stenta a credere si trattasse di un articolo del Sole 24 Ore.<\/em><\/p>\n<p><em>O forse no.<\/em><\/p>\n<p><em>Scorrendo l&#8217;articolo del 29 novembre, ho scoperto gli effetti della lettura di Goofynomics.<\/em><\/p>\n<p><em>Riga dopo riga, durante la lettura, l&#8217;articolo rivelava immediatamente la sua natura menzognera e manipolatoria, a suon di affermazioni apodittiche e mai supportate da dati.<\/em><\/p>\n<p><em>&#8220;La Finlandia&#8221;, si afferma, &#8220;rischia di diventare il nuovo grande malato della zona euro&#8221;<\/em><\/p>\n<p><em>&#8211; Bene. Perch\u00e9?<\/em><\/p>\n<p><em>&#8220;Sotto il peso della crisi economica&#8221;.<\/em><\/p>\n<p><em>&#8211; Ah, cio\u00e8, la Finlandia \u00e8 in crisi economica a causa della crisi economica. E poi?<\/em><\/p>\n<p><em>&#8220;E sotto il peso della guerra in Ucraina&#8221;.<\/em><\/p>\n<p><em>&#8211; Ah s\u00ec?<\/em><\/p>\n<p><em>Certo: &#8220;Dal 2008 Helsinki ha bruciato il 6% di PIL e, pensa che strano!, il debito pubblico \u00e8 stato ed \u00e8 relativamente modesto.<\/em><\/p>\n<p><em>&#8211; Ma le proteste in piazza Maidan, a Kiev, sono iniziate a fine novembre del 2013, e il conflitto ad aprile del 2014, ovvero da solo un anno e mezzo.<\/em><\/p>\n<p><em>Come \u00e9 possibile che la crisi ucraina e le sanzioni alla Russia giustifichino il fatto che Helsinki abbia bruciato il 6% del PIL a partire da SEI ANNI PRIMA?<\/em><\/p>\n<p><em>Ma suvvia, sar\u00e0 forse il caso di soffermarci su dei dettagli temporali? Il tempo, si sa, \u00e8 relativo.<\/em><\/p>\n<p><em>Il Sola continua: &#8220;La via pi\u00f9 facile sarebbe dare la colpa all&#8217;Euro, invece le responsabilit\u00e0 vanno cercate nella struttura economica del Paese&#8221;<\/em><\/p>\n<p><em>&#8211; \u00c9 strutturata male, la Finlandia.<\/em><\/p>\n<p><em>&#8220;S\u00ec. I detrattori della moneta unica invece affermano che sarebbe l&#8217;Euro la causa a monte dell&#8217;implosione della Nokia e del settore carta, tra le altre cose.<\/em><\/p>\n<p><em>Ma no! Sono le sanzioni alla Russia che hanno messo in ginocchio l&#8217;esportazione, verso Mosca&#8221;<\/em><\/p>\n<p><em>Pensare che sia stato l&#8217;Euro e la catena di eventi collegata alla sua introduzione (&#8220;impossibilit\u00e0 di svalutare la moneta &#8211; svalutazione del lavoro e dei salari &#8211; aumento dell&#8217;indebitamento privato &#8211; insolvibilit\u00e0 &#8211; licenziamenti, riduzione dei diritti dei lavoratori &#8211; tagli al welfare e annientamento dell&#8217;economica interna&#8221;) \u00e8 semplicistico, sentenzia il Sola 24 Ore.<\/em><\/p>\n<p><em>Si palesa lo scopo dell&#8217;articolo: tirando in ballo la situazione della Gran Bretagna e soprattutto della vicinissima Svezia, e articolando una supercazzola degna di nota, esso giunge a dimostrare che la Finlandia \u00e8 in crisi PERCH\u00c9 non ha ancora smantellato il modello sociale scandinavo e i benefici del welfare.<\/em><\/p>\n<p><em>In sostanza, la gente che ha visto Nokia (e tante altre realt\u00e0 finniche) chiudere i battenti, che ha perso in questi ultimi anni il proprio lavoro o che, se fortunata, si \u00e8 vista comunque ridurre sia gli introiti sia i risparmi, certamente ne beneficer\u00e0 se verranno tolti loro gli aiuti e i sussidi destinati a situazioni di emergenza, se la sanit\u00e0 aumenter\u00e0 il prezzo del ticket, se i servizi verranno privatizzati e costeranno di pi\u00f9 e via riformando&#8230;<\/em><\/p>\n<p><em>Uno scempio logico.<\/em><\/p>\n<p><em>Anche senza essere esperto di economia, sono riuscito a comprendere che chi ha scritto questo articolo \u00e9 volutamente in malafede, e ha lo scopo di mandare un messaggio preciso al lettore ITALIANO.<\/em><\/p>\n<p><em>La Finlandia \u00e8 malata, come la Grecia, ma la colpa non \u00e8 dell&#8217;euro.<\/em><\/p>\n<p><em>Sarebbe malata anche se tornasse alla propria divisa.<\/em><\/p>\n<p><em>Prove di questa affermazione? Nessuna.<\/em><\/p>\n<p><em>Ma \u00e8 la conclusione dell&#8217;autorevole articolo.<\/em><\/p>\n<p><em>Se non ho vomitato \u00e8 stato solo grazie a due &#8220;antiemetici&#8221;.<\/em><\/p>\n<p><em>Il primo \u00e8 <a href=\"http:\/\/www.telegraph.co.uk\/finance\/12001895\/Finlands-depression-is-the-final-indictment-of-Europes-monetary-union.html\">questo articolo di Evans-Pritchard<\/a>, pubblicato dal Telegraph pochi giorni prima di quello del Sola.<\/em><\/p>\n<p><em>L&#8217;articolo di Evans-Pritchard riporta un dato di fatto in primo piano: la Finlandia \u00e8 in crisi esattamente come la Grecia ma le balle dette in tutti questi anni sulla Grecia corrotta e sprecona non ai possono applicare alla Finlandia diligente che &#8220;ha sempre fatto i compiti&#8221;. La situazione finlandese \u00e8 essenzialmente la prova che la moneta unica sia un progetto fallimentare dal punto di vista degli abitanti delle varie nazioni che l&#8217;hanno adottata. \u00c9 altres\u00ec un progetto (<a href=\"http:\/\/tagli.me\/articolo\/intervista-luigi-zingales-la-crisi-dellue-era-premeditata\">criminale, diceva qualcuno<\/a>) ben riuscito e voluto, dal punto di vista di altre forze in campo, un progetto mirato al depauperamento di vasti strati della popolazione, allo smantellamento e alla svendita del tessuto economico-produttivo, alla distruzione sistematica dello stato sociale, e alla progressiva abolizione (giustificata dall&#8217;emergenza e dalla crisi, si capisce) dei diritti e delle regole democratiche di intere nazioni.<\/em><\/p>\n<p><em>Il secondo antiemetico, l&#8217;ho scoperto solo quest&#8217;anno, risale al 2012, quando un certo Alberto Bagnai diceva essenzialmente le stesse cose di Evans-Pritchard e azzardava previsioni riguardo al paese in cui vivo che si sono dimostrate purtroppo vere.<\/em><\/p>\n<p><em>E in Finlandia cosa si dice a riguardo? Sarebbe interessante condurre delle ricerche serie. Io posso limitarmi alla constatazione assai amara che NESSUN finlandese che io conosca era a conoscenza dell&#8217;articolo di Evans-Pritchard sul Telegraph, n\u00e9 tanto meno dell&#8217;iniziativa ivi menzionata di un tal V\u00e4yrynen che avrebbe raccolto 50.000 firme per far discutere in Parlamento l&#8217;ipotesi di un\u2019uscita dall&#8217;Euro.<\/em><\/p>\n<p><em>Non solo.<\/em><\/p>\n<p><em>Ho sentito affermare da varie persone, di differenti appartenenze sociali e culturali, tutta la serie di balle sulla Grecia che &#8220;se l&#8217;\u00e8 meritato di fallire&#8221; e sui Greci corrotti, pigri, inefficienti, faciloni, loschi e inaffidabili.<\/em><\/p>\n<p><em>Continuo a sentire ripetere come un mantra tibetano che la soluzione sono i tagli al welfare, alla spesa pubblica, la flessibilit\u00e0 e le riforme, dai politici di ogni schieramento e in particolare dall&#8217;attuale primo ministro Sipil\u00e4 (partito di Centro-Destra) e dal Ministro dell&#8217;Economia Alexander Stubb (Destra), quest&#8217;ultimo, un quarantenne smart, alacremente impegnato ad esprimere il proprio nulla interiore via Twitter, come accade anche altrove, mi pare.<\/em><\/p>\n<p><em>La gente mi appare essenzialmente anestetizzata, preoccupata per il proprio quotidiano, senza alcuna visione critica, aiutata in questo da giornali conformisti e attentissimi a non disturbare il manovratore.<\/em><\/p>\n<p><em>Insomma, il vero nemico della vita, del benessere, del lavoro, dei diritti di questa nazione non sembrerebbero gli immigrati o il gigante russo con cui la Finlandia confina, ma siedono quotidianamente in Parlamento, rappresentanti non degli interessi delle persone che gli hanno eletti, ma di un progetto criminale che sta uccidendo una delle poche social-democrazie europee.<\/em><\/p>\n<p><em>Mi sembra che si debba dare la massima visibilit\u00e0 a quello che sta accadendo qui, in Finlandia, proprio perch\u00e9 non ci sono i facili alibi della corruzione, dell&#8217;inefficienza, dell&#8217;inerzia per giustificare la crisi.<\/em><\/p>\n<p><em>Io, coi mezzi di cui dispongo, lo far\u00f2.<\/em><\/p>\n<p><em>La prego, Professore, di continuare a farlo anche Lei, nel Suo blog e nei convegni ai quali parteciper\u00e0.<\/em><\/p>\n<p><em>Parli della Finlandia, grazie.<\/em><\/p>\n<p><em>Con stima.<\/em><\/p>\n<p><em>Giorgio Tricarico<\/em><\/p>\n<p><em>Allora&#8230;<\/em><\/p>\n<p>&nbsp;<\/p><\/blockquote>\n<p>Caro Giorgio, io il mio l&#8217;ho fatto: della Finlandia abbiamo parlato, e come!, al nostro convegno annuale dell&#8217;anno scorso. Dopo una attenta analisi, su suggerimento di un amico che lavora in Commissione ci \u00e8 sembrato che Heikki fosse la scelta giusta, <a href=\"https:\/\/www.youtube.com\/watch?v=vuAyhNv57oo\">e non ce ne siamo pentiti<\/a> (consiglio: non chiedetemi quando escono gli altri video&#8230;). Ora, a quanto mi risulta, rimane solo da sistemare la parte &#8220;io, coi mezzi di cui dispongo, lo far\u00f2&#8221;. Qui c&#8217;\u00e8 un aiutino <a href=\"http:\/\/www.asimmetrie.org\/sostienici\/\">che spiega come fare<\/a>, caro Giorgio. Anche questa terapia, come la tua, si paga&#8230;<\/p>\n<p>E ora veniamo al punto.<\/p>\n<p>Un giornale che, pi\u00f9 o meno quando io, nel <em>Tramonto dell&#8217;euro<\/em>, vi spiegavo <em>funditus<\/em> come e perch\u00e9 la Finlandia fosse tutt&#8217;altro che un paese esemplare e vincente (per chi se ne fosse dimenticato, qui un <a href=\"http:\/\/goofynomics.blogspot.it\/2014\/01\/qed-n-25-la-finlandia-e-lacqua-calda.html\">breve resoconto della spiegazione<\/a>), un giornale che a quel tempo si produceva in stucchevoli note di colore sul paese virtuoso perch\u00e9 a Helsinki &#8220;mancano le insegne del lusso e della globalizzazione&#8221; e c&#8217;\u00e8 un &#8220;welfare avvolgente&#8221; basato su un &#8220;solidissimo patto sociale&#8221; sottoscritto &#8220;con grande convinzione&#8221; (eh, si sa, son seri al Nord&#8230;), ecco, un giornale che si rivolgeva e si rivolge alla comunit\u00e0 economica e finanziaria dimostrando una simile capacit\u00e0 di analisi, lo stesso giornale che 696 giorni dopo il QED (non dopo la spiegazione, che era venuta altri 423 giorni prima, portando a 1119 giorni il ritardo sulla storia di questi simpatici artigiani della cronaca rosa&#8230;), 696 giorni dopo il QED, dicevo, interveniva sulla Finlandia titolando a caratteri cubitali che <strong>il problema non \u00e8 l&#8217;euro<\/strong>, senza fornire alcun argomento che non fosse <a href=\"https:\/\/www.wsj.com\/articles\/finlands-problem-isnt-the-euro-1448490636\">il fatto di scimmiottare un titolo del WSJ di quattro giorni prima<\/a>, con il che dimostrava la propria patetica subalternit\u00e0 culturale e la propria partigianeria, incompatibile con un atteggiamento deontologicamente corretto, con il &#8220;presentare i fatti separati dalle opinioni&#8221;, quel giornale, un giornale che nessuno legge, perch\u00e9 \u00e8 l&#8217;organo di un&#8217;associazione di categoria alla quale ormai nessuno vuole pi\u00f9 appartenere, e che per questo motivo si sta spegnendo, oggi cosa fa?<\/p>\n<p><a href=\"http:\/\/www.ilsole24ore.com\/art\/commenti-e-idee\/2017-04-15\/euro-si-o-no-dibattito-serio-e-costruttivo-220217_PRV.shtml?uuid=AE7B765\">Si propone di aprire un dibattito equilibrato, stabilendone anche le regole!<\/a><\/p>\n<p>Un dibattito equilibrato chi?<\/p>\n<p>Un dibattito equilibrato loro!?<\/p>\n<p>Quelli che hanno negato ferocemente ogni evidenza, che hanno mandato i loro giornalisti a profferire indecenti bestialit\u00e0 per le quali qualsiasi studente sarebbe bocciato\u00a0 un esame di economia internazionale, come l&#8217;ormai epico <a href=\"https:\/\/www.youtube.com\/watch?v=9mOpDxeibsg\">aumento del prezzo della benzina di sette volte<\/a>, che qui abbiamo voluto smentire <a href=\"http:\/\/www.sciencedirect.com\/science\/article\/pii\/S030142151400682X\">pubblicando un articolo in classe A<\/a>, per dimostrare scientificamente quanto scorretto fosse diffondere simili fake news, nel momento stesso in cui l&#8217;euro, svalutandosi del 30%, lo dimostrava fattualmente (se vedete Plateroti, chiedetegli come mai la benzina non \u00e8 aumentata nel 2015&#8230;)&#8230;<\/p>\n<p>Ecco: questa accolita appassionati di economia (perch\u00e9 tali si sono dimostrati, n\u00e9 credo che fra di loro ve ne sia alcuno che possa vantare esperienza di ricerca specifica nei temi dei quali si occupa), questi qui, dopo essere intervenuti come hooligan a inquinare con le loro fantasiose congetture e il loro teppismo verbale ogni e qualsiasi studio televisivo, oggi (16 aprile 2017) aprono il dibattito.<\/p>\n<p>Siamo a posto.<\/p>\n<p>Anzi, no! C&#8217;\u00e8 di meglio. Perch\u00e9 per aprire un dibattito serio ed equilibrato, a chi ne affidano la gestione?<\/p>\n<p>A una persona tanto serena da <a href=\"http:\/\/tagli.me\/articolo\/intervista-luigi-zingales-la-crisi-dellue-era-premeditata\">definire criminali i fondatori dell&#8217;euro<\/a> (!) e tanto competente da <a href=\"http:\/\/goofynomics.blogspot.it\/2014\/07\/zingy-3-cambio-e-autorazzismo-meglio.html\">scambiare una rivalutazione del marco per una svalutazione della lira,<\/a> all&#8217;evidente scopo di alimentare, conformemente a quanto gli organi di stampa italiani tutti fanno (non \u00e8 chiaro su mandato di chi: non credo dei loro lettori, anche quando ne hanno), il mito negativo di un&#8217;Italia &#8220;svalutazionista&#8221;, per usare i termini di una persona che non voglio nemmeno nominare.<\/p>\n<p>Ora provo a spiegarlo a qualche collega estero: riuscirci sar\u00e0 difficile, ma se dovessi farcela, sai le risate?<\/p>\n<p>D&#8217;altra parte, per tutto il 2015 le presentazioni dei miei paper sulla benzina si sono aperte con questa <em>slide<\/em> evangelica:<\/p>\n<p><img loading=\"lazy\" decoding=\"async\" class=\"alignnone size-medium wp-image-30093 aligncenter\" src=\"http:\/\/appelloalpopolo.it\/wp-content\/uploads\/2017\/04\/Slide-goofy-300x226.jpg\" alt=\"\" width=\"300\" height=\"226\" srcset=\"https:\/\/appelloalpopolo.it\/wp-content\/uploads\/2017\/04\/Slide-goofy-300x226.jpg 300w, https:\/\/appelloalpopolo.it\/wp-content\/uploads\/2017\/04\/Slide-goofy.jpg 400w\" sizes=\"(max-width: 300px) 100vw, 300px\" \/><\/p>\n<p>ed era molto difficile convincere i colleghi esteri, dopo le inevitabili risate, di quale ruolo effettivamente ricoprisse e di quale rilevanza avesse (e abusasse) nel dibattito chi si era lasciato andare a un&#8217;affermazione tanto inverosimile da non poter nemmeno essere considerata una <em>fake news<\/em>, ma una semplice <em>gag<\/em> da avanspettacolo &#8211; che, devo dirlo, onestamente, in quanto <em>gag<\/em> funzionava benissimo, predisponendo sempre favorevolmente la platea dei miei seminari all&#8217;estero.<\/p>\n<p>Ora, non vorrei che qualcuno, preso da autorazzismo, concluda sconsolato che questo \u00e8 il dibattito che ci meritiamo, nel giornale che ci meritiamo. No. Le cose non stanno cos\u00ec. Noi non ci meritiamo n\u00e9 quel giornale, che purtroppo verr\u00e0 salvato coi soldi delle nostre tasse, e continuer\u00e0, nell&#8217;esatto momento in cui ci\u00f2 avverr\u00e0, a delirare sui danni della spesapubblicaimproduttiva, n\u00e9, soprattutto, ci meritiamo questo dibattito. Chi ha sostenuto a\/simmetrie si merita questo, di dibattito, il nostro, che abbiamo condotto coinvolgendo i massimi esperti mondiali del tema, o riportandone qui, su questo blog, gli argomenti esposti nelle sedi scientifiche.<\/p>\n<p>Chi invece vorr\u00e0 prendere parte all&#8217;altro dibattito, prestando la propria credibilit\u00e0 a un&#8217;operazione cos\u00ec insulsa, temo che soggiacer\u00e0 alla terza legge di Bagnai:<br \/>\n<strong>Legge della conservazione della credibilit\u00e0: chi presta credibilit\u00e0 a un organo di stampa che non ne possiede perde la propria<\/strong><\/p>\n<p>Per carit\u00e0, io voglio anche essere indulgente coi colleghi per i quali essere sul Sole 24 Ore \u00e8 motivo di vanto. Certo, considerando che sono stato intervistato dal <a href=\"https:\/\/www.ft.com\/content\/6d67cf26-08b2-11e7-97d1-5e720a26771b\">Financial Times<\/a> (e un motivo ci sar\u00e0), rifiutare la preziosa opportunit\u00e0 di esprimermi in cotanta sede potrebbe essere inteso come atto di snobismo da parte mia (<a href=\"http:\/\/vocidallestero.it\/2017\/03\/16\/financial-times-in-italia-il-dibattito-sulluscita-dalleuro-sta-prendendo-piede\/\">qui<\/a> l&#8217;intervista per i diversamente europei).<\/p>\n<p>Ma il problema \u00e8 un altro.<\/p>\n<p>Il problema \u00e8 che il dibattito che si meritano gli italiani ce l&#8217;hanno gi\u00e0. Chi sceglie di non parteciparvi (perch\u00e9 &#8220;parli con Borghi&#8221; o perch\u00e9 &#8220;sei divisivo&#8221;) per partecipare invece a un dibattito che nasce sulle premesse che abbiamo visto sopra, se ne assume le responsabilit\u00e0 e l&#8217;inevitabile ridicolo, e soprattutto porta con s\u00e9 la colpa, assolutamente grave, di far apparire come seria e fondata l&#8217;ennesima operazione propagandistica tendenziosa e distorsiva. \u00c8 opportuno che il dibattito appaia per quello che \u00e8: una operazione pilotata da quelli che &#8220;quello l\u00ec insegna in provincia&#8221;. Chi sono loro per decidere che il dibattito si apre oggi? Quale collega sar\u00e0 cos\u00ec subalterno da voler, per vanagloria, ratificare con la propria presenza un&#8217;operazione che si svolge in una sede tanto compromessa dalle vicende recenti, e dagli atteggiamenti passati? Lasciamoli pure dibattere fra loro, i sedicenti ortodossi, mentre masticano il boccone amaro che sapete. Sar\u00e0 curioso osservare gli sviluppi del loro stantio rituale, ma senza perderci troppo tempo, che noi abbiamo ben altro da fare.<\/p>\n<p>Mentre, nel vano tentativo di attirare qualche lettore, i naufraghi della menzogna si avventurano sulla loro zattera a discutere il &#8220;se&#8221;, <a href=\"http:\/\/www.valigiablu.it\/sole-24-ore-scandalo\/\">un attimo prima di darsi al cannibalismo<\/a>, noi siamo gi\u00e0 oltre: abbiamo imparato ad addentrarci nelle autentiche articolazioni del dibattito, a misurare l&#8217;incompatibilit\u00e0 radicale della costruzione europea con la Costituzione repubblicana, e abbiamo gi\u00e0 studiato come porvi rimedio.<\/p>\n<p>Cari operatori della propaganda, ci mancherete. Mi accomiato da voi con un po&#8217; di nostalgia, senza rancore per come avete costantemente, dalle frequenze del vostro gruppo editoriale, cercato di ridicolizzare il lavoro serio che qui veniva svolto, senza biasimo per la pervicacia con la quale avete impedito a chi poteva farlo di portare una parola equilibrata nel dibattito, quando sarebbe ancora stato possibile salvare tante aziende, quelle aziende che vi danno il pane e che avete condannato al fallimento appoggiando senza se e senza ma l&#8217;austerit\u00e0 di Monti e il delirio europeista. E per dimostrarvi che non ritengo valga la pena di mostrarvi acredine, vi saluto con una battuta di un film leggero, come leggeri sono i vostri articoli, quando vi avventurate nella macroeconomia internazionale: &#8220;That&#8217;s not a debate! <a href=\"http:\/\/goofynomics.blogspot.it\/2011\/11\/i-salvataggi-che-non-ci-salveranno.html\">That&#8217;s a debate<\/a>!&#8221;<\/p>\n<div class=\"video-container\"><span class=\"embed-youtube\" style=\"text-align:center; display: block;\"><iframe loading=\"lazy\" class=\"youtube-player\" width=\"640\" height=\"360\" src=\"https:\/\/www.youtube.com\/embed\/WWl8EbNN8NM?version=3&#038;rel=1&#038;showsearch=0&#038;showinfo=1&#038;iv_load_policy=1&#038;fs=1&#038;hl=it-IT&#038;autohide=2&#038;wmode=transparent\" allowfullscreen=\"true\" style=\"border:0;\" sandbox=\"allow-scripts allow-same-origin allow-popups allow-presentation allow-popups-to-escape-sandbox\"><\/iframe><\/span><\/div>\n<p>(&#8230;<em>ah, a differenza di Crocodile Dundee, noi non solo non vi diamo il wallet, ma neanche la monetina: ripeto: ce le farete sfilare dal conto in banca da quello che voi chiamate Stato ladro &#8211; tranne quando vi fa comodo &#8211; ma not in our name!<\/em>&#8230;)<\/p>\n<p><strong>fonte: <\/strong><a href=\"http:\/\/goofynomics.blogspot.it\/2017\/04\/le-balle-del-sole-sulla-finlandia-e.html\" target=\"_blank\"><em>http:\/\/goofynomics.blogspot.it\/2017\/04\/le-balle-del-sole-sulla-finlandia-e.html<\/em><\/a><\/p>\n","protected":false},"excerpt":{"rendered":"<p>di ALBERTO BAGNAI (&#8230;nel giorno in cui un prestigioso quotidiano economico prende la coraggiosa e tempestiva decisione di aprire un dibattito sull&#8217;euro con studiosi di grande spessore, ancorch\u00e9 lievemente a disagio con la storia economica del nostro paese, io riordino le mie caselle di posta elettronica, che stanno subendo una riorganizzazione radicale nel quadro del mio piano quinquennale di riduzione dello stress. In sintesi, una la tengo per lavoro, una \u00e8 privata, e l&#8217;altra \u00e8&#46;&#46;&#46;<\/p>\n","protected":false},"author":79,"featured_media":21343,"comment_status":"open","ping_status":"open","sticky":false,"template":"","format":"standard","meta":{"jetpack_post_was_ever_published":false,"_jetpack_newsletter_access":"","_jetpack_dont_email_post_to_subs":false,"_jetpack_newsletter_tier_id":0,"_jetpack_memberships_contains_paywalled_content":false,"_jetpack_memberships_contains_paid_content":false,"footnotes":"","jetpack_publicize_message":"","jetpack_publicize_feature_enabled":true,"jetpack_social_post_already_shared":true,"jetpack_social_options":{"image_generator_settings":{"template":"highway","enabled":false},"version":2}},"categories":[32],"tags":[],"jetpack_publicize_connections":[],"jetpack_featured_media_url":"https:\/\/appelloalpopolo.it\/wp-content\/uploads\/2016\/09\/o-ALBERTO-BAGNAI-facebook-1.jpg","jetpack_sharing_enabled":true,"jetpack_shortlink":"https:\/\/wp.me\/p7ZaJ4-7Pm","_links":{"self":[{"href":"https:\/\/appelloalpopolo.it\/index.php?rest_route=\/wp\/v2\/posts\/30092"}],"collection":[{"href":"https:\/\/appelloalpopolo.it\/index.php?rest_route=\/wp\/v2\/posts"}],"about":[{"href":"https:\/\/appelloalpopolo.it\/index.php?rest_route=\/wp\/v2\/types\/post"}],"author":[{"embeddable":true,"href":"https:\/\/appelloalpopolo.it\/index.php?rest_route=\/wp\/v2\/users\/79"}],"replies":[{"embeddable":true,"href":"https:\/\/appelloalpopolo.it\/index.php?rest_route=%2Fwp%2Fv2%2Fcomments&post=30092"}],"version-history":[{"count":1,"href":"https:\/\/appelloalpopolo.it\/index.php?rest_route=\/wp\/v2\/posts\/30092\/revisions"}],"predecessor-version":[{"id":30094,"href":"https:\/\/appelloalpopolo.it\/index.php?rest_route=\/wp\/v2\/posts\/30092\/revisions\/30094"}],"wp:featuredmedia":[{"embeddable":true,"href":"https:\/\/appelloalpopolo.it\/index.php?rest_route=\/wp\/v2\/media\/21343"}],"wp:attachment":[{"href":"https:\/\/appelloalpopolo.it\/index.php?rest_route=%2Fwp%2Fv2%2Fmedia&parent=30092"}],"wp:term":[{"taxonomy":"category","embeddable":true,"href":"https:\/\/appelloalpopolo.it\/index.php?rest_route=%2Fwp%2Fv2%2Fcategories&post=30092"},{"taxonomy":"post_tag","embeddable":true,"href":"https:\/\/appelloalpopolo.it\/index.php?rest_route=%2Fwp%2Fv2%2Ftags&post=30092"}],"curies":[{"name":"wp","href":"https:\/\/api.w.org\/{rel}","templated":true}]}}