{"id":30122,"date":"2017-04-20T12:19:44","date_gmt":"2017-04-20T10:19:44","guid":{"rendered":"http:\/\/appelloalpopolo.it\/?p=30122"},"modified":"2017-04-20T12:19:44","modified_gmt":"2017-04-20T10:19:44","slug":"vogliono-sopprimere-leuro-perche-molti-europei-rivogliono-la-propria-moneta","status":"publish","type":"post","link":"https:\/\/appelloalpopolo.it\/?p=30122","title":{"rendered":"Vogliono sopprimere l\u2019euro: perch\u00e9 molti europei rivogliono la propria moneta"},"content":{"rendered":"<p>di <strong>VOCI DALL&#8217;ESTERO<\/strong><\/p>\n<p><em>La CNN <\/em><a href=\"http:\/\/money.cnn.com\/2017\/04\/19\/news\/economy\/euro-elections-france\/\"><em>dedica un articolo<\/em><\/a><em> al problema europeo della moneta unica. Attraverso le interviste a diversi esperti e cittadini europei \u2013 in particolare il nostro <\/em><a href=\"https:\/\/ideas.repec.org\/f\/pba221.html\"><em>\u00a0Alberto Bagnai<\/em><\/a><em>, che apre e chiude l\u2019articolo \u2013 sono sottolineati i difetti fondamentali alla base dell\u2019unione monetaria: la mancanza di uno stato e di un\u2019identit\u00e0 europei, la grande diversit\u00e0 tra i paesi aderenti, la rigidit\u00e0 di un sistema che impone le stesse ricette a 19 economie in differenti fasi del loro sviluppo. Il peso\u00a0 della moneta unica sull\u2019Europa \u00e8 cos\u00ec grande che la sua fine sembra inevitabile: sarebbe dovere di intellettuali e politici farsi trovare preparati a questa eventualit\u00e0 e accelerare il processo\u00a0 di smantellamento di uno strumento che, pi\u00f9 viene utilizzato, pi\u00f9 danneggia le economie che coinvolge.<\/em><\/p>\n<p><em>\u00a0<\/em><\/p>\n<p><em>di Ivana Kottasova, 19 aprile 2017<\/em><\/p>\n<p>&nbsp;<\/p>\n<p>Sergi Cutillas era entusiasta, quando la Spagna \u00e8 entrata nell\u2019euro. Ma ora vorrebbe uscirne. \u201cL\u2019eurozona ha fallito. \u00c8 stata un brutto esperimento,\u201d \u2013 dichiara \u2013 \u201cuna pia illusione\u201d.<\/p>\n<p>L\u2019economista trentaquattrenne vorrebbe che la Spagna uscisse dall\u2019euro. Non \u00e8 certo il solo: il 25% delle persone che usano la moneta unica vorrebbero abbandonarla, secondo l\u2019ultimo sondaggio dell\u2019Unione Europea.<\/p>\n<p>La pi\u00f9 grave minaccia per l\u2019euro si presenta in Francia, dove domenica si voter\u00e0 per il primo turno delle presidenziali, che vedono candidata Marine Le Pen. La politica di estrema destra, <a href=\"http:\/\/money.cnn.com\/2017\/03\/20\/news\/economy\/french-election-debate-le-pen\/index.html?iid=EL\">che vuole far uscire la Francia dall\u2019unione monetaria<\/a>, dovrebbe passare al secondo turno per affrontare un altro candidato il 7 di maggio.<\/p>\n<p>L\u2019euro, la valuta comune a 19 paesi dell\u2019UE, \u00e8 il simbolo pi\u00f9 evidente del lungo esperimento di integrazione economica europea, iniziato alla fine della seconda guerra mondiale.<\/p>\n<p>Ma questo simbolo \u00e8 ora minacciato da politici di destra e di sinistra che vogliono riportare in circolazione la lira, la dracma, la peseta e il franco francese.<\/p>\n<p>Ecco perch\u00e9 vogliono sopprimere l\u2019euro.<\/p>\n<p><strong>\u2018L\u2019Europa non \u00e8 una nazione\u2019<\/strong><\/p>\n<p><img loading=\"lazy\" decoding=\"async\" class=\"alignnone size-full wp-image-10797\" src=\"http:\/\/vocidallestero.it\/wp-content\/uploads\/Bagnai-CNN-figura-1.jpg\" alt=\"\" width=\"780\" height=\"250\" \/><\/p>\n<p>Per Alberto Bagnai, la vera motivazione per liberarsi della moneta unica \u00e8 questa: i paesi europei non sono uguali, quindi non dovrebbero usare la stessa moneta.<\/p>\n<p>\u201cIl punto fondamentale \u00e8 che non si pu\u00f2 formare uno stato federale tra\u00a0cittadini di paesi con un passato culturale cos\u00ec differente\u201d dice il professore universitario italiano. \u201cSenza uno stato europeo, non si pu\u00f2 avere una moneta europea\u201d.<\/p>\n<p>Alcuni paesi europei sono pi\u00f9 ricchi, altri pi\u00f9 poveri, come avviene per gli stati Americani. Ma a differenza degli Stati Uniti, l\u2019eurozona non ha un governo centrale che possa decidere riguardo alla spesa, alla tassazione e alle politiche di bilancio.<\/p>\n<p>\u201cGli Stati Uniti sono una nazione, possiedono un senso di identit\u00e0 comune\u201d \u2013 dice\u00a0Bagnai.<\/p>\n<p>Questo non avviene in Europa, dove non esiste una prospettiva di unit\u00e0 politica, perch\u00e9 le nazioni pi\u00f9 ricche, come la Germania, finirebbero col\u00a0dover trasferire stabilmente\u00a0i propri soldi alle nazioni meno fortunate.<\/p>\n<p>\u201cLa Germania non vuole che ci\u00f2 avvenga\u201d, dichiara Bagnai. \u201cDovremmo smetterla di raccontare favole\u201d.<\/p>\n<p><strong>\u201cUn\u2019illusione ottica\u201d<\/strong><\/p>\n<p>Queste divisioni profonde non sono sempre state cos\u00ec evidenti.<\/p>\n<p>I tassi di interesse necessari per pagare i creditori in Spagna, Grecia e Italia sono calati dopo la loro entrata nell\u2019euro \u2013 convergendo con i tassi della Germania.<\/p>\n<p><img loading=\"lazy\" decoding=\"async\" class=\"alignnone size-full wp-image-10798\" src=\"http:\/\/vocidallestero.it\/wp-content\/uploads\/Bagnai-CNN-figura-2.jpg\" alt=\"\" width=\"780\" height=\"439\" \/><\/p>\n<p>\u201cGli investitori hanno guardato i tassi nominali e hanno creduto che i greci fossero\u00a0diventati tedeschi, \u201c commenta\u00a0Bagnai \u2013 \u201dsi \u00e8 trattato di una sorta di illusione ottica\u201d.<\/p>\n<p>Poi \u00e8 arrivata la crisi finanziaria, e le crepe dell\u2019unione monetaria hanno iniziato a venire\u00a0alla luce.<\/p>\n<p><img loading=\"lazy\" decoding=\"async\" class=\"alignnone size-full wp-image-10799\" src=\"http:\/\/vocidallestero.it\/wp-content\/uploads\/Bagnai-CNN-figura-3.jpg\" alt=\"\" width=\"780\" height=\"250\" \/><\/p>\n<p>In Spagna, i politici non hanno potuto svalutare l\u2019euro\u00a0per contrastare il collasso della bolla immobiliare e la crisi debitoria.<\/p>\n<p>Al contrario, Madrid \u00e8 stata costretta a tagliare la spesa e ad attuare un programma di austerit\u00e0 \u2013 cosa che ha colpito il livello di vita.<\/p>\n<p>\u201cIl tasso di disoccupazione del 20% che abbiamo oggi in Spagna \u00e8 una conseguenza diretta dell\u2019euro\u201d dice l\u2019economista Cutillas.<\/p>\n<p><img loading=\"lazy\" decoding=\"async\" class=\"alignnone size-full wp-image-10800\" src=\"http:\/\/vocidallestero.it\/wp-content\/uploads\/Bagnai-CNN-figura-4.jpg\" alt=\"\" width=\"780\" height=\"439\" \/><\/p>\n<p>Cutillas afferma che molte persone in Spagna, un paese che ha vissuto decenni di una violenta dittatura sotto Francisco Franco, sostengono l\u2019euro perch\u00e9 lo associano al progresso, alla modernit\u00e0 e alla pace. Ma questo per l\u2019economista non \u00e8 abbastanza.<\/p>\n<p>\u201cNon \u00e8 male poter viaggiare facilmente e avere un mezzo di pagamento comune, ma questi vantaggi non dovrebbero nascondere quello che l\u2019euro sta provocando\u201d, dichiara.<\/p>\n<p><img loading=\"lazy\" decoding=\"async\" class=\"alignnone size-full wp-image-10801\" src=\"http:\/\/vocidallestero.it\/wp-content\/uploads\/Bagnai-CNN-figura-5.jpg\" alt=\"\" width=\"780\" height=\"250\" \/><\/p>\n<p><strong>Una tragedia greca<\/strong><\/p>\n<p>La Grecia \u00e8 il miglior esempio della divisione tra i ricchi paesi del nord Europa e le economie pi\u00f9 deboli della periferia europea.<\/p>\n<p>Dovendo affrontare una propria crisi debitoria, Atene ha accettato pesanti programmi di austerit\u00e0 in cambio di diversi salvataggi. I salari, le pensioni e le spese governative sono stati drasticamente\u00a0ridotti.<\/p>\n<p>Fotis Panagiotopoulos, operaio navale presso l\u2019autorit\u00e0 portuale di Atene, ha vissuto l\u2019esperienza sulla propria pelle. Il suo stipendio \u00e8 stato ridotto del 50% dall\u2019inizio della crisi greca del 2010. Sua moglie non riesce a trovare un lavoro stabile.<\/p>\n<p>\u201cIn Grecia stiamo subendo una morte lenta\u201d \u2013 dice \u2013 \u201cnon c\u2019\u00e8 via d\u2019uscita a meno che non rompiamo questo circolo vizioso del debito\u201d.<\/p>\n<p><img loading=\"lazy\" decoding=\"async\" class=\"alignnone size-full wp-image-10802\" src=\"http:\/\/vocidallestero.it\/wp-content\/uploads\/Bagnai-CNN-figura-6.jpg\" alt=\"\" width=\"780\" height=\"439\" \/><\/p>\n<p>Panagiotopoulos vorrebbe che la Grecia si liberasse dall\u2019euro per ricominciare da capo.<\/p>\n<p>\u201cVogliamo solo poterci assicurare che noi, e i nostri bambini, possiamo avere un futuro dignitoso\u201d \u2013 ha detto \u2013 \u201c con l\u2019euro, non vedo come questo sia possibile\u201d.<\/p>\n<p><img loading=\"lazy\" decoding=\"async\" class=\"alignnone size-full wp-image-10803\" src=\"http:\/\/vocidallestero.it\/wp-content\/uploads\/Bagnai-CNN-figura-7.jpg\" alt=\"\" width=\"780\" height=\"250\" \/><\/p>\n<p><strong>L\u2019\u201deuro-bolla\u201d Irlandese<\/strong><\/p>\n<p>Vi ricordate della tigre celtica? L\u2019Irlanda ebbe una crescita travolgente nei primi anni dell\u2019euro, con tassi annuali di crescita medi del 6,5% tra il 1999 e il 2007.<\/p>\n<p>Keith Redmond, dentista e politico locale a Dublino, ricorda quegli anni con paura.<\/p>\n<p>\u201cNon era un boom. Era una bolla\u2026 un\u2019euro-bolla\u201d.<\/p>\n<p>Redmond sostiene che, non potendo regolare i suoi tassi di interesse, l\u2019Irlanda non \u00e8 riuscita a raffreddare la bolla. E quando questa \u00e8 esplosa, ha portato il sistema bancario irlandese sull\u2019orlo del collasso. L\u2019Irlanda \u00e8 stata costretta a tagliare la spesa.<\/p>\n<p>Ora l\u2019Irlanda ha svoltato e la sua economia \u00e8 tornata a crescere. Ma, secondo Redmond, l\u2019euro rimane un problema.<\/p>\n<p>\u201cIl problema fondamentale non \u00e8 stato risolto\u2026 potrebbe accadere tutto di nuovo. Il nostro sistema monetario non ha alcuna flessibilit\u00e0 per essere in grado di affrontare uno shock\u201d.<\/p>\n<p><img loading=\"lazy\" decoding=\"async\" class=\"alignnone size-full wp-image-10804\" src=\"http:\/\/vocidallestero.it\/wp-content\/uploads\/Bagnai-CNN-figura-8.jpg\" alt=\"\" width=\"780\" height=\"250\" \/><\/p>\n<p><strong>Il nazionalismo Francese<\/strong><\/p>\n<p>Vincent Brousseau \u00e8 un economista francese. Tuttavia secondo lui il problema dell\u2019euro non \u00e8 economico. Considera piuttosto la moneta comune una minaccia alla sovranit\u00e0 nazionale francese.<\/p>\n<p>\u201cNon \u00e8 francese\u201d dice, a proposito della moneta unica. \u201cNon importa se \u00e8 sopravvalutata o sottovalutata\u2026 il punto \u00e8 essere in grado di\u00a0prendere le nostre decisioni\u201d.<\/p>\n<p>Ha avuto un forte ripensamento. Fino a pochi anni fa Brousseau lavorava per la Banca Centrale Europea.<\/p>\n<p>\u201cQuando ho incominciato, alla BCE, pensavo che ci potesse essere una sola Europa, ero un europeista convinto\u201d \u2013 dice.<\/p>\n<p>Ma ha gradualmente cambiato opinione nei 15 anni spesi alla Banca Centrale, che stabiliva un tasso di interesse comune per 19 diversi paesi europei.<\/p>\n<p>\u201cMi sono reso conto che trasferire sovranit\u00e0 dalla Francia al superstato europeo non \u00e8 un bene per il Paese\u201d \u2013 ha detto Brousseau, che ora coordina la politica economica e monetaria del partito politico UPR.<\/p>\n<p><strong>Cosa ci aspetta<\/strong><\/p>\n<p>Gli oppositori dell\u2019euro sono in disaccordo su quello che ci aspetta.<\/p>\n<p>Redmond vorrebbe vedere l\u2019unione monetaria divisa in due. L\u2019attuale euro rimarrebbe in uso in Germania, Olanda e altri paesi economicamente forti. Un secondo euro, pi\u00f9 debole, verrebbe introdotto per Portogallo, Italia, Irlanda, Grecia e Spagna.<\/p>\n<p>Brousseau vorebbe che la Francia abbandonasse completamente l\u2019euro e ritornasse a utilizzare il franco. Non gli piacciono i compromessi proposti dalla candidata di estrema destra Marine Le Pen, che vuole abbandonare l\u2019euro, ma utilizzare una nuova moneta pan-europea in parallelo al franco.<\/p>\n<p>In Italia, Bagnai pensa che la fine dell\u2019euro sia inevitabile.<\/p>\n<p>\u201cSappiamo che il progetto potrebbe durare ancora un decennio, forse, ma \u00e8 destinato a fallire. E prima succeder\u00e0, meglio sar\u00e0\u201d.<\/p>\n<p><strong>fonte: <\/strong><a href=\"http:\/\/vocidallestero.it\/2017\/04\/19\/vogliono-sopprimere-leuro-perche-molti-europei-rivogliono-la-propria-moneta\/\" target=\"_blank\"><em>http:\/\/vocidallestero.it\/2017\/04\/19\/vogliono-sopprimere-leuro-perche-molti-europei-rivogliono-la-propria-moneta\/<\/em><\/a><\/p>\n","protected":false},"excerpt":{"rendered":"<p>di VOCI DALL&#8217;ESTERO La CNN dedica un articolo al problema europeo della moneta unica. Attraverso le interviste a diversi esperti e cittadini europei \u2013 in particolare il nostro \u00a0Alberto Bagnai, che apre e chiude l\u2019articolo \u2013 sono sottolineati i difetti fondamentali alla base dell\u2019unione monetaria: la mancanza di uno stato e di un\u2019identit\u00e0 europei, la grande diversit\u00e0 tra i paesi aderenti, la rigidit\u00e0 di un sistema che impone le stesse ricette a 19 economie in&#46;&#46;&#46;<\/p>\n","protected":false},"author":79,"featured_media":17269,"comment_status":"open","ping_status":"open","sticky":false,"template":"","format":"standard","meta":{"jetpack_post_was_ever_published":false,"_jetpack_newsletter_access":"","_jetpack_dont_email_post_to_subs":false,"_jetpack_newsletter_tier_id":0,"_jetpack_memberships_contains_paywalled_content":false,"_jetpack_memberships_contains_paid_content":false,"footnotes":"","jetpack_publicize_message":"","jetpack_publicize_feature_enabled":true,"jetpack_social_post_already_shared":true,"jetpack_social_options":{"image_generator_settings":{"template":"highway","enabled":false},"version":2}},"categories":[32],"tags":[],"jetpack_publicize_connections":[],"jetpack_featured_media_url":"https:\/\/appelloalpopolo.it\/wp-content\/uploads\/2016\/09\/voci-dallestero-1.png","jetpack_sharing_enabled":true,"jetpack_shortlink":"https:\/\/wp.me\/p7ZaJ4-7PQ","_links":{"self":[{"href":"https:\/\/appelloalpopolo.it\/index.php?rest_route=\/wp\/v2\/posts\/30122"}],"collection":[{"href":"https:\/\/appelloalpopolo.it\/index.php?rest_route=\/wp\/v2\/posts"}],"about":[{"href":"https:\/\/appelloalpopolo.it\/index.php?rest_route=\/wp\/v2\/types\/post"}],"author":[{"embeddable":true,"href":"https:\/\/appelloalpopolo.it\/index.php?rest_route=\/wp\/v2\/users\/79"}],"replies":[{"embeddable":true,"href":"https:\/\/appelloalpopolo.it\/index.php?rest_route=%2Fwp%2Fv2%2Fcomments&post=30122"}],"version-history":[{"count":1,"href":"https:\/\/appelloalpopolo.it\/index.php?rest_route=\/wp\/v2\/posts\/30122\/revisions"}],"predecessor-version":[{"id":30123,"href":"https:\/\/appelloalpopolo.it\/index.php?rest_route=\/wp\/v2\/posts\/30122\/revisions\/30123"}],"wp:featuredmedia":[{"embeddable":true,"href":"https:\/\/appelloalpopolo.it\/index.php?rest_route=\/wp\/v2\/media\/17269"}],"wp:attachment":[{"href":"https:\/\/appelloalpopolo.it\/index.php?rest_route=%2Fwp%2Fv2%2Fmedia&parent=30122"}],"wp:term":[{"taxonomy":"category","embeddable":true,"href":"https:\/\/appelloalpopolo.it\/index.php?rest_route=%2Fwp%2Fv2%2Fcategories&post=30122"},{"taxonomy":"post_tag","embeddable":true,"href":"https:\/\/appelloalpopolo.it\/index.php?rest_route=%2Fwp%2Fv2%2Ftags&post=30122"}],"curies":[{"name":"wp","href":"https:\/\/api.w.org\/{rel}","templated":true}]}}