{"id":30422,"date":"2017-05-01T21:08:04","date_gmt":"2017-05-01T19:08:04","guid":{"rendered":"http:\/\/appelloalpopolo.it\/?p=30422"},"modified":"2017-05-01T22:16:32","modified_gmt":"2017-05-01T20:16:32","slug":"il-fsi-e-i-tentativi-di-aggregazione-che-si-svilupperanno-prima-delle-elezioni-politiche","status":"publish","type":"post","link":"https:\/\/appelloalpopolo.it\/?p=30422","title":{"rendered":"Il FSI e i tentativi di aggregazione che si svilupperanno prima delle elezioni politiche"},"content":{"rendered":"<p style=\"text-align: justify;\"><img loading=\"lazy\" decoding=\"async\" class=\"alignnone size-medium wp-image-30423\" src=\"http:\/\/appelloalpopolo.it\/wp-content\/uploads\/2017\/05\/MIA-FOTO-2-300x240.jpg\" alt=\"\" width=\"300\" height=\"240\" srcset=\"https:\/\/appelloalpopolo.it\/wp-content\/uploads\/2017\/05\/MIA-FOTO-2-300x240.jpg 300w, https:\/\/appelloalpopolo.it\/wp-content\/uploads\/2017\/05\/MIA-FOTO-2.jpg 450w\" sizes=\"(max-width: 300px) 100vw, 300px\" \/><\/p>\n<p style=\"text-align: justify;\">Intervento all&#8217;Assemblea promossa dalla Confederazione per la Liberazione Nazionale (25 aprile, Roma)<\/p>\n<p style=\"text-align: justify;\">di Stefano D&#8217;Andrea<\/p>\n<p style=\"text-align: justify;\">Cari amici,<\/p>\n<p style=\"text-align: justify;\">desideravo molto essere presente tra voi ma sono costretto ad inviare questa mia breve comunicazione scritta, perch\u00e9, essendo candidato Sindaco nel Comune di Avezzano, oggi, approfittando anche di una frequentata e tradizionale Fiera cittadina, devo volantinare in piazza con i candidati alla carica di Consigliere. Affido la lettura del mio intervento ad Alfonso Genovese, militante romano del Fronte Sovranista Italiano.<\/p>\n<p style=\"text-align: justify;\">Intanto ringrazio a nome di tutto il FSI gli organizzatori di questa importante occasione di incontro.<\/p>\n<p style=\"text-align: justify;\">Poi esprimo apprezzamenti per i contenuti politici del Manifesto della Confederazione per la Liberazione Nazionale. Noto con piacere che, rispetto all\u2019ottobre 2011, quando concordai con Moreno Pasquinelli che dovevamo seguire due strade diverse, la posizione politica e il linguaggio si sono avvicinati a quelli dell\u2019ARS e poi del FSI. Permangono piccoli dissensi, relativi a parole o frasi, ma non vi \u00e8 alcuna ragione per soffermarmi oggi su tali irrilevanti differenze. Osservo inoltre che finalmente ogni vostra fiducia nei confronti del \u00a0M5S \u00e8 stata messa da parte.<\/p>\n<p style=\"text-align: justify;\">Ho invece qualche perplessit\u00e0 sul percorso che sembra emergere dal Manifesto, percorso che ovviamente si intreccia strettamente al tema dell\u2019organizzazione e dell\u2019alleanza tra le organizzazioni politiche sovraniste. Direi quindi che un pi\u00f9 significativo dissenso esiste per quanto riguarda il progetto e l\u2019organizzazione. Sinteticamente segnalo i tre punti che seguono.<\/p>\n<p style=\"text-align: justify;\">In primo luogo, dal\u00a0 Manifesto della Confederazione sembra emergere l\u2019idea, che considero del tutto infondata (non semplicemente improbabile), che un movimento di massa preceder\u00e0 l\u2019entrata in Parlamento della futura alleanza politica sovranista. Leggo nel Manifesto che \u201c<em>solo con il risveglio e la partecipazione attiva del popolo italiano, con una sollevazione consapevol<\/em>e\u2026\u201d ecc. ecc. o che \u201c<em>E\u2019 su questa base che milioni di persone potranno mobilitarsi, dando vita ad un ampio blocco sociale<\/em>\u201d. Io non lo credo minimamente: l\u2019alleanza entrer\u00e0 in Parlamento. Essa poi si semplificher\u00e0, eventualmente, in un partito e promuover\u00e0 un movimento popolare, che certamente, per un po\u2019 di tempo, sar\u00e0 diffuso ma non di massa. Se ho inteso male me ne scuso. In effetti le frasi citate indicano sollevazione e blocco sociale come presupposti per andare al governo, non per entrare in Parlamento. Ma allora quelle frasi mi sembrano anticipazioni di qualcosa che \u00e8 molto in l\u00e0 da venire. Ci\u00f2 che ora serve \u00e8 che entri in Parlamento l\u2019alleanza di alcune, poche, significative, forti, capaci organizzazioni politiche sovraniste: le frazioni dell\u2019alleanza sovranista.<\/p>\n<p style=\"text-align: justify;\">In secondo luogo, il Manifesto sembra lasciare aperta la possibilit\u00e0 che gi\u00e0 nelle elezioni del 2018, l\u2019alleanza sovranista \u2013 quella che noi del FSI chiamiamo alleanza sovranista, perch\u00e9 crediamo che e avr\u00e0 la forma dell\u2019alleanza \u00a0&#8211; possa entrare in Parlamento. Il punto non \u00e8 toccato ma proprio perch\u00e9 non \u00e8 toccato, mi sembra che il Manifesto lasci aperta questa ipotesi come possibile. \u00a0Anche questa speranza credo che sia del tutto infondata o almeno altamente improbabile. Proprio perch\u00e9 noi del FSI non crediamo percorribile una ipotesi del genere, nello Statuto abbiamo escluso di prendere iniziative. Se verranno amici sovranisti che avranno organizzato circa 4500 uomini e pi\u00f9 di 800 candidati (4500 uomini organizzati, non che si siano limitati a rispondere a un appello, e siano quindi 4500 individui ancora isolati, potenzialmente individualisti e narcisi, che non si conoscano e magari nemmeno stimano tra loro), noi metteremo a disposizione i 500 uomini mancanti e una ottantina di candidati, senza mettere bocca sul programma che sar\u00e0 stato scritto dagli organizzatori (sul programma ci fidiamo). Quindi, non prenderemo l\u2019iniziativa, non credendo nella riuscita, ma dichiariamo fin da adesso il nostro appoggio a chi l\u2019avr\u00e0 presa e sar\u00e0 riuscito ad aggregare e organizzare un sufficiente numero di uomini di valore.<\/p>\n<p style=\"text-align: justify;\">In terzo luogo, non direi che voi siate la \u201c<em>prima aggregazione<\/em>\u201d che dovr\u00e0 poi sfociare \u201c<em>nella costruzione di una forza popolare e patriottica all\u2019altezza d(e)i\u2026 compiti<\/em>\u201d che ci attendono. Credo che il Fronte Sovranista Italiano sia una aggregazione parallela alla vostra, che sia gi\u00e0 quasi in grado di dire: esisto come frazione della futura alleanza sovranista. Altri tentativi di aggregazione sono in corso, alcuni riusciti, anche se per ora hanno soltanto scopo divulgativo &#8211; alludo a quello promosso da Bagnai con la costituzione dell\u2019Associazione A\/Simmetrie \u2013; altri, di natura certamente politica, come Riscossa Italiana o Forza di Popolo in Sicilia, o in prospettiva di natura politica, alludo al progetto di Mauro Scardovelli, ed altri ancora, sono ancora nella fase del tentativo.<\/p>\n<p style=\"text-align: justify;\">Noi per Statuto, uno Statuto immodificabile, fino all\u2019assemblea nazionale del 2020, che potr\u00e0 modificarlo, siamo tenuti ed impegnati ad aumentare il numero e la qualit\u00e0 dei militati del FSI (abbiamo oltre 600 iscritti e ne abbiamo mobilitati 300 in occasione della nostra assemblea fondativa nel giugno 2016), ad aumentare il numero e la qualit\u00e0 dei documenti politici approvati dalle nostre assemblea, e ad aumentare il numero e la qualit\u00e0 delle azioni annuali (per comunicare ai presenti le nostre capacit\u00e0 di azione segnalo che in occasione del referendum del 4 dicembre abbiamo affisso manifesti in 69 citt\u00e0 e organizzato o co-organizzato o partecipato a oltre 100 iniziative per il sostegno al NO). Siamo anche impegnati e vincolati a sperimentare le nostre capacit\u00e0 di azione in alcune elezioni amministrative, comunali e regionali.<\/p>\n<p style=\"text-align: justify;\">Vi auguriamo di sviluppare la nostra capacit\u00e0 di aggregazione e di azione e se possibile anche una forza e una capacit\u00e0 superiori.<\/p>\n<p style=\"text-align: justify;\">Il compito che siamo destinati ad adempiere \u00e8 di dare finalmente al popolo italiano un grande partito che diventi un partito grande. E\u2019 un compito che si pu\u00f2 portare a termine soltanto con pazienza, costruendo mattone su mattone, e non sbagliando. Quando si sbaglia nella fase di costruzione, tutto ci\u00f2 che \u00e8 stato edificato crolla; e con la costruzione crolla anche l\u2019entusiasmo che lentamente era andato lievitando e si era andato accumulando.<\/p>\n<p style=\"text-align: justify;\">Auguri dunque alla Confederazione per la Liberazione Nazionale, perch\u00e9 gli uomini che essa oggi aggregher\u00e0, agendo e organizzandosi, riescano a farla crescere per numero e qualit\u00e0 dei militanti, a darle solidit\u00e0, quindi capacit\u00e0 di evitare scissioni e gi\u00e0 prima discussioni gruppettare, e a farla essere nel 2020 una fortissima frazione della futura Alleanza Sovranista.<\/p>\n<p style=\"text-align: justify;\">25 aprile 2017<\/p>\n<p style=\"text-align: justify;\">\u00a0\u00a0\u00a0\u00a0\u00a0\u00a0\u00a0\u00a0\u00a0\u00a0\u00a0\u00a0\u00a0\u00a0\u00a0\u00a0\u00a0\u00a0\u00a0\u00a0\u00a0\u00a0\u00a0\u00a0\u00a0\u00a0\u00a0\u00a0\u00a0\u00a0\u00a0\u00a0\u00a0\u00a0\u00a0\u00a0\u00a0\u00a0\u00a0\u00a0\u00a0\u00a0\u00a0\u00a0\u00a0\u00a0\u00a0\u00a0\u00a0\u00a0\u00a0\u00a0\u00a0\u00a0\u00a0\u00a0\u00a0\u00a0\u00a0\u00a0\u00a0\u00a0\u00a0\u00a0\u00a0\u00a0\u00a0\u00a0\u00a0\u00a0\u00a0\u00a0\u00a0\u00a0\u00a0\u00a0\u00a0\u00a0\u00a0\u00a0\u00a0\u00a0\u00a0\u00a0\u00a0\u00a0\u00a0\u00a0\u00a0\u00a0\u00a0\u00a0\u00a0\u00a0\u00a0\u00a0\u00a0\u00a0\u00a0\u00a0\u00a0\u00a0\u00a0\u00a0\u00a0\u00a0\u00a0\u00a0\u00a0\u00a0 Stefano D\u2019Andrea<\/p>\n","protected":false},"excerpt":{"rendered":"<p>Intervento all&#8217;Assemblea promossa dalla Confederazione per la Liberazione Nazionale (25 aprile, Roma) di Stefano D&#8217;Andrea Cari amici, desideravo molto essere presente tra voi ma sono costretto ad inviare questa mia breve comunicazione scritta, perch\u00e9, essendo candidato Sindaco nel Comune di Avezzano, oggi, approfittando anche di una frequentata e tradizionale Fiera cittadina, devo volantinare in piazza con i candidati alla carica di Consigliere. Affido la lettura del mio intervento ad Alfonso Genovese, militante romano del Fronte&#46;&#46;&#46;<\/p>\n","protected":false},"author":2,"featured_media":30423,"comment_status":"open","ping_status":"open","sticky":false,"template":"","format":"standard","meta":{"jetpack_post_was_ever_published":false,"_jetpack_newsletter_access":"","_jetpack_dont_email_post_to_subs":true,"_jetpack_newsletter_tier_id":0,"_jetpack_memberships_contains_paywalled_content":false,"_jetpack_memberships_contains_paid_content":false,"footnotes":"","jetpack_publicize_message":"","jetpack_publicize_feature_enabled":true,"jetpack_social_post_already_shared":true,"jetpack_social_options":{"image_generator_settings":{"template":"highway","enabled":false},"version":2}},"categories":[6],"tags":[1592,5678,1433],"jetpack_publicize_connections":[],"jetpack_featured_media_url":"https:\/\/appelloalpopolo.it\/wp-content\/uploads\/2017\/05\/MIA-FOTO-2.jpg","jetpack_sharing_enabled":true,"jetpack_shortlink":"https:\/\/wp.me\/p7ZaJ4-7UG","_links":{"self":[{"href":"https:\/\/appelloalpopolo.it\/index.php?rest_route=\/wp\/v2\/posts\/30422"}],"collection":[{"href":"https:\/\/appelloalpopolo.it\/index.php?rest_route=\/wp\/v2\/posts"}],"about":[{"href":"https:\/\/appelloalpopolo.it\/index.php?rest_route=\/wp\/v2\/types\/post"}],"author":[{"embeddable":true,"href":"https:\/\/appelloalpopolo.it\/index.php?rest_route=\/wp\/v2\/users\/2"}],"replies":[{"embeddable":true,"href":"https:\/\/appelloalpopolo.it\/index.php?rest_route=%2Fwp%2Fv2%2Fcomments&post=30422"}],"version-history":[{"count":2,"href":"https:\/\/appelloalpopolo.it\/index.php?rest_route=\/wp\/v2\/posts\/30422\/revisions"}],"predecessor-version":[{"id":30425,"href":"https:\/\/appelloalpopolo.it\/index.php?rest_route=\/wp\/v2\/posts\/30422\/revisions\/30425"}],"wp:featuredmedia":[{"embeddable":true,"href":"https:\/\/appelloalpopolo.it\/index.php?rest_route=\/wp\/v2\/media\/30423"}],"wp:attachment":[{"href":"https:\/\/appelloalpopolo.it\/index.php?rest_route=%2Fwp%2Fv2%2Fmedia&parent=30422"}],"wp:term":[{"taxonomy":"category","embeddable":true,"href":"https:\/\/appelloalpopolo.it\/index.php?rest_route=%2Fwp%2Fv2%2Fcategories&post=30422"},{"taxonomy":"post_tag","embeddable":true,"href":"https:\/\/appelloalpopolo.it\/index.php?rest_route=%2Fwp%2Fv2%2Ftags&post=30422"}],"curies":[{"name":"wp","href":"https:\/\/api.w.org\/{rel}","templated":true}]}}