{"id":32051,"date":"2017-06-16T11:39:50","date_gmt":"2017-06-16T09:39:50","guid":{"rendered":"http:\/\/appelloalpopolo.it\/?p=32051"},"modified":"2017-06-16T11:40:20","modified_gmt":"2017-06-16T09:40:20","slug":"32051","status":"publish","type":"post","link":"https:\/\/appelloalpopolo.it\/?p=32051","title":{"rendered":"Michael Hudson: austerit\u00e0"},"content":{"rendered":"<p><strong>di RETE MMT<\/strong><\/p>\n<div class=\"video-container\"><span class=\"embed-youtube\" style=\"text-align:center; display: block;\"><iframe loading=\"lazy\" class=\"youtube-player\" width=\"640\" height=\"360\" src=\"https:\/\/www.youtube.com\/embed\/NB2y4h3kk14?version=3&#038;rel=1&#038;showsearch=0&#038;showinfo=1&#038;iv_load_policy=1&#038;fs=1&#038;hl=it-IT&#038;autohide=2&#038;wmode=transparent\" allowfullscreen=\"true\" style=\"border:0;\" sandbox=\"allow-scripts allow-same-origin allow-popups allow-presentation allow-popups-to-escape-sandbox\"><\/iframe><\/span><\/div>\n<p>Austerit\u00e0: non \u00e8 solo una questione di ideologia, ma anche di interessi. I loro. Per questo \u00e8 nel tuo interesse che lo Stato spenda in deficit.<\/p>\n<p><strong>Fonte<\/strong>:<a href=\"http:\/\/www.retemmt.it\/michael-hudson-austerita\/\">http:\/\/www.retemmt.it\/michael-hudson-austerita\/<\/a><\/p>\n","protected":false},"excerpt":{"rendered":"<p>di RETE MMT Austerit\u00e0: non \u00e8 solo una questione di ideologia, ma anche di interessi. I loro. Per questo \u00e8 nel tuo interesse che lo Stato spenda in deficit. Fonte:http:\/\/www.retemmt.it\/michael-hudson-austerita\/<\/p>\n","protected":false},"author":77,"featured_media":17878,"comment_status":"open","ping_status":"open","sticky":false,"template":"","format":"standard","meta":{"jetpack_post_was_ever_published":false,"_jetpack_newsletter_access":"","_jetpack_dont_email_post_to_subs":false,"_jetpack_newsletter_tier_id":0,"_jetpack_memberships_contains_paywalled_content":false,"_jetpack_memberships_contains_paid_content":false,"footnotes":"","jetpack_publicize_message":"","jetpack_publicize_feature_enabled":true,"jetpack_social_post_already_shared":true,"jetpack_social_options":{"image_generator_settings":{"template":"highway","enabled":false},"version":2}},"categories":[32],"tags":[],"jetpack_publicize_connections":[],"jetpack_featured_media_url":"https:\/\/appelloalpopolo.it\/wp-content\/uploads\/2016\/09\/rete-mmt.jpg","jetpack_sharing_enabled":true,"jetpack_shortlink":"https:\/\/wp.me\/s7ZaJ4-32051","_links":{"self":[{"href":"https:\/\/appelloalpopolo.it\/index.php?rest_route=\/wp\/v2\/posts\/32051"}],"collection":[{"href":"https:\/\/appelloalpopolo.it\/index.php?rest_route=\/wp\/v2\/posts"}],"about":[{"href":"https:\/\/appelloalpopolo.it\/index.php?rest_route=\/wp\/v2\/types\/post"}],"author":[{"embeddable":true,"href":"https:\/\/appelloalpopolo.it\/index.php?rest_route=\/wp\/v2\/users\/77"}],"replies":[{"embeddable":true,"href":"https:\/\/appelloalpopolo.it\/index.php?rest_route=%2Fwp%2Fv2%2Fcomments&post=32051"}],"version-history":[{"count":2,"href":"https:\/\/appelloalpopolo.it\/index.php?rest_route=\/wp\/v2\/posts\/32051\/revisions"}],"predecessor-version":[{"id":32053,"href":"https:\/\/appelloalpopolo.it\/index.php?rest_route=\/wp\/v2\/posts\/32051\/revisions\/32053"}],"wp:featuredmedia":[{"embeddable":true,"href":"https:\/\/appelloalpopolo.it\/index.php?rest_route=\/wp\/v2\/media\/17878"}],"wp:attachment":[{"href":"https:\/\/appelloalpopolo.it\/index.php?rest_route=%2Fwp%2Fv2%2Fmedia&parent=32051"}],"wp:term":[{"taxonomy":"category","embeddable":true,"href":"https:\/\/appelloalpopolo.it\/index.php?rest_route=%2Fwp%2Fv2%2Fcategories&post=32051"},{"taxonomy":"post_tag","embeddable":true,"href":"https:\/\/appelloalpopolo.it\/index.php?rest_route=%2Fwp%2Fv2%2Ftags&post=32051"}],"curies":[{"name":"wp","href":"https:\/\/api.w.org\/{rel}","templated":true}]}}