{"id":32766,"date":"2017-07-06T10:17:20","date_gmt":"2017-07-06T08:17:20","guid":{"rendered":"http:\/\/appelloalpopolo.it\/?p=32766"},"modified":"2017-07-06T10:17:20","modified_gmt":"2017-07-06T08:17:20","slug":"il-grande-cortocircuito","status":"publish","type":"post","link":"https:\/\/appelloalpopolo.it\/?p=32766","title":{"rendered":"Il grande cortocircuito"},"content":{"rendered":"<div class=\"postcontent\">\n<p>di <strong>L&#8217;INTELLETTUALE DISSIDENTE (Antonio Martino)<\/strong><\/p>\n<p>Nella vita di un <strong>moderato medio<\/strong> esistono delle certezze inscalfibili, temprate con la paziente tenacia dell\u2019ameba lungo anni di inconsistente piattume mentale. La brava copia di <em>Repubblica<\/em> sottobraccio, una risatina- contenuta, per carit\u00e0!- alla lettura del tagliente corsivo di Michele Serra (che non faccia pi\u00f9 ridere dai tempi di <em>Cuore<\/em> \u00e8 un problema ignoto a chi non sa cosa sia l\u2019umorismo\u2026), il solito cornetto <em>ecobio<\/em> condito di insulse ovviet\u00e0 perbeniste: la mattina tipo del progressista si avvia a ripetere ogni d\u00ec <strong>l\u2019eterna commedia del vecchio compagno<\/strong> che, appeso l\u2019eskimo e la barba per un completo <em>Facis<\/em> e un paio di calvizie piccoloborghesi, si ritiene sempre fedele al fanciullino che era non dimenticando l\u2019eterna lotta degli ultimi e degli sfruttati. Passata la moda della contestazione parolaia e inconcludente, egli ha indossato tutti gli abiti della sinistra giusta senza mai fermarsi a pensare- non potendo\u2026- che il suo era il <strong>moto di una pecora in un gregge<\/strong>. La felicit\u00e0 consiste a volte anche nel credere di sapere non sapendo in realt\u00e0 nulla: guastare un idillio simile \u00e8 follia.<\/p>\n<p>Naturalmente il fedele discepolo di Scalfari suole distinguere, in ufficio o al cospetto di signore ingioiellate, tra chi <em>merita<\/em> la sua compassione e chi, invece, <em>giustamente<\/em> annaspa nella nera miseria. I <strong>fratelli migranti<\/strong> mica sono corrotti, inefficienti, cialtroni e lamentosi come gli italiani: <a href=\"https:\/\/il-pedante.tumblr.com\/image\/131247425022\">l\u2019autorazzismo<\/a>, cocaina del radical chic, sommato al peloso umanitarismo d\u2019accatto offre agli orfani di Berlinguer un potente palliativo per affrontare le noiose serate in societ\u00e0.<\/p>\n<blockquote><p>La narrazione elaborata per le anime belle del <strong>nostro capitalismo<\/strong> <strong>straccione<\/strong> andava a meraviglia, trovando sulla strada della pietas da operetta <em>el Papa<\/em> e lady Boldrini, Gassman junior e il sempre vigile Saviano.<\/p><\/blockquote>\n<p>Se la cantavano e se la suonavano tra loro, <strong>ottimati<\/strong> di un\u2019oligarchia immonda, rifuggendo da ogni confronto con la comoda scialuppa del complottismo in salsa fasciorazzista. Tralasciando per un momento l\u2019oscena disparit\u00e0 di trattamento instaurata tra italiani e migranti, alle anime belle sfuggiva qualunque accenno di dubbio circa le bestiali sofferenze a cui gli \u201csbarcati\u201d si sottoponevano per giungere in Libia e da l\u00ec, per mezzo di gentili signori della malavita locale, affrontare il Mediterraneo su gommoni made in China dopo aver <strong>letteralmente bruciato<\/strong> migliaia di chilometri tra le arse sabbie del deserto. Dimenticavano, gli aedi del buonismo in favor di telecamere, che la gran parte di questi <strong>sventurati<\/strong> una volta giunte nel Belpaese finisce in altrettante <strong>ributtanti condizioni<\/strong> di squallore, degrado e sfruttamento per favorire un circolo ristretto di cooperative- sulla cui legalit\u00e0 sarebbe meglio stendere un velo pietoso- e ingrassare i porci ingranaggi del sottobosco politico.<\/p>\n<p>La vita sociale \u00e8 fatta di miti, e quello dell\u2019immigrazione era un <strong>racconto fantastico<\/strong> che permetteva a chi lo sosteneva di sentirsi buono, pulito, <em>umano<\/em>, mentre le barbarie populiste tornavano (non si sa n\u00e9 quando n\u00e9 da dove erano partite) sul Vecchio Continente. Un piccolo esempio di quanto meschino sia questo modo di non-pensare lo aveva dimostrato <strong>l\u2019uomo Rio Mare<\/strong> su <a href=\"http:\/\/www.liberoquotidiano.it\/resizer\/610\/-1\/false\/1497896629752.jpg--.jpg?1497896639000\">Twitter<\/a>. In un colpo solo cadevano tonnellate di carta pesta retorica, e <strong>l\u2019immigrato diveniva lo Zio Tom<\/strong> delle assolate campagne d\u2019Italia: chi non vuole i pomodori sulla propria tavola? Vedete che alla fine l\u2019immigrazione conviene a tutti? Peccato che non sia cos\u00ec, e <a href=\"http:\/\/www.ilfattoquotidiano.it\/2015\/08\/19\/puglia-bracciante-morta-nei-campi-per-un-malore-procura-indaga-su-autista-bus\/1968672\/\">fatti orridi<\/a> dimostrano come gli eventi vengano ormai sepolti dalle opinioni. Piccolo assaggio di una weltanschauung precisa.<\/p>\n<blockquote><p>I vari idioti dimostravano ciarlando la loro <strong>infima considerazione<\/strong> dell\u2019Uomo: il Migrante per costoro \u00e8 un feticcio cos\u00ec come lo era quarant\u2019anni fa l\u2019operaio proletario.<\/p><\/blockquote>\n<p>Che un nigeriano vada a prostituirsi per comprare la droga o <strong>passi le sue giornate a rincoglionirsi<\/strong> con il Wi-Fi \u00e8 un problema che l\u2019anima bella non considera neppure. Il Migrante \u00e8 l\u2019anti-Italiano, <strong>un\u2019umanit\u00e0 reificata<\/strong> su cui trasferire tutte le qualit\u00e0 che il popolo italiano- di cui il radical chic <u>non vuole<\/u> far parte- non conosce per tare di razza e di classe.<\/p>\n<p>Doveva infine venire <strong>Tito Boeri<\/strong>, vecchio compagno capellone divenuto padre padrone dell\u2019INPS e del futuro di milioni di lavoratori italiani, a compiere il capolavoro definitivo: <a href=\"http:\/\/www.corriere.it\/economia\/17_luglio_04\/boeri-chiudere-frontiere-migranti-costerebbe-38-miliardi-bcb27ab6-609d-11e7-b845-9e35989ae7e4.shtml\">portare il conto dell\u2019immigrazione<\/a>, la <strong>parcella<\/strong> che l\u2019immigrato-massa pagher\u00e0 per <em>permettere<\/em> al poltrone italiano un briciolo di pensione. <strong>Chiudere le frontiere<\/strong>, mentre la solidariet\u00e0 \u20acuropea va a farsi benedire distruggendo l\u2019illusione dell\u2019UE patria comune, se per Francia e Spagna corrisponde a un interesse\u2026nazionale per noi equivale a una follia economica. L\u2019Italia perderebbe ben <strong>38 miliardi fino al 2040<\/strong>: il fu compagno Tito si dispera perch\u00e9<\/p>\n<blockquote><p><em>\u00abgli immigrati che arrivano da noi siano sempre pi\u00f9 giovani: la quota degli under 25 che cominciano a contribuire all\u2019Inps \u00e8 passata dal 27,5% del 1996 al 35% del 2015. In termini assoluti si tratta di 150.000 contribuenti in pi\u00f9 ogni anno\u00bb. In questo modo ha spiegato il presidente: \u00abCompensano il calo delle nascite nel nostro Paese, la minaccia pi\u00f9 grave alla sostenibilit\u00e0 del nostro sistema pensionistico, che \u00e8 attrezzato per reggere ad un aumento della longevit\u00e0, ma che sarebbe messo in seria difficolt\u00e0 da ulteriori riduzioni delle coorti in ingresso nei registri dei contribuenti rispetto agli scenari demografici di lungo periodo\u00bb<\/em><\/p><\/blockquote>\n<p>Trentotto miliardi sono tanti, in effetti. Equivalgono a quanto paghiamo <strong><u>ogni sei mesi <\/u><\/strong>per gli interessi sul debito pubblico fatto schizzare per trent\u2019anni da una <a href=\"http:\/\/www.ilsole24ore.com\/fc?cmd=art&amp;artId=891110\">logica liberista eversiva<\/a>: questo per\u00f2 Tito nostro non lo dice, cos\u00ec come <strong>evita di chiarire<\/strong> il nodo cruciale dell\u2019occupazione giovanile a cui segue il problema delle nascite.<\/p>\n<blockquote><p>Quando un giovane su due non lavora, come si pu\u00f2 credere che l\u2019afflusso di pari-et\u00e0 stranieri possa giovare al processo produttivo e quindi alla dinamica demografica?<\/p><\/blockquote>\n<p>Osiamo rispondere. Si vuole evidentemente introdurre a forza una massa di individui da arruolare nell\u2019esercito industriale di riserva per <strong>deprimere la quota salari<\/strong> e rendere di nuovo competitive aziende distrutte da una <strong>moneta criminale<\/strong> e da un altrettanto folle politica economica: che a parit\u00e0 di condizioni strutturali una famiglia africana faccia pi\u00f9 figli di una italiana \u00e8 un fatto oggettivo, figurarsi quando i \u201cnativi\u201d sono afflitti da vent\u2019anni di decrescita economica e disoccupazione endemica.<\/p>\n<p><span style=\"font-size: 10pt\"><em>La crescita\u00a0della popolazione italiana si blocca guardacaso con l\u2019avvento del vincolo esterno e la fine della crescita economica. Il rialzo degli ultimi quindici anni \u00e8 frutto in gran parte delle famiglie immigrate.<\/em><\/span><\/p>\n<p>Si torna allora al <strong>punto di partenza<\/strong> (e al tonno). Il moderatino che beve il suo bravo caff\u00e8 al bar ciarlando della venuta dei nuovi Hitler <em>\u201cperch\u00e9 lo dice Santoro su Rai Tre\u201d<\/em> \u00e8 l\u2019idiota terminale di una <strong>lunga catena ideologica<\/strong> che vede l\u2019Uomo nella sua interezza come mero fattore produttivo, un atomo da cui strappare energia, forza e financo l\u2019anima. Reso <strong>merce<\/strong>, l\u2019individuo viene scambiato lungo le traiettorie del Capitale smembrando secoli di legami e millenni di Civilt\u00e0. In questo scenario, l\u2019italiano e l\u2019immigrato sono dalla <strong>stessa parte della barricata<\/strong>, Uomini contro le vere barbarie. Occorrerebbe capire che il naturale scudo alle ingiurie mortali dei pescecani della finanza sia rappresentato ancora una volta dagli Stati Nazionali, indipendenti e sovrani: ma la logica, oggigiorno, \u00e8 una merce ben pi\u00f9 rara dell\u2019idiozia.<\/p>\n<p><strong>fonte: <\/strong><em><a href=\"http:\/\/www.lintellettualedissidente.it\/corsivi\/immigrati-tito-boeri\/\" target=\"_blank\" rel=\"noopener noreferrer\">http:\/\/www.lintellettualedissidente.it\/corsivi\/immigrati-tito-boeri\/<\/a><\/em><\/p>\n<\/div>\n","protected":false},"excerpt":{"rendered":"<p>di L&#8217;INTELLETTUALE DISSIDENTE (Antonio Martino) Nella vita di un moderato medio esistono delle certezze inscalfibili, temprate con la paziente tenacia dell\u2019ameba lungo anni di inconsistente piattume mentale. La brava copia di Repubblica sottobraccio, una risatina- contenuta, per carit\u00e0!- alla lettura del tagliente corsivo di Michele Serra (che non faccia pi\u00f9 ridere dai tempi di Cuore \u00e8 un problema ignoto a chi non sa cosa sia l\u2019umorismo\u2026), il solito cornetto ecobio condito di insulse ovviet\u00e0 perbeniste:&#46;&#46;&#46;<\/p>\n","protected":false},"author":79,"featured_media":17413,"comment_status":"open","ping_status":"open","sticky":false,"template":"","format":"standard","meta":{"jetpack_post_was_ever_published":false,"_jetpack_newsletter_access":"","_jetpack_dont_email_post_to_subs":false,"_jetpack_newsletter_tier_id":0,"_jetpack_memberships_contains_paywalled_content":false,"_jetpack_memberships_contains_paid_content":false,"footnotes":"","jetpack_publicize_message":"","jetpack_publicize_feature_enabled":true,"jetpack_social_post_already_shared":true,"jetpack_social_options":{"image_generator_settings":{"template":"highway","enabled":false},"version":2}},"categories":[32],"tags":[],"jetpack_publicize_connections":[],"jetpack_featured_media_url":"https:\/\/appelloalpopolo.it\/wp-content\/uploads\/2016\/09\/intellettuale-dissidente-e1474974730908.jpg","jetpack_sharing_enabled":true,"jetpack_shortlink":"https:\/\/wp.me\/p7ZaJ4-8wu","_links":{"self":[{"href":"https:\/\/appelloalpopolo.it\/index.php?rest_route=\/wp\/v2\/posts\/32766"}],"collection":[{"href":"https:\/\/appelloalpopolo.it\/index.php?rest_route=\/wp\/v2\/posts"}],"about":[{"href":"https:\/\/appelloalpopolo.it\/index.php?rest_route=\/wp\/v2\/types\/post"}],"author":[{"embeddable":true,"href":"https:\/\/appelloalpopolo.it\/index.php?rest_route=\/wp\/v2\/users\/79"}],"replies":[{"embeddable":true,"href":"https:\/\/appelloalpopolo.it\/index.php?rest_route=%2Fwp%2Fv2%2Fcomments&post=32766"}],"version-history":[{"count":1,"href":"https:\/\/appelloalpopolo.it\/index.php?rest_route=\/wp\/v2\/posts\/32766\/revisions"}],"predecessor-version":[{"id":32767,"href":"https:\/\/appelloalpopolo.it\/index.php?rest_route=\/wp\/v2\/posts\/32766\/revisions\/32767"}],"wp:featuredmedia":[{"embeddable":true,"href":"https:\/\/appelloalpopolo.it\/index.php?rest_route=\/wp\/v2\/media\/17413"}],"wp:attachment":[{"href":"https:\/\/appelloalpopolo.it\/index.php?rest_route=%2Fwp%2Fv2%2Fmedia&parent=32766"}],"wp:term":[{"taxonomy":"category","embeddable":true,"href":"https:\/\/appelloalpopolo.it\/index.php?rest_route=%2Fwp%2Fv2%2Fcategories&post=32766"},{"taxonomy":"post_tag","embeddable":true,"href":"https:\/\/appelloalpopolo.it\/index.php?rest_route=%2Fwp%2Fv2%2Ftags&post=32766"}],"curies":[{"name":"wp","href":"https:\/\/api.w.org\/{rel}","templated":true}]}}