{"id":35515,"date":"2017-10-23T12:00:59","date_gmt":"2017-10-23T10:00:59","guid":{"rendered":"http:\/\/appelloalpopolo.it\/?p=35515"},"modified":"2017-10-23T07:31:57","modified_gmt":"2017-10-23T05:31:57","slug":"racconti-sovranisti-quel-12-maggio-2012","status":"publish","type":"post","link":"https:\/\/appelloalpopolo.it\/?p=35515","title":{"rendered":"Racconti sovranisti: &#8220;Quel 12 maggio 2012&#8221;"},"content":{"rendered":"<p style=\"text-align: justify;\">di <strong>GIANLUCA BALDINI (FSI Pescara)<\/strong><\/p>\n<p style=\"text-align: justify;\">Mentre i miei interlocutori si scambiavano con disinvoltura il mozzicone di quella che avevo intuito essere una canna &#8211; ne ebbi la conferma non appena il denso fumo che espiravano ostinatamente nella mia direzione mi pervase le narici &#8211; i miei pensieri divagavano solcando itinerari immaginari tra gli alveoli dei loro generosi denti rivestiti di una patina gialla tendente all\u2019ocra. Colsi solo l\u2019essenziale di quella conversazione, tanto ero pieno di emozioni e ricolmo di aspettative in quella umida giornata primaverile milanese. Erano fratello e sorella, avevo trovato il loro appartamento su uno di quei siti che censiscono B&amp;B. Dal viso incartapecorito li immaginai cinquantenni rovinati da una vita di eccessi, e dunque con la pelle raggrinzita di chi \u00e8 pi\u00f9 vicino agli ottanta. Nei lineamenti ricordavano Plinio Fernando, l\u2019attore che interpretava Mariangela Fantozzi nei film di Villaggio. La loro somiglianza mi sugger\u00ec che doveva trattarsi di una coppia di gemelli eterozigoti e anche quel singolare modo di darsi il cambio durante la conversazione, in una staffetta coordinata scandita a ritmi precisi, gli stessi con cui si passavano lo spinello tra le dita ossute e affusolate che facevano pendant con i denti, di una tonalit\u00e0 di giallo appena pi\u00f9 chiara, mi diede l\u2019idea di una coppia molto affiatata, quasi simbiotica.<\/p>\n<p style=\"text-align: justify;\">Quando quella stessa sera vidi Domenico, davanti a una birra gelata, sentii il bisogno di raccontargli dettagliatamente l\u2019incontro di quella mattina, sorvolando sulle attivit\u00e0 e le conoscenze che avevano animato la mia giornata. \u201cGiancu sei finito a casa di due toffa!\u201d, mi disse, riesumando un vocabolo che avevamo appreso a Pavia dal Fr\u00e0 dieci anni prima, quando ci spieg\u00f2 che Max Pezzali aveva la nominata del tossico e frequentava il Transylvania. \u201cChi altro potrebbe accogliere uno sconosciuto con un cannone in bocca?\u201d. Il fatto che non mi avessero chiesto neanche i documenti per l\u2019accredito n\u00e9 il pagamento anticipato della notte mi fece propendere per la tesi del Dome. In effetti quella scena mi \u00e8 rimasta stampata nella memoria e, ad oggi, la rielaboro con la fotografia di un film d\u2019autore.<\/p>\n<p style=\"text-align: justify;\">Quella mattina, scambiati i convenevoli e presi accordi sul resto, abbandonai i miei bagagli nella camera che mi avevano assegnato e mi diressi verso il luogo di incontro. Via Paolo Sarpi \u00e8 quella strada in cui tutti i milanesi hanno gli occhi a mandorla e le insegne colorate riportano le informazioni utili in ideogrammi cinesi. Nonostante ci\u00f2 giunsi a destinazione senza grandi complicazioni. Google maps fu la mia stella cometa e la fila fuori dal locale mi rassicur\u00f2 circa la precisione dell\u2019itinerario suggerito dallo smartphone.<\/p>\n<p style=\"text-align: justify;\">Messo il naso nell\u2019area in cui si sarebbe svolto il convegno mi prodigo nel cercare con gli occhi frenetici che si arrampicano sulle pareti di legno il sosia di Paolo Di Canio che conoscevo solo via social. Lo trovo e mi presento. La cronaca di quei due giorni di seminario sulla moneta e l\u2019Unione Europea non conferirebbe un grammo di aggiuntivit\u00e0 al racconto, infatti non alberga nulla nei miei ricordi. Al termine dell\u2019iniziativa acquistai due libercoli, uno rosso e uno nero, che giacciono ancora nella mia libreria senza aver mai goduto delle mie carezze e dei miei sguardi. Quel 12 maggio di cinque anni fa per\u00f2 mi \u00e8 cambiata la vita.<\/p>\n<p style=\"text-align: justify;\">Pochi giorni dopo Lorenzo avrei conosciuto Andrea. Organizzammo un pranzo infrasettimanale da me, bucatini al sugo di pomodoro. Se non ricordo male indossavo la stessa camicia celeste Delsiena che avevo messo a Milano. Andrea si present\u00f2 con quei muffin americani ai mirtilli con la panna &#8211; o forse meringa &#8211; e la moneta di cioccolata piantata sopra di cui ancora parliamo oggi. Intorno a quel tavolo io, Andrea, Lorenzo e Giovanni. Ci soprannominammo ironicamente i \u201cPescara Boys\u201d. Quell\u2019incontro segn\u00f2 l\u2019inizio di un percorso che vale una vita. Una strada che ci avrebbe portato da Milano a Rimini e da l\u00ec a Roma, pochi mesi dopo, al cospetto di un nostro conterraneo che ci avrebbe aperto la mente iniziandoci al sovranismo. Capii che era solo l\u2019inizio e oggi, voltando lo sguardo al passato, capisco quanto siamo maturati e quanto ancora cresceremo restando uniti.<\/p>\n<p style=\"text-align: justify;\">Devo tutto a loro. A\u00a0<a href=\"https:\/\/www.facebook.com\/lorenzodonofrio?fref=mentions\" data-hovercard=\"\/ajax\/hovercard\/user.php?id=1043888409&amp;extragetparams=%7B%22fref%22%3A%22mentions%22%7D\" data-hovercard-prefer-more-content-show=\"1\">Lorenzo<\/a>, ad\u00a0<a href=\"https:\/\/www.facebook.com\/afranceschelli?fref=mentions\" data-hovercard=\"\/ajax\/hovercard\/user.php?id=1352847620&amp;extragetparams=%7B%22fref%22%3A%22mentions%22%7D\" data-hovercard-prefer-more-content-show=\"1\">Andrea<\/a>, a\u00a0<a href=\"https:\/\/www.facebook.com\/stefano.dandrea.10?fref=mentions\" data-hovercard=\"\/ajax\/hovercard\/user.php?id=100002422616001&amp;extragetparams=%7B%22fref%22%3A%22mentions%22%7D\" data-hovercard-prefer-more-content-show=\"1\">Stefano<\/a>, e tutti coloro i quali, in questi anni, mi hanno insegnato a ragionare e ad osare. E a quanti di loro continuano a farlo, a darmi ogni giorno lezioni di vita, dalla teoria alla prassi. Questa \u00e8 la mia versione. L\u2019incipit della storia dei patrioti italiani del XXI secolo raccontata dalla mia prospettiva. Forse siamo solo all\u2019inizio degli anni \u201820 dell\u2019Ottocento, come ha detto Andrea, forse siamo un\u2019avanguardia che lavora per qualcosa che non vedr\u00e0 mai realizzarsi con i suoi occhi. Forse. Ma non per questo cederemo, non ci fermeremo mai, non ci fermer\u00e0 nessuno.<\/p>\n<p style=\"text-align: justify;\"><em>&#8220;Ho smesso di lamentarmi da tempo di tutto. Ho cominciato a sperare. Poi ho smesso di sperare quando ho maturato la convinzione che la realt\u00e0 si possa cambiare. Ho incontrato delle persone come me ed ho capito che non ero pazzo. Ho studiato con loro, abbiamo viaggiato insieme su e gi\u00f9 per l&#8217;Italia, ci siamo raccontati le nostre preoccupazioni e fatti forza l&#8217;un l\u2019altro. Ora \u00e8 giunto il momento di trascinare con noi quante pi\u00f9 persone vogliano partecipare alla liberazione di questo paese dalla schiavit\u00f9 imposta dai mercati e dagli eurocrati. Se non lo faremo, l&#8217;alternativa futura sar\u00e0 soffrire e morire, senza neppure avere il diritto di farlo dignitosamente, in un letto di ospedale, protetti e sedati. Forse noi non godremo dei frutti del nostro impegno, ma \u00e8 una promessa cha facciamo ai nostri figli.&#8221;<\/em><\/p>\n","protected":false},"excerpt":{"rendered":"<p>di GIANLUCA BALDINI (FSI Pescara) Mentre i miei interlocutori si scambiavano con disinvoltura il mozzicone di quella che avevo intuito essere una canna &#8211; ne ebbi la conferma non appena il denso fumo che espiravano ostinatamente nella mia direzione mi pervase le narici &#8211; i miei pensieri divagavano solcando itinerari immaginari tra gli alveoli dei loro generosi denti rivestiti di una patina gialla tendente all\u2019ocra. Colsi solo l\u2019essenziale di quella conversazione, tanto ero pieno di&#46;&#46;&#46;<\/p>\n","protected":false},"author":78,"featured_media":35516,"comment_status":"open","ping_status":"open","sticky":false,"template":"","format":"standard","meta":{"jetpack_post_was_ever_published":false,"_jetpack_newsletter_access":"","_jetpack_dont_email_post_to_subs":false,"_jetpack_newsletter_tier_id":0,"_jetpack_memberships_contains_paywalled_content":false,"_jetpack_memberships_contains_paid_content":false,"footnotes":"","jetpack_publicize_message":"","jetpack_publicize_feature_enabled":true,"jetpack_social_post_already_shared":true,"jetpack_social_options":{"image_generator_settings":{"template":"highway","enabled":false},"version":2}},"categories":[261,6],"tags":[3532,46,47,2403,5169,22,54],"jetpack_publicize_connections":[],"jetpack_featured_media_url":"https:\/\/appelloalpopolo.it\/wp-content\/uploads\/2017\/10\/sar_01_672-458_resize.jpg","jetpack_sharing_enabled":true,"jetpack_shortlink":"https:\/\/wp.me\/p7ZaJ4-9eP","_links":{"self":[{"href":"https:\/\/appelloalpopolo.it\/index.php?rest_route=\/wp\/v2\/posts\/35515"}],"collection":[{"href":"https:\/\/appelloalpopolo.it\/index.php?rest_route=\/wp\/v2\/posts"}],"about":[{"href":"https:\/\/appelloalpopolo.it\/index.php?rest_route=\/wp\/v2\/types\/post"}],"author":[{"embeddable":true,"href":"https:\/\/appelloalpopolo.it\/index.php?rest_route=\/wp\/v2\/users\/78"}],"replies":[{"embeddable":true,"href":"https:\/\/appelloalpopolo.it\/index.php?rest_route=%2Fwp%2Fv2%2Fcomments&post=35515"}],"version-history":[{"count":2,"href":"https:\/\/appelloalpopolo.it\/index.php?rest_route=\/wp\/v2\/posts\/35515\/revisions"}],"predecessor-version":[{"id":35518,"href":"https:\/\/appelloalpopolo.it\/index.php?rest_route=\/wp\/v2\/posts\/35515\/revisions\/35518"}],"wp:featuredmedia":[{"embeddable":true,"href":"https:\/\/appelloalpopolo.it\/index.php?rest_route=\/wp\/v2\/media\/35516"}],"wp:attachment":[{"href":"https:\/\/appelloalpopolo.it\/index.php?rest_route=%2Fwp%2Fv2%2Fmedia&parent=35515"}],"wp:term":[{"taxonomy":"category","embeddable":true,"href":"https:\/\/appelloalpopolo.it\/index.php?rest_route=%2Fwp%2Fv2%2Fcategories&post=35515"},{"taxonomy":"post_tag","embeddable":true,"href":"https:\/\/appelloalpopolo.it\/index.php?rest_route=%2Fwp%2Fv2%2Ftags&post=35515"}],"curies":[{"name":"wp","href":"https:\/\/api.w.org\/{rel}","templated":true}]}}