{"id":35531,"date":"2017-10-23T13:00:46","date_gmt":"2017-10-23T11:00:46","guid":{"rendered":"http:\/\/appelloalpopolo.it\/?p=35531"},"modified":"2017-10-22T18:30:03","modified_gmt":"2017-10-22T16:30:03","slug":"gazebo-sovranista-a-ravenna-2","status":"publish","type":"post","link":"https:\/\/appelloalpopolo.it\/?p=35531","title":{"rendered":"Prima azione FSI del II anno: Gazebo sovranista a Ravenna"},"content":{"rendered":"<p><img loading=\"lazy\" decoding=\"async\" class=\"alignnone size-full wp-image-35532\" src=\"http:\/\/appelloalpopolo.it\/wp-content\/uploads\/2017\/10\/22198933_1326601820800842_911817033_o.jpg\" alt=\"\" width=\"2048\" height=\"1536\" srcset=\"https:\/\/appelloalpopolo.it\/wp-content\/uploads\/2017\/10\/22198933_1326601820800842_911817033_o.jpg 2048w, https:\/\/appelloalpopolo.it\/wp-content\/uploads\/2017\/10\/22198933_1326601820800842_911817033_o-300x225.jpg 300w, https:\/\/appelloalpopolo.it\/wp-content\/uploads\/2017\/10\/22198933_1326601820800842_911817033_o-768x576.jpg 768w, https:\/\/appelloalpopolo.it\/wp-content\/uploads\/2017\/10\/22198933_1326601820800842_911817033_o-1024x768.jpg 1024w\" sizes=\"(max-width: 2048px) 100vw, 2048px\" \/> <img loading=\"lazy\" decoding=\"async\" class=\"alignnone size-full wp-image-35533\" src=\"http:\/\/appelloalpopolo.it\/wp-content\/uploads\/2017\/10\/22243844_1326601824134175_1401571517_o.jpg\" alt=\"\" width=\"2048\" height=\"1536\" srcset=\"https:\/\/appelloalpopolo.it\/wp-content\/uploads\/2017\/10\/22243844_1326601824134175_1401571517_o.jpg 2048w, https:\/\/appelloalpopolo.it\/wp-content\/uploads\/2017\/10\/22243844_1326601824134175_1401571517_o-300x225.jpg 300w, https:\/\/appelloalpopolo.it\/wp-content\/uploads\/2017\/10\/22243844_1326601824134175_1401571517_o-768x576.jpg 768w, https:\/\/appelloalpopolo.it\/wp-content\/uploads\/2017\/10\/22243844_1326601824134175_1401571517_o-1024x768.jpg 1024w\" sizes=\"(max-width: 2048px) 100vw, 2048px\" \/> <img loading=\"lazy\" decoding=\"async\" class=\"alignnone size-full wp-image-35534\" src=\"http:\/\/appelloalpopolo.it\/wp-content\/uploads\/2017\/10\/22199405_1326601767467514_1348635596_o.jpg\" alt=\"\" width=\"1280\" height=\"960\" srcset=\"https:\/\/appelloalpopolo.it\/wp-content\/uploads\/2017\/10\/22199405_1326601767467514_1348635596_o.jpg 1280w, https:\/\/appelloalpopolo.it\/wp-content\/uploads\/2017\/10\/22199405_1326601767467514_1348635596_o-300x225.jpg 300w, https:\/\/appelloalpopolo.it\/wp-content\/uploads\/2017\/10\/22199405_1326601767467514_1348635596_o-768x576.jpg 768w, https:\/\/appelloalpopolo.it\/wp-content\/uploads\/2017\/10\/22199405_1326601767467514_1348635596_o-1024x768.jpg 1024w\" sizes=\"(max-width: 1280px) 100vw, 1280px\" \/> <img loading=\"lazy\" decoding=\"async\" class=\"alignnone size-full wp-image-35535\" src=\"http:\/\/appelloalpopolo.it\/wp-content\/uploads\/2017\/10\/22171783_1326601827467508_1223512947_o.jpg\" alt=\"\" width=\"1536\" height=\"2048\" srcset=\"https:\/\/appelloalpopolo.it\/wp-content\/uploads\/2017\/10\/22171783_1326601827467508_1223512947_o.jpg 1536w, https:\/\/appelloalpopolo.it\/wp-content\/uploads\/2017\/10\/22171783_1326601827467508_1223512947_o-225x300.jpg 225w, https:\/\/appelloalpopolo.it\/wp-content\/uploads\/2017\/10\/22171783_1326601827467508_1223512947_o-768x1024.jpg 768w\" sizes=\"(max-width: 1536px) 100vw, 1536px\" \/><\/p>\n<p style=\"text-align: justify\">Sabato 30 settembre 2017 i soci ravennati del FSI hanno allestito, per la seconda volta in questo mese, un gazebo informativo che si \u00e8 tenuto in orario di mercato, dalle 8 alle 13, nella piazza antistante le bancarelle, nella solita posizione sulla via di accesso dal parcheggio. Dopo il gazebo di sabato 16, la partecipazione ai due incontri cittadini, uno di carattere sindacale, l\u2019altro riguardante il tema della guerra e della NATO, l\u2019assemblea nazionale di domenica scorsa a Roma, chiudiamo un mese che ci ha visto molto impegnati politicamente e che ci ha permesso di farci conoscere anche ad altre realt\u00e0 cittadine. La giornata soleggiata ha permesso l\u2019afflusso di un numero elevato di persone che abbiamo cercato di intercettare proponendo loro i nostri volantini. Come al solito abbiamo incontrato persone disponibili ad accettarlo di buon grado, altre finanche di fare qualche considerazione circa il nostro progetto politico di attuazione della costituzione del 1948, dopo aver receduto dai trattati europei, quindi di approfondire la nostra conoscenza sui nostri canali online per consultare i nostri documenti. Ovviamente abbiamo incontrato anche persone che educatamente hanno rifiutato il volantino e altre ancora che non ci hanno degnato nemmeno di uno sguardo. Alcune persone si sono avvicinate spontaneamente, attirate dal nostro gazebo, le bandiere e i manifesti per il no al referendum, per chiedere informazioni, esporre le loro considerazioni e ascoltare le nostre proposte. Oggi per\u00f2, a differenza di quanto avvenuto nei gazebo precedenti sono successi fatti degni di nota. Un signore repubblicano, convinto europeista, che ci ha accostato alla lega, al quale ho fatto notare che sono sicuramente molto pi\u00f9 vicine le loro posizioni a quelle della lega. Le nostre sono totalmente antitetiche: innanzitutto la lega \u00e8 convinta europeista, infatti vuole le macroregioni all\u2019interno dell\u2019unione europea e l\u2019euro \u00e8 la loro moneta. Oltre ad essere convinti liberisti. Noi siamo per l\u2019uscita senza se e senza ma dall\u2019unione europea e siamo fermamente contrari al neoliberismo dilagante e quindi per l\u2019applicazione della Costituzione del 1948, specialmente per quanto riguarda la parte economica. Una ragazza italiana, ma di origine rumena, che si sofferma davanti al nostro gazebo e inizia a porci domande su come pensiamo di agire per il futuro dei giovani, poich\u00e9 le loro istanze rimangono inascoltate dalle istituzioni. Ci spiega che vogliono dar vita a qualcosa che li aggreghi in modo da far \u201cpesare\u201d la loro voce. La conoscenza di questa ragazza ci permette di constatare come i \u201cnuovi italiani\u201d di origine straniera, come lei, sono spesso pi\u00f9 consapevoli e sovranisti degli autoctoni. Una signora che passa davanti al nostro gazebo e, letta la parola sovranista sulla nostra bandiera, afferma \u201celegantemente\u201d ad alta voce che lei \u00e8 contraria al sovranismo, che \u00e8 per la libera circolazione dei popoli e, soprattutto, dei capitali. Non posso non risponderle con una battuta ironica! Un ragazzo di origine siciliana, che accetta il volantino, attirato dal nostro manifesto sul no referendum, e inizia a delirare domande senza senso degno di un robottino telecomandato. CI chiede dove sta la riduzione dei parlamentari, il dimezzamento dello stipendio dei parlamentari e altre amenit\u00e0. Gli prospetto quello che secondo il FSI, ma non solo, \u00e8 il problema principale che attanaglia l\u2019Italia e altri paesi europei: l\u2019unione europea. Questi si infervora ed esce allo scoperto affermando di essere un grillino convinto. Faccio notare come le parole di Di Maio, sono sul solco di Renzi e come il M5S prono alle indicazioni dell\u2019ue non costituisce un&#8217;alternativa politica bens\u00ec una semplice alternanza, come sempre avvenuto in questi 23 anni in Italia, quindi un partito nato gi\u00e0 finito, politicamente intendo. Secondo lui invece il M5S deve ancora iniziare e adesso viene il bello. Con atteggiamento da saputello, ignorante e manovrato, scuote la testa perch\u00e9 non ci conformiamo e se ne va cosi. Poi ci ripensa e torna indietro rendendoci il volantino. Il nuovo che avanza \u00e8 molto peggio di ci\u00f2 che abbiamo conosciuto in questi ultimi anni. Con i grillini \u00e8 impossibile ragionare. Sono dei robot programmati cos\u00ec e niente e nessuno pu\u00f2 fargli cambiare idea. Assenza totale di senso critico, visione politica: zero assoluto. Quando la soluzione \u00e8 peggiore del male. Altro fatto degno di nota della giornata una signora in l\u00e0 con gli anni, minuta, si avvicina al nostro gazebo con la carta d\u2019identit\u00e0 in mano e ci chiede gentilmente dove deve firmare. Le rispondiamo che per il momento non raccogliamo firme ma che poich\u00e9 stiamo organizzandoci per le prossime elezioni regionali del 2019 in Emilia Romagna pi\u00f9 avanti ci sar\u00e0 necessit\u00e0 di raccogliere le firme per la presentazione della lista. La signora ci spiega che avendo visto il manifesto per il no al referendum pensava ci fosse qualche altra consultazione, perch\u00e9 lei ha votato no ed \u00e8 fermamente convinta che la Costituzione sia un bene prezioso e da difendere, e che una buona parte di italiani non lo ha compreso, specialmente i giovani. La ringraziamo per il supporto fattivo e concreto alle battaglie che sono nostre, le porgiamo il nostro volantino, e la invitiamo a seguirci nei nostri gazebo in piazza al mercato il sabato mattina poich\u00e9 avremo bisogno anche del suo aiuto! Un&#8217;esperienza a dir poco commovente! La mattinata scorre veloce sotto il sole che scalda questo sabato mattina. Ci sono venuti a trovare anche qualche amico che abbiamo contattato in settimana e che ha sposato la nostra causa e ci d\u00e0 man forte diffondendo le nostre idee e i nostri volantini nel cerchio delle sue amicizie e in ambiente di lavoro. Ringraziamo Fiorella che \u00e8 venuta da Ferrara e ci ha fornito un prezioso contributo sia fisico, l\u2019unica \u201cquota rosa\u201d del gruppo odierno, che morale. Il suo consiglio di mettere la bandiera del FSI sopra il tricolore che rivestiva il pannello grigio davanti al tavolo si \u00e8 rivelata vincente! Smontiamo il gazebo, raccogliamo le nostre cose. Mancano pochi minuti alle 13 quando una famiglia si ferma incuriosita e chiede informazioni, perch\u00e9 hanno a cuore il tema della sovranit\u00e0 ma ci fanno notare che sono di Torino. Porgiamo loro il nostro volantino, sul quale oltre ai nostro programma politico, trovano i nostri riferimenti per tenersi aggiornati e indichiamo loro di contattare i soci piemontesi, che sono un bel gruppo e si renderanno disponibili per approfondimenti della conoscenza ed eventuali azioni sul territorio.<\/p>\n<p style=\"text-align: justify\">Nel frattempo Alessandro ha incontrato alcune persone che aveva invitato a venirci a conoscere meglio al gazebo, a fare due chiacchiere sul nostro progetto politico e sul nostro programma. Ho raccolto la sua testimonianza: &#8220;Ho a lungo conversato con un imprenditore ravennate, con base all&#8217;estero, che ha accettato di buon grado il nostro volantino e col quale ho avuto un cordiale scambio di opinioni, ma che ha evidenziato posizioni liberali\/liberiste che ovviamente fanno a pugni con la nostra visione. Altre due persone, un artigiano e un noto imprenditore ravennate, si sono fermati ad approfondire incuriositi e, seppur non potendo o volendo partecipare attivamente alla militanza, hanno spontaneamente chiesto di avere alcune decine di volantini da distribuire ad amici e conoscenti. In una pausa di lavoro ci ha fatto visita anche la Prof. Silvia Reggiani insieme a una collega a cui abbiamo spiegato chi siamo e consegnato il nostro volantino. Infine mi ha fatto molto piacere la visita di Flavio Del Duca, di cui ho stima e che avevo invitato a farci visita, molto attivo sui social e politicamente, ma soprattutto molto curioso, e questo per me \u00e8 sempre un pregio. Ho parlato a lungo con lui di chi siamo, del percorso che stiamo facendo e gli obiettivi che ci stiamo dando, chiarendo dubbi e confrontandoci su punti di vista a volte non coincidenti, ma simili. Ho consigliato a Flavio alcune letture per approfondire alcuni temi, ha acconsentito ad essere iscritto al gruppo regionale per essere informato delle nostre iniziative e di quanto condividiamo, e spero che presto, se lo vorr\u00e0 e seppur non al 100%, possa condividere il nostro percorso&#8221;.<\/p>\n<p style=\"text-align: justify\">Questa mattinata ha ribadito una volta di pi\u00f9, se mai ce ne fosse stato bisogno, che Ravenna \u00e8 una piazza molto difficile. Fiorella stessa \u00e8 rimasta colpita soprattutto dall\u2019indifferenza della gente, che non ti calcola nemmeno quando le dici buongiorno. Il confronto con la realt\u00e0 di Ferrara viene spontaneo ed \u00e8 impietoso. La differenza che lei ha notato risiede nel fatto che i ferraresi sono molto pi\u00f9 arrabbiati per la situazione in cui ci troviamo, anche per l\u2019enorme presenza sul territorio di immigrati, spesso clandestini, che rendono invivibile una citt\u00e0 splendida e con un ottima qualit\u00e0 della vita come Ferrara. Quindi le persone si avvicinano, molto pi\u00f9 facilmente e in numero ben superiore, al banchetto per chiedere informazioni su quali siano i nostri programmi e i nostri obiettivi, per conoscerci. Noi non demordiamo e abbiamo gi\u00e0 in attesa l\u2019autorizzazione dei nostri gazebo per il mese prossimo: il 21 il pomeriggio in centro e il 28 il mattino di nuovo al mercato. Prima per\u00f2 l\u2019incontro del 14 a Bologna in un\u2019esperienza congiunta con i soci della toscana. Non molliamo e ci tuffiamo letteralmente nel nuovo mese con entusiasmo, certi che la presenza costante e la diffusione delle nostre idee capillarmente, sul territorio sia fondamentale.<\/p>\n<p style=\"text-align: justify\">Ci libereremo!<\/p>\n<p>Matteo Rossini<\/p>\n","protected":false},"excerpt":{"rendered":"<p>Sabato 30 settembre 2017 i soci ravennati del FSI hanno allestito, per la seconda volta in questo mese, un gazebo informativo che si \u00e8 tenuto in orario di mercato, dalle 8 alle 13, nella piazza antistante le bancarelle, nella solita posizione sulla via di accesso dal parcheggio. Dopo il gazebo di sabato 16, la partecipazione ai due incontri cittadini, uno di carattere sindacale, l\u2019altro riguardante il tema della guerra e della NATO, l\u2019assemblea nazionale di&#46;&#46;&#46;<\/p>\n","protected":false},"author":39,"featured_media":35534,"comment_status":"open","ping_status":"open","sticky":false,"template":"","format":"standard","meta":{"jetpack_post_was_ever_published":false,"_jetpack_newsletter_access":"","_jetpack_dont_email_post_to_subs":false,"_jetpack_newsletter_tier_id":0,"_jetpack_memberships_contains_paywalled_content":false,"_jetpack_memberships_contains_paid_content":false,"footnotes":"","jetpack_publicize_message":"","jetpack_publicize_feature_enabled":true,"jetpack_social_post_already_shared":true,"jetpack_social_options":{"image_generator_settings":{"template":"highway","enabled":false},"version":2}},"categories":[5110,5111],"tags":[],"jetpack_publicize_connections":[],"jetpack_featured_media_url":"https:\/\/appelloalpopolo.it\/wp-content\/uploads\/2017\/10\/22199405_1326601767467514_1348635596_o.jpg","jetpack_sharing_enabled":true,"jetpack_shortlink":"https:\/\/wp.me\/p7ZaJ4-9f5","_links":{"self":[{"href":"https:\/\/appelloalpopolo.it\/index.php?rest_route=\/wp\/v2\/posts\/35531"}],"collection":[{"href":"https:\/\/appelloalpopolo.it\/index.php?rest_route=\/wp\/v2\/posts"}],"about":[{"href":"https:\/\/appelloalpopolo.it\/index.php?rest_route=\/wp\/v2\/types\/post"}],"author":[{"embeddable":true,"href":"https:\/\/appelloalpopolo.it\/index.php?rest_route=\/wp\/v2\/users\/39"}],"replies":[{"embeddable":true,"href":"https:\/\/appelloalpopolo.it\/index.php?rest_route=%2Fwp%2Fv2%2Fcomments&post=35531"}],"version-history":[{"count":4,"href":"https:\/\/appelloalpopolo.it\/index.php?rest_route=\/wp\/v2\/posts\/35531\/revisions"}],"predecessor-version":[{"id":35550,"href":"https:\/\/appelloalpopolo.it\/index.php?rest_route=\/wp\/v2\/posts\/35531\/revisions\/35550"}],"wp:featuredmedia":[{"embeddable":true,"href":"https:\/\/appelloalpopolo.it\/index.php?rest_route=\/wp\/v2\/media\/35534"}],"wp:attachment":[{"href":"https:\/\/appelloalpopolo.it\/index.php?rest_route=%2Fwp%2Fv2%2Fmedia&parent=35531"}],"wp:term":[{"taxonomy":"category","embeddable":true,"href":"https:\/\/appelloalpopolo.it\/index.php?rest_route=%2Fwp%2Fv2%2Fcategories&post=35531"},{"taxonomy":"post_tag","embeddable":true,"href":"https:\/\/appelloalpopolo.it\/index.php?rest_route=%2Fwp%2Fv2%2Ftags&post=35531"}],"curies":[{"name":"wp","href":"https:\/\/api.w.org\/{rel}","templated":true}]}}