{"id":36480,"date":"2017-11-25T10:00:31","date_gmt":"2017-11-25T09:00:31","guid":{"rendered":"http:\/\/appelloalpopolo.it\/?p=36480"},"modified":"2017-11-24T11:48:56","modified_gmt":"2017-11-24T10:48:56","slug":"germania-in-panne-no-e-il-trionfo-del-neoliberalismo","status":"publish","type":"post","link":"https:\/\/appelloalpopolo.it\/?p=36480","title":{"rendered":"Germania in panne? No, \u00e8 il trionfo del neoliberalismo"},"content":{"rendered":"<p><strong>di MICRO MEGA (Alessandro Somma)<\/strong><\/p>\n<p>I tedeschi non hanno mai subito il fascino delle retoriche efficientiste, quelle per cui la sera delle elezioni occorre conoscere il nome del Presidente del Consiglio, e magari anche la lista di Ministri e Sottosegretari. Sono consapevoli che la politica conosce tempi diversi da quelli del consiglio di amministrazione di un\u2019impresa, che la democrazia richiede partecipazione, e questa lo spazio necessario a renderla effettiva.<\/p>\n<p>Colpisce per\u00f2 che le elezioni tedesche si siano tenute oramai due mesi fa, e che ci\u00f2 nonostante le trattative per la formazione del nuovo governo siano giunte a un punto morto: i Liberali hanno abbandonato il tavolo delle trattative con i Cristianodemocratici e i Verdi, e questo ha fatto sobbalzare pi\u00f9 di un commentatore politico. I pi\u00f9 parlano di una crisi della democrazia tedesca, incapace di individuare una nuova maggioranza e probabilmente condannata a tornare alle urne. Il tutto con ripercussioni catastrofiche sull\u2019Europa: se Berlino \u00e8 immobile, lo sar\u00e0 anche Bruxelles.<\/p>\n<p>A ben vedere le cose non stanno cos\u00ec. Innanzi tutto perch\u00e9 la crisi tedesca potrebbe trovare uno sbocco anche in tempi brevi, e poi perch\u00e9 l\u2019instabilit\u00e0 politica di cui si parla potrebbe non essere tale, e soprattutto potrebbe essere voluta.<\/p>\n<p>Incominciamo dal primo punto. A parole la coalizione tra Cristianodemocratici, Liberali e Verdi \u00e8 l\u2019unica possibile, ma non \u00e8 detto che i Socialdemocratici non decidano alla fine di aderire all\u2019ennesima Grande coalizione: dicono di volerla evitare per risintonizzarsi con il loro elettorato, ma per farlo dovrebbero rinnegare le politiche di macelleria sociale che hanno voluto al principio del duemila, quando il loro Cancelliere Gerhard Schr\u00f6der ha varato le cosiddette riforme Hartz. E questo non succeder\u00e0 mai.<\/p>\n<p>Non \u00e8 detto poi che i Liberali non ci ripensino, che stiano semplicemente logorando i partner della futura coalizione per ottenere qualcosa in pi\u00f9 nel mercato dei ministeri. O magari che puntino davvero a elezioni anticipate per sottrarre voti ad Alternativa per la Germania, il partito xenofobo ed antieuropeo da cui stanno mutuando molte parole d\u2019ordine: dalla richiesta di controlli sulle migrazioni al giudizio sull\u2019Europa come comunit\u00e0 di Stati nella quale al sud si fa festa con i soldi del nord.<\/p>\n<p>Infine non \u00e8 detto che all\u2019origine di tutto non vi sia uno scontro interno ai Cristianodemocratici, che non si assista qui alle prime avvisaglie di una lotta per la successione di Angela Merkel, leader oramai logorata.<\/p>\n<p>Detto questo, la riflessione da fare \u00e8 un\u2019altra e attiene al ruolo della politica, e in ultima analisi della partecipazione democratica. La Germania \u00e8 oramai l\u2019interprete pi\u00f9 fedele dell\u2019ortodossia neoliberale, il Paese nel quale lo Stato sociale viene tollerato solo nella misura necessaria e sufficiente a produrre pacificazione sociale. Non ha dunque bisogno di un governo che compia nuove scelte dirompenti, bens\u00ec di una tecnocrazia incaricata di amministrare l\u2019esistente, di sterilizzare il conflitto e le spinte verso il cambiamento, di spoliticizzare il mercato.<\/p>\n<p>Lo stesso vale per l\u2019Europa, che \u00e8 sempre stata una tecnocrazia e che ben pu\u00f2 permettersi una fase di stasi. Il tutto restando saldamente ancorata allo schema voluto dai tedeschi, racchiuso nei fondamenti dell\u2019Unione economica e monetaria. Le politiche monetarie ossessionate dal controllo dell\u2019inflazione impongono politiche di bilancio nazionali di riduzione della spesa pubblica, oltre che piani di privatizzazioni e liberalizzazioni. La libera circolazione dei capitali obbliga gli Stati ad attirarli attraverso una incessante diminuzione del costo del lavoro e della pressione fiscale sulle imprese. Mentre la riduzione dell\u2019inclusione sociale a inclusione nel mercato conduce alla confusione tra cittadino e consumatore, e questa a consolidare la mortificazione dei lavoratori.<\/p>\n<p>In tutto questo la Germania in panne, ovvero incapace di esprimere un governo, \u00e8 l\u2019ulteriore tassello verso la subordinazione della politica all\u2019economia, della democrazia ai mercati. \u00c8 il lancio ufficiale di un sistema sperimentato con la Spagna, senza governo per dieci mesi nel corso dell\u2019anno passato, ora fatto proprio dal Paese egemone dell\u2019Unione europea, che dunque ne certifica la validit\u00e0 come strumento di governance delle persone e dei corpi politici. Del resto l\u2019astensione \u00e8 ovunque in crescita, i governi sono ovunque rappresentativi di una ristretta minoranza di elettori, che a questo punto possono essere lasciati a casa.<\/p>\n<p><strong>Fonte<\/strong>:<a href=\"http:\/\/temi.repubblica.it\/micromega-online\/germania-in-panne-no-e-il-trionfo-del-neoliberalismo\/\">http:\/\/temi.repubblica.it\/micromega-online\/germania-in-panne-no-e-il-trionfo-del-neoliberalismo\/<\/a><\/p>\n","protected":false},"excerpt":{"rendered":"<p>di MICRO MEGA (Alessandro Somma) I tedeschi non hanno mai subito il fascino delle retoriche efficientiste, quelle per cui la sera delle elezioni occorre conoscere il nome del Presidente del Consiglio, e magari anche la lista di Ministri e Sottosegretari. Sono consapevoli che la politica conosce tempi diversi da quelli del consiglio di amministrazione di un\u2019impresa, che la democrazia richiede partecipazione, e questa lo spazio necessario a renderla effettiva. Colpisce per\u00f2 che le elezioni tedesche&#46;&#46;&#46;<\/p>\n","protected":false},"author":77,"featured_media":34771,"comment_status":"open","ping_status":"open","sticky":false,"template":"","format":"standard","meta":{"jetpack_post_was_ever_published":false,"_jetpack_newsletter_access":"","_jetpack_dont_email_post_to_subs":false,"_jetpack_newsletter_tier_id":0,"_jetpack_memberships_contains_paywalled_content":false,"_jetpack_memberships_contains_paid_content":false,"footnotes":"","jetpack_publicize_message":"","jetpack_publicize_feature_enabled":true,"jetpack_social_post_already_shared":true,"jetpack_social_options":{"image_generator_settings":{"template":"highway","enabled":false},"version":2}},"categories":[32],"tags":[],"jetpack_publicize_connections":[],"jetpack_featured_media_url":"https:\/\/appelloalpopolo.it\/wp-content\/uploads\/2017\/09\/micromega-320x320.gif","jetpack_sharing_enabled":true,"jetpack_shortlink":"https:\/\/wp.me\/p7ZaJ4-9uo","_links":{"self":[{"href":"https:\/\/appelloalpopolo.it\/index.php?rest_route=\/wp\/v2\/posts\/36480"}],"collection":[{"href":"https:\/\/appelloalpopolo.it\/index.php?rest_route=\/wp\/v2\/posts"}],"about":[{"href":"https:\/\/appelloalpopolo.it\/index.php?rest_route=\/wp\/v2\/types\/post"}],"author":[{"embeddable":true,"href":"https:\/\/appelloalpopolo.it\/index.php?rest_route=\/wp\/v2\/users\/77"}],"replies":[{"embeddable":true,"href":"https:\/\/appelloalpopolo.it\/index.php?rest_route=%2Fwp%2Fv2%2Fcomments&post=36480"}],"version-history":[{"count":1,"href":"https:\/\/appelloalpopolo.it\/index.php?rest_route=\/wp\/v2\/posts\/36480\/revisions"}],"predecessor-version":[{"id":36481,"href":"https:\/\/appelloalpopolo.it\/index.php?rest_route=\/wp\/v2\/posts\/36480\/revisions\/36481"}],"wp:featuredmedia":[{"embeddable":true,"href":"https:\/\/appelloalpopolo.it\/index.php?rest_route=\/wp\/v2\/media\/34771"}],"wp:attachment":[{"href":"https:\/\/appelloalpopolo.it\/index.php?rest_route=%2Fwp%2Fv2%2Fmedia&parent=36480"}],"wp:term":[{"taxonomy":"category","embeddable":true,"href":"https:\/\/appelloalpopolo.it\/index.php?rest_route=%2Fwp%2Fv2%2Fcategories&post=36480"},{"taxonomy":"post_tag","embeddable":true,"href":"https:\/\/appelloalpopolo.it\/index.php?rest_route=%2Fwp%2Fv2%2Ftags&post=36480"}],"curies":[{"name":"wp","href":"https:\/\/api.w.org\/{rel}","templated":true}]}}