{"id":36965,"date":"2017-12-12T10:30:05","date_gmt":"2017-12-12T09:30:05","guid":{"rendered":"http:\/\/appelloalpopolo.it\/?p=36965"},"modified":"2017-12-12T00:20:27","modified_gmt":"2017-12-11T23:20:27","slug":"altro-che-ingerenza-russa-litalia-e-una-colonia-usa","status":"publish","type":"post","link":"https:\/\/appelloalpopolo.it\/?p=36965","title":{"rendered":"Homo Oeconomicus: la perdita della \u201cdimensione umana\u201d del lavoro"},"content":{"rendered":"<p><strong>di OLTRE LA LINEA (Marco Terranova)<\/strong><\/p>\n<p>Tra i vari orrori prodotti dal sistema <strong>liberal capitalista<\/strong>, ne esiste uno che non \u00e8 forse cos\u00ec evidente e lampante come altri, ma che in realt\u00e0, si \u00e8 fatto largo nella nostra societ\u00e0 in maniera subdola e costante senza che nemmeno ce ne accorgessimo.<\/p>\n<p>Si tratta dell\u2019annullamento sempre maggiore della <strong>dimensione umana del lavoro<\/strong> a favore della dimensione esclusivamente produttiva, economica. In poche parole il lavoratore modello deve essere\u00a0<span class=\"text_exposed_show\">quanto pi\u00f9 flessibile e produttivo possibile per la sua azienda e deve essere funzionale all\u2019accrescimento del profitto aziendale e del Pil, che tutto giustifica, perch\u00e9 in fondo, il libero mercato \u00e8 <strong>guerra<\/strong>, \u00e8 competizione, \u00e8 sopravvivenza\u2026 uno scenario che ricorda molto le teorie Darwinistiche riguardo la sopravvivenza del pi\u00f9 adatto.<\/span><\/p>\n<p>La concezione tradizionale dell\u2019uomo viene cosi sostituita dall\u2019 <strong>homo oeconomicus<\/strong>, il quale non ha valori, non ha radici ed \u00e8 un individuo aperto e disponibile a qualsiasi volere dell\u2019azienda per cui lavora a patto ovviamente di trarne un interesse personale. Il modello di questa moderna concezione dell\u2019uomo lo si pu\u00f2 ritrovare nei tantissimi libri made in USA dove <strong>guru di finanza<\/strong> e maestri di marketing spiegano al lettore come gestire e motivare i propri collaboratori, come vendere di pi\u00f9 e come essere pi\u00f9 efficienti dal punto di vista produttivo.<\/p>\n<p>Sulle copertine di questi libri vengono rappresentati sempre manager di successo in giacca e cravatta che mostrano il loro finto sorriso, come ad indicare la via del successo verso una vita piena e felice.<br \/>\n<a href=\"http:\/\/gazzettadimantova.gelocal.it\/mantova\/cronaca\/2017\/10\/04\/news\/castiglione-il-video-della-banca-e-virale-1.15944955\">Il grottesco video della povera direttrice di banca<\/a> \u00e8 il risultato di questa situazione, la conseguenza diretta di cosa si debba fare ai nostri giorni per rientrare nelle logiche aziendali che esigono sempre pi\u00f9 <strong>burattini<\/strong> e sempre meno persone con una propria dignit\u00e0 ed una propria capacit\u00e0 di pensiero tra le proprie schiere.<\/p>\n<p>La vicenda della filiale di Banca Intesa rappresenta un\u2019ottima metafora per far comprendere a tutti noi quale nuova umanit\u00e0 il nostro sistema stia creando: un ammasso di persone <strong>senza senso di identit\u00e0<\/strong> piegate al volere dei grandi centri di potere economico-finanaziari. Il lavoratore moderno \u00e8 quindi obbligato a comportarsi da giullare e a scambiare la propria personalit\u00e0 per riuscire a non perdere la propria fonte di reddito.<\/p>\n<p>Se \u00e8 vero che l\u2019unica attivit\u00e0 redditizia di cui ci si debba vergognare sia quella di rubare, \u00e8 anche vero che ridursi a canticchiare improbabili canzoni per sponsorizzare la propria azienda non sia proprio la cosa pi\u00f9 simpatica ed elettrizzante del mondo, anche perch\u00e9 poi in realt\u00e0, di questi tempi, la banca \u00e8 fonte di lacrime, altro che di canzoncine!<\/p>\n<p><strong>Fonte:<\/strong> <a href=\"http:\/\/www.oltrelalinea.news\/2017\/10\/10\/homo-oeconomicus-la-perdita-della-dimensione-umana-del-lavoro\/\">http:\/\/www.oltrelalinea.news\/2017\/10\/10\/homo-oeconomicus-la-perdita-della-dimensione-umana-del-lavoro\/<\/a><\/p>\n<p>&nbsp;<\/p>\n","protected":false},"excerpt":{"rendered":"<p>di OLTRE LA LINEA (Marco Terranova) Tra i vari orrori prodotti dal sistema liberal capitalista, ne esiste uno che non \u00e8 forse cos\u00ec evidente e lampante come altri, ma che in realt\u00e0, si \u00e8 fatto largo nella nostra societ\u00e0 in maniera subdola e costante senza che nemmeno ce ne accorgessimo. Si tratta dell\u2019annullamento sempre maggiore della dimensione umana del lavoro a favore della dimensione esclusivamente produttiva, economica. In poche parole il lavoratore modello deve essere\u00a0quanto&#46;&#46;&#46;<\/p>\n","protected":false},"author":85,"featured_media":0,"comment_status":"open","ping_status":"open","sticky":false,"template":"","format":"standard","meta":{"jetpack_post_was_ever_published":false,"_jetpack_newsletter_access":"","_jetpack_dont_email_post_to_subs":false,"_jetpack_newsletter_tier_id":0,"_jetpack_memberships_contains_paywalled_content":false,"_jetpack_memberships_contains_paid_content":false,"footnotes":"","jetpack_publicize_message":"","jetpack_publicize_feature_enabled":true,"jetpack_social_post_already_shared":true,"jetpack_social_options":{"image_generator_settings":{"template":"highway","enabled":false},"version":2}},"categories":[32],"tags":[],"jetpack_publicize_connections":[],"jetpack_featured_media_url":"","jetpack_sharing_enabled":true,"jetpack_shortlink":"https:\/\/wp.me\/p7ZaJ4-9Cd","_links":{"self":[{"href":"https:\/\/appelloalpopolo.it\/index.php?rest_route=\/wp\/v2\/posts\/36965"}],"collection":[{"href":"https:\/\/appelloalpopolo.it\/index.php?rest_route=\/wp\/v2\/posts"}],"about":[{"href":"https:\/\/appelloalpopolo.it\/index.php?rest_route=\/wp\/v2\/types\/post"}],"author":[{"embeddable":true,"href":"https:\/\/appelloalpopolo.it\/index.php?rest_route=\/wp\/v2\/users\/85"}],"replies":[{"embeddable":true,"href":"https:\/\/appelloalpopolo.it\/index.php?rest_route=%2Fwp%2Fv2%2Fcomments&post=36965"}],"version-history":[{"count":4,"href":"https:\/\/appelloalpopolo.it\/index.php?rest_route=\/wp\/v2\/posts\/36965\/revisions"}],"predecessor-version":[{"id":36986,"href":"https:\/\/appelloalpopolo.it\/index.php?rest_route=\/wp\/v2\/posts\/36965\/revisions\/36986"}],"wp:attachment":[{"href":"https:\/\/appelloalpopolo.it\/index.php?rest_route=%2Fwp%2Fv2%2Fmedia&parent=36965"}],"wp:term":[{"taxonomy":"category","embeddable":true,"href":"https:\/\/appelloalpopolo.it\/index.php?rest_route=%2Fwp%2Fv2%2Fcategories&post=36965"},{"taxonomy":"post_tag","embeddable":true,"href":"https:\/\/appelloalpopolo.it\/index.php?rest_route=%2Fwp%2Fv2%2Ftags&post=36965"}],"curies":[{"name":"wp","href":"https:\/\/api.w.org\/{rel}","templated":true}]}}