{"id":37003,"date":"2017-12-13T10:47:26","date_gmt":"2017-12-13T09:47:26","guid":{"rendered":"http:\/\/appelloalpopolo.it\/?p=37003"},"modified":"2017-12-12T21:11:30","modified_gmt":"2017-12-12T20:11:30","slug":"spauracchi-littori","status":"publish","type":"post","link":"https:\/\/appelloalpopolo.it\/?p=37003","title":{"rendered":"Spauracchi littori"},"content":{"rendered":"<p>di <strong>L&#8217;INTELLETTUALE DISSIDENTE (Flaminia Camilletti)<\/strong><\/p>\n<p><em>Per nascondere l&#8217;erosione di consenso, il variegato mondo progressista ha lanciato la campagna invernale antifascista: gli esiti sono a met\u00e0 tra la farsa e la noia.<\/em><\/p>\n<p>Tremate tremate\u00a0<strong>i fascisti son tornati<\/strong>. Ogni campagna elettorale degna di essere chiamata tale non pu\u00f2 che iniziare che con un rigurgito antifascista. Non si pu\u00f2 definire in altro modo la frase pronunciata dal capo della polizia\u00a0<strong>Franco Gabrielli<\/strong>\u00a0all\u2019indomani della bomba piazzata a Roma\u00a0<em>\u201c\u00c8 un fatto grave ma non dobbiamo amplificarlo oltremodo. Questi episodi sono avvenuti anche in passato. Vorrei quindi dare un messaggio di rassicurazione.\u00a0Per certi aspetti ritengo molto pi\u00f9 grave la piazzata che \u00e8 stata fatta ieri nei pressi della redazione di un gruppo editoriale importante\u201d<\/em>.<\/p>\n<p>Per il capo della Polizia di Stato un\u00a0<strong>ordigno<\/strong>\u00a0che poteva costare la vita a qualcuno, con tanto di rivendicazione politica \u00e8 un fatto da considerarsi\u00a0<strong>meno grave<\/strong>\u00a0rispetto ad una\u00a0<strong>manifestazione<\/strong>\u00a0con due fumogeni e uno striscione. Gabrielli ha poi cercato di correggere il tiro\u00a0<em>\u201cl\u2019attentato alla Caserma dei Carabinieri e la manifestazione d\u2019intolleranza con fumogeni e petardi davanti alla sede di\u00a0Repubblica, si equivalgono\u201d<\/em>. Con tutta evidenza a volte sarebbe meglio tacere, perch\u00e9 si fa peggio ad insistere, come questo caso dimostra. Di figure istituzionali che lanciano commenti e sentenze politiche ne \u00e8 pieno il panorama nazionale,\u00a0<strong>Boldrini insegna<\/strong>.<\/p>\n<p>Il potere, i media,\u00a0<strong>distorcono la realt\u00e0<\/strong>\u00a0e forgiano le notizie di cronaca come strumento di propaganda e lo fanno da sempre, in ultimo la prima pagina di\u00a0<em>Repubblica<\/em>\u00a0del 9 dicembre che titola \u201cFascisti, un italiano su due ha paura\u201d. Un sondaggio promosso da Repubblica e\u00a0<strong>fintissimo<\/strong>, come scrive anche Nicola Porro su twitter:\u00a0<em>\u201cla paura a pag.2 diventa pericolo. Poi leggi il testo del sondaggio e paura e pericolo non ci sono.\u201d<\/em>\u00a0Il gruppo Espresso non \u00e8 la prima volta che pubblica titoli simili. Pochi mesi fa usciva \u201cNazitalia\u201d numero del settimanale omonimo che mostrava una\u00a0<strong>svastica in copertina<\/strong>\u00a0lanciando un\u2019inchiesta sui gruppi neofascisti e nazisti in Italia. Roba da American History X e sicuro sintomo di un forte calo di vendite. Sono settimane e mesi che si \u00e8\u00a0<strong>creato ad arte<\/strong>\u00a0il caso del ritorno dei fascisti. Da Repubblica a Piazza Pulita, da Como a Udine passando per Bologna, la finta paura cresce e si riempiono le pagine dei giornali e i palinsesti dei programmi.<\/p>\n<p>Solo che gli italiani non solo non hanno paura che ritorni il fascismo, ma oltretutto\u00a0<strong>non sono assolutamente interessati<\/strong>\u00a0a seguire queste diatribe pseudopolitiche. La battaglia vera \u00e8 quella\u00a0<strong>in vista delle elezioni<\/strong>\u00a0e a pochi mesi dal voto, il Pd e l\u2019intellighenzia progressista hanno gi\u00e0 tirato fuori l\u2019arma dell\u2019antifascismo, segno che di argomenti non ce ne sono e che al lato del 5stelle che perde colpi, c\u2019\u00e8 un centrodestra che acquista sempre pi\u00f9 consenso e che fa sempre pi\u00f9 paura.<\/p>\n<p><strong>Fonte:\u00a0<a href=\"http:\/\/www.lintellettualedissidente.it\/cartucce\/fascismo-repubblica-sinistra\/\">http:\/\/www.lintellettualedissidente.it\/cartucce\/fascismo-repubblica-sinistra\/<\/a><\/strong><\/p>\n","protected":false},"excerpt":{"rendered":"<p>di L&#8217;INTELLETTUALE DISSIDENTE (Flaminia Camilletti) Per nascondere l&#8217;erosione di consenso, il variegato mondo progressista ha lanciato la campagna invernale antifascista: gli esiti sono a met\u00e0 tra la farsa e la noia. Tremate tremate\u00a0i fascisti son tornati. Ogni campagna elettorale degna di essere chiamata tale non pu\u00f2 che iniziare che con un rigurgito antifascista. Non si pu\u00f2 definire in altro modo la frase pronunciata dal capo della polizia\u00a0Franco Gabrielli\u00a0all\u2019indomani della bomba piazzata a Roma\u00a0\u201c\u00c8 un fatto&#46;&#46;&#46;<\/p>\n","protected":false},"author":80,"featured_media":17413,"comment_status":"open","ping_status":"open","sticky":false,"template":"","format":"standard","meta":{"jetpack_post_was_ever_published":false,"_jetpack_newsletter_access":"","_jetpack_dont_email_post_to_subs":false,"_jetpack_newsletter_tier_id":0,"_jetpack_memberships_contains_paywalled_content":false,"_jetpack_memberships_contains_paid_content":false,"footnotes":"","jetpack_publicize_message":"","jetpack_publicize_feature_enabled":true,"jetpack_social_post_already_shared":true,"jetpack_social_options":{"image_generator_settings":{"template":"highway","enabled":false},"version":2}},"categories":[32],"tags":[],"jetpack_publicize_connections":[],"jetpack_featured_media_url":"https:\/\/appelloalpopolo.it\/wp-content\/uploads\/2016\/09\/intellettuale-dissidente-e1474974730908.jpg","jetpack_sharing_enabled":true,"jetpack_shortlink":"https:\/\/wp.me\/p7ZaJ4-9CP","_links":{"self":[{"href":"https:\/\/appelloalpopolo.it\/index.php?rest_route=\/wp\/v2\/posts\/37003"}],"collection":[{"href":"https:\/\/appelloalpopolo.it\/index.php?rest_route=\/wp\/v2\/posts"}],"about":[{"href":"https:\/\/appelloalpopolo.it\/index.php?rest_route=\/wp\/v2\/types\/post"}],"author":[{"embeddable":true,"href":"https:\/\/appelloalpopolo.it\/index.php?rest_route=\/wp\/v2\/users\/80"}],"replies":[{"embeddable":true,"href":"https:\/\/appelloalpopolo.it\/index.php?rest_route=%2Fwp%2Fv2%2Fcomments&post=37003"}],"version-history":[{"count":2,"href":"https:\/\/appelloalpopolo.it\/index.php?rest_route=\/wp\/v2\/posts\/37003\/revisions"}],"predecessor-version":[{"id":37006,"href":"https:\/\/appelloalpopolo.it\/index.php?rest_route=\/wp\/v2\/posts\/37003\/revisions\/37006"}],"wp:featuredmedia":[{"embeddable":true,"href":"https:\/\/appelloalpopolo.it\/index.php?rest_route=\/wp\/v2\/media\/17413"}],"wp:attachment":[{"href":"https:\/\/appelloalpopolo.it\/index.php?rest_route=%2Fwp%2Fv2%2Fmedia&parent=37003"}],"wp:term":[{"taxonomy":"category","embeddable":true,"href":"https:\/\/appelloalpopolo.it\/index.php?rest_route=%2Fwp%2Fv2%2Fcategories&post=37003"},{"taxonomy":"post_tag","embeddable":true,"href":"https:\/\/appelloalpopolo.it\/index.php?rest_route=%2Fwp%2Fv2%2Ftags&post=37003"}],"curies":[{"name":"wp","href":"https:\/\/api.w.org\/{rel}","templated":true}]}}