{"id":37218,"date":"2017-12-17T10:46:29","date_gmt":"2017-12-17T09:46:29","guid":{"rendered":"http:\/\/appelloalpopolo.it\/?p=37218"},"modified":"2017-12-16T23:52:02","modified_gmt":"2017-12-16T22:52:02","slug":"andromaca-oggi","status":"publish","type":"post","link":"https:\/\/appelloalpopolo.it\/?p=37218","title":{"rendered":"Andromaca, oggi"},"content":{"rendered":"<p>di<strong> ITALIA E IL MONDO (Antonio De Martini)<\/strong><\/p>\n<p style=\"text-align: justify\">L\u2019Europa ha appena abborracciato una soluzione per le ondate di profughi giunte dal Vicino Oriente che si profila la nuova ondata dei reduci della guerra di Siria che finisce.<\/p>\n<p style=\"text-align: justify\">Circa 30.000 uomini, induriti da tre\/sei anni di combattimenti, col sistema nervoso danneggiato dal Captagon \u2013 la droga del jihadista- e con disponibilit\u00e0 di denaro sufficiente a comprarsi una nuova identit\u00e0 si affacceranno sul resto del mondo. Vediamo dove.k<\/p>\n<div class=\"text_exposed_show\">\n<p style=\"text-align: justify\">Tra questi, immaginiamo che il grosso voglia stabilirsi nei Balcani dove la vita \u00e8 pi\u00f9 simile e i documenti meno costosi. Diciamo diecimila soggetti.<\/p>\n<p style=\"text-align: justify\">Altri diecimila vorranno tornare alle loro case in Tunisia, Marocco o Libia.<\/p>\n<p style=\"text-align: justify\">Una aliquota torner\u00e0 in Europa ( Inghilterra e Francia principalmente) e un\u2019altra fetta si insabbier\u00e0 in loco o vorr\u00e0 continuare la lotta in Afganistan, Somalia o altre zone calde.<\/p>\n<p style=\"text-align: justify\">I piu decisi verranno in Europa.<\/p>\n<p style=\"text-align: justify\">Vogliamo dire che solo quattrocento ( su trentamila) verranno da noi ?<\/p>\n<p style=\"text-align: justify\">Ora s\u00ec che si confonderanno tra i profughi e nella migliore delle ipotesi contribuiranno a creare una nuova criminalit\u00e0 comune.<\/p>\n<p style=\"text-align: justify\">Quale sar\u00e0 la sorte delle spose dei combattenti rimaste vedove e con bambini in tenera et\u00e0 ( da sei mesi a cinque anni).<\/p>\n<p style=\"text-align: justify\">Possiamo calcolarne ventimila?<\/p>\n<p style=\"text-align: justify\">Gli USA hanno avuto un problema grave di insufficienza di fondi, inefficienza e trascuratezza coi loro stessi veterani e certamente non si occuperanno dei reduci delle loro truppe mercenarie, figuriamoci se vorranno pensare alle vedove della jihad.<\/p>\n<p style=\"text-align: justify\">Irretite in giovanissima et\u00e0 ( 16\/18) da mullah senza scrupoli che le hanno offerte ai combattenti, promettendo loro il paradiso, si trovano in terra straniera ( la Siria) certamente madri e senza mezzi di sostentamento.<\/p>\n<p style=\"text-align: justify\">Se tornassero a casa ( Marocco, Tunisia, Libia, U.K) \u201d disonorate\u201d e con prole verrebbero uccise dagli stessi parenti assieme ai figli.<\/p>\n<p style=\"text-align: justify\">Nei campi profughi dei paesi limitrofi in cui tentano di sopravvivere coloro che sfuggirono alla loro guerra, verrebbero linciate.<\/p>\n<p style=\"text-align: justify\">La prostituzione in un paese devastato e impoverito dalla guerra non \u00e8 un\u2019opzione realistica.<\/p>\n<p style=\"text-align: justify\">Essere ridotte in schiavit\u00f9 con un pugno di riso da contendersi col figlio in questo inverno, \u00e8 la prospettiva pi\u00f9 rosea che le attende.<\/p>\n<p style=\"text-align: justify\">Mi aspetto che i governi \u201cdemocratici\u201d, i giornali progressisti che hanno appoggiato la guerra, le organizzazioni femministe, l\u2019Unicef dei salotti, la TV, l\u2019organizzazione ONU per i rifugiati, dicano almeno una parola, ma credo che ignoreranno le dirette conseguenze questa parte della loro crociata anti Assad.<\/p>\n<p style=\"text-align: justify\">Presto avranno una nuova santa causa democratica per cui commuoversi e poi \u2026.\u00e8 Natale.<\/p>\n<p><strong>Fonte:\u00a0<a href=\"http:\/\/italiaeilmondo.com\/2017\/12\/16\/andromaca-oggi-di-antonio-de-martini\/\">http:\/\/italiaeilmondo.com\/2017\/12\/16\/andromaca-oggi-di-antonio-de-martini\/<\/a><\/strong><\/p>\n<\/div>\n","protected":false},"excerpt":{"rendered":"<p>di ITALIA E IL MONDO (Antonio De Martini) L\u2019Europa ha appena abborracciato una soluzione per le ondate di profughi giunte dal Vicino Oriente che si profila la nuova ondata dei reduci della guerra di Siria che finisce. Circa 30.000 uomini, induriti da tre\/sei anni di combattimenti, col sistema nervoso danneggiato dal Captagon \u2013 la droga del jihadista- e con disponibilit\u00e0 di denaro sufficiente a comprarsi una nuova identit\u00e0 si affacceranno sul resto del mondo. Vediamo&#46;&#46;&#46;<\/p>\n","protected":false},"author":80,"featured_media":25122,"comment_status":"open","ping_status":"open","sticky":false,"template":"","format":"standard","meta":{"jetpack_post_was_ever_published":false,"_jetpack_newsletter_access":"","_jetpack_dont_email_post_to_subs":false,"_jetpack_newsletter_tier_id":0,"_jetpack_memberships_contains_paywalled_content":false,"_jetpack_memberships_contains_paid_content":false,"footnotes":"","jetpack_publicize_message":"","jetpack_publicize_feature_enabled":true,"jetpack_social_post_already_shared":true,"jetpack_social_options":{"image_generator_settings":{"template":"highway","enabled":false},"version":2}},"categories":[32],"tags":[],"jetpack_publicize_connections":[],"jetpack_featured_media_url":"https:\/\/appelloalpopolo.it\/wp-content\/uploads\/2016\/11\/germinario-italiaeilmondo.jpg","jetpack_sharing_enabled":true,"jetpack_shortlink":"https:\/\/wp.me\/p7ZaJ4-9Gi","_links":{"self":[{"href":"https:\/\/appelloalpopolo.it\/index.php?rest_route=\/wp\/v2\/posts\/37218"}],"collection":[{"href":"https:\/\/appelloalpopolo.it\/index.php?rest_route=\/wp\/v2\/posts"}],"about":[{"href":"https:\/\/appelloalpopolo.it\/index.php?rest_route=\/wp\/v2\/types\/post"}],"author":[{"embeddable":true,"href":"https:\/\/appelloalpopolo.it\/index.php?rest_route=\/wp\/v2\/users\/80"}],"replies":[{"embeddable":true,"href":"https:\/\/appelloalpopolo.it\/index.php?rest_route=%2Fwp%2Fv2%2Fcomments&post=37218"}],"version-history":[{"count":2,"href":"https:\/\/appelloalpopolo.it\/index.php?rest_route=\/wp\/v2\/posts\/37218\/revisions"}],"predecessor-version":[{"id":37220,"href":"https:\/\/appelloalpopolo.it\/index.php?rest_route=\/wp\/v2\/posts\/37218\/revisions\/37220"}],"wp:featuredmedia":[{"embeddable":true,"href":"https:\/\/appelloalpopolo.it\/index.php?rest_route=\/wp\/v2\/media\/25122"}],"wp:attachment":[{"href":"https:\/\/appelloalpopolo.it\/index.php?rest_route=%2Fwp%2Fv2%2Fmedia&parent=37218"}],"wp:term":[{"taxonomy":"category","embeddable":true,"href":"https:\/\/appelloalpopolo.it\/index.php?rest_route=%2Fwp%2Fv2%2Fcategories&post=37218"},{"taxonomy":"post_tag","embeddable":true,"href":"https:\/\/appelloalpopolo.it\/index.php?rest_route=%2Fwp%2Fv2%2Ftags&post=37218"}],"curies":[{"name":"wp","href":"https:\/\/api.w.org\/{rel}","templated":true}]}}