{"id":37314,"date":"2017-12-20T10:09:07","date_gmt":"2017-12-20T09:09:07","guid":{"rendered":"http:\/\/appelloalpopolo.it\/?p=37314"},"modified":"2017-12-19T22:11:02","modified_gmt":"2017-12-19T21:11:02","slug":"il-piano-per-uccidere-erdogan-doveva-essere-eliminato-il-6-dicembre","status":"publish","type":"post","link":"https:\/\/appelloalpopolo.it\/?p=37314","title":{"rendered":"Il piano per uccidere Erdogan:  doveva essere eliminato il 6 dicembre"},"content":{"rendered":"<p>di <strong>GLI OCCHI DELLA GUERRA (Mauro Indelicato)<\/strong><\/p>\n<p style=\"text-align: justify\">A fine novembre, nove cittadini turchi sono stati arrestati in Grecia ed il tutto, secondo le prime informazioni passate nelle\u00a0<span id=\"more-38915\"><\/span>settimane scorse,\u00a0<strong>era da ricollegarsi ad un\u2019operazione anti terrorismo portata avanti dalle autorit\u00e0 di Atene<\/strong>: non si \u00e8 trattato, in particolare, di terrorismo jihadista o islamista, questa volta ad essere preso di mira \u00e8 stato un gruppo attivo dal 1978 denominato \u2018<strong>Fonte Rivoluzionario della Liberazione Popolare<\/strong>\u2019, la cui sigla \u00e8\u00a0<strong>DHKP-C<\/strong>. La formazione terroristica in Turchia \u00e8 stata protagonista di numerose azioni in questi quattro decenni di attivit\u00e0: sequestri, omicidi, rapine ed altre operazioni compiute con l\u2019intento di destabilizzare lo Stato turco ed aprire la strada al comunismo nel paese anatolico. Gli arresti compiuti in Grecia a fine novembre, in un primo momento sembravano essere pi\u00f9 che altro una \u2018concessione\u2019 del governo di Atene ad Erdogan\u00a0<a href=\"http:\/\/www.occhidellaguerra.it\/la-grecia-ad-accogliere-erdogan\/\">alla vigilia della storica visita del presidente turco nel paese ellenico<\/a>, ma in realt\u00e0 il quotidiano greco \u2018<em>To Vima<\/em>\u2019 nelle scorse ore ha svelato come, dietro le motivazioni dei fermi attuati in Grecia, vi era addirittura il tentativo di assassinare lo stesso capo di Stato turco.<\/p>\n<h2 style=\"text-align: justify\">Il piano da attuare ad Atene il 6 dicembre<\/h2>\n<p style=\"text-align: justify\">Che la visita di Erdogan in Grecia era destinata ad essere ricca di tensione lo si sapeva gi\u00e0 da quando, a met\u00e0 del mese di novembre, il presidente turco ha esplicitamente fatto riferimento al suo prossimo viaggio istituzionale ad Atene; del resto, una visita nella capitale greca da parte di un capo di Stato della Turchia in carica \u00e8 un qualcosa che non si vedeva da 65 anni:\u00a0<strong>discordie storiche, rivalit\u00e0 tradizionali, atavici problemi di vicinato<\/strong>\u00a0e la\u00a0<strong>questione cipriota<\/strong>\u00a0sono soltanto alcuni degli elementi che da decenni non hanno mancato di porre il gelo tra le due sponde dell\u2019Egeo. Dunque, n\u00e9 da parte greca e n\u00e9 tanto meno da quella turca la visita di Erdogan ha avuto il pieno appoggio delle rispettive popolazioni; di certo per\u00f2, in pochi avrebbero scommesso in una reazione da parte di alcuni dei pi\u00f9 pericolosi gruppi terroristici turchi tale da, di fatto, poter creare i presupposti per un progetto volto ad eliminare fisicamente il presidente turco ad Atene.<\/p>\n<p style=\"text-align: justify\">Erdogan, nell\u2019annunciare la sua visita in Grecia, non ha rivelato alcuna data e, forse, questo \u00e8 stato il primo segno di un qualcosa che, a livello di sicurezza, evidentemente non quadrava del tutto; pochi giorni dopo l\u2019annuncio del capo di Stato, si \u00e8 avuta per l\u2019appunto la notizia dell\u2019arresto del gruppo dei nove del DHKP-C anche se le autorit\u00e0 elleniche non hanno da subito rivelato le accuse rivolte al gruppo di cittadini turchi tradotti in carcere. Soltanto nei primi giorni di dicembre da Ankara hanno fatto sapere che Erdogan sarebbe atterrato ad Atene il 6 dicembre; \u00e8 proprio in quella data che il piano dei nove terroristi turchi doveva essere attuato: l\u2019azione programmata, in particolare, per le modalit\u00e0 con le quali era prevista poteva essere portata a termine in qualsiasi momento e questo proprio per superare, molto probabilmente, la difficolt\u00e0 derivante dalla mancata ufficializzazione della data esatta della visita del capo di Stato turco.<\/p>\n<p style=\"text-align: justify\">Durante l\u2019attraversamento delle strade del centro di Atene da parte del corteo presidenziale di Erdogan, una parte del gruppo del DHKP-C poi arrestato dalla Polizia\u00a0<a href=\"https:\/\/www.agenzianova.com\/a\/5a37a0d34f08d9.64218652\/1746814\/2017-12-18\/terrorismo-fonti-stampa-arrestati-in-grecia-nove-estremisti-che-pianificavano-attentato-a-erdogan\/linked\">avrebbe dovuto avere il compito di creare diversivi\u00a0<\/a>al fine di richiamare il pi\u00f9 alto numero di agenti preposti alla sicurezza del presidente turco; nelle abitazioni di molti dei nove finiti in manette a novembre, sarebbero state trovate non a caso molotov, bombe carta e razzi ed \u00e8 proprio con tali oggetti pronti ad essere scagliati contro la Polizia e gli agenti di guardia che, di fatto, si sarebbe dovuto creare il presupposto per\u00a0<strong>far scoppiare quella confusione volta ad aprire la strada agli uomini del commando incaricati di \u00a0arrivare ad Erdogan<\/strong>, indicato con il nome in codice di \u2018Scorpione\u2019, ed ucciderlo. Le rivelazioni di To Vima poggiano su fonti interne alle autorit\u00e0 greche, anche se i due governi interessati ancora non si sono espressi ufficialmente sul caso; pur tuttavia, se \u00e8 vero che da Atene ed Ankara non sono arrivate conferme, \u00e8 anche vero che non ci sono tracce di smentite.<\/p>\n<p style=\"text-align: justify\">Il gruppo di appartenenza dei nove arrestati, non \u00e8 segnalato come terrorista soltanto dalle autorit\u00e0 turche; tanto l\u2019UE quanto gli USA infatti, considerano da anni il DHKP-C come entit\u00e0 da racchiudere all\u2019interno delle rispettive \u2018black list\u2019. Un\u2019altra prova dell\u2019esistenza del presunto piano di uccisione di Erdogan ad Atene, risiederebbe nelle eccezionali misure di sicurezza previste dal governo greco nella capitale nei giorni della visita del presidente turco: nelle strade della metropoli ellenica infatti, durante la visita di Erdogan \u00e8 stata vietata ogni forma di manifestazione ed assembramento.<\/p>\n<h2 style=\"text-align: justify\">Il significato della visita di Erdogan ad Atene<\/h2>\n<p style=\"text-align: justify\">Come detto, tra Grecia e Turchia non scorre affatto buon sangue n\u00e9 i rapporti si possono considerare in qualche modo cordiali: pur tuttavia, la mossa del capo del governo di Ankara \u00e8 stata vista nell\u2019ottica della creazione di un asse comune del Mediterraneo orientale da attuare tra i due paesi, cos\u00ec come nel tentativo di Erdogan di allargare verso la penisola ellenica la sfera di influenza del suo paese, sfruttando le difficolt\u00e0 della Grecia all\u2019interno della zona Euro e dell\u2019UE. Non a caso, nell\u2019incontro tra Tsipras ed il capo di Stato turco si \u00e8 parlato di temi destinati ad essere ripresi nel meeting tra i due paesi che si terr\u00e0 a febbraio a Salonicco e che riguardano, soprattutto,<strong>\u00a0la costruzione dell\u2019alta velocit\u00e0 tra Atene ed Istanbul, l\u2019istituzione di collegamenti navali diretti tra Smirne e Salonicco ed un ponte sul fiume Evros<\/strong>\u00a0all\u2019altezza del confine tra i due Stati.<\/p>\n<p style=\"text-align: justify\">Grandi investimenti ed importanti progetti dunque, capaci di dare ossigeno alla martoriata economia greca e di rilanciare la Turchia come hub importante per l\u2019intera zona del Mediterraneo; ma soprattutto, tali progetti appaiono al momento prioritari nelle agende dei due governi, tanto da superare le ataviche discordie tra Atene ed Ankara: nel corso della visita di Erdogan, non sono mancati punti di frizione a partire soprattutto dalle velleit\u00e0 del presidente turco di modificare il trattato di Losanna del 1923, pur tuttavia il cammino intrapreso tra Turchia e Grecia appare differente rispetto a quello degli ultimi anni.<\/p>\n<p style=\"text-align: justify\"><strong>Fonte:\u00a0<a href=\"http:\/\/www.occhidellaguerra.it\/piano-uccidere-erdogan-doveva-eliminato-6-dicembre\/\">http:\/\/www.occhidellaguerra.it\/piano-uccidere-erdogan-doveva-eliminato-6-dicembre\/<\/a><\/strong><\/p>\n","protected":false},"excerpt":{"rendered":"<p>di GLI OCCHI DELLA GUERRA (Mauro Indelicato) A fine novembre, nove cittadini turchi sono stati arrestati in Grecia ed il tutto, secondo le prime informazioni passate nelle\u00a0settimane scorse,\u00a0era da ricollegarsi ad un\u2019operazione anti terrorismo portata avanti dalle autorit\u00e0 di Atene: non si \u00e8 trattato, in particolare, di terrorismo jihadista o islamista, questa volta ad essere preso di mira \u00e8 stato un gruppo attivo dal 1978 denominato \u2018Fonte Rivoluzionario della Liberazione Popolare\u2019, la cui sigla \u00e8\u00a0DHKP-C.&#46;&#46;&#46;<\/p>\n","protected":false},"author":80,"featured_media":0,"comment_status":"open","ping_status":"open","sticky":false,"template":"","format":"standard","meta":{"jetpack_post_was_ever_published":false,"_jetpack_newsletter_access":"","_jetpack_dont_email_post_to_subs":false,"_jetpack_newsletter_tier_id":0,"_jetpack_memberships_contains_paywalled_content":false,"_jetpack_memberships_contains_paid_content":false,"footnotes":"","jetpack_publicize_message":"","jetpack_publicize_feature_enabled":true,"jetpack_social_post_already_shared":true,"jetpack_social_options":{"image_generator_settings":{"template":"highway","enabled":false},"version":2}},"categories":[32],"tags":[],"jetpack_publicize_connections":[],"jetpack_featured_media_url":"","jetpack_sharing_enabled":true,"jetpack_shortlink":"https:\/\/wp.me\/p7ZaJ4-9HQ","_links":{"self":[{"href":"https:\/\/appelloalpopolo.it\/index.php?rest_route=\/wp\/v2\/posts\/37314"}],"collection":[{"href":"https:\/\/appelloalpopolo.it\/index.php?rest_route=\/wp\/v2\/posts"}],"about":[{"href":"https:\/\/appelloalpopolo.it\/index.php?rest_route=\/wp\/v2\/types\/post"}],"author":[{"embeddable":true,"href":"https:\/\/appelloalpopolo.it\/index.php?rest_route=\/wp\/v2\/users\/80"}],"replies":[{"embeddable":true,"href":"https:\/\/appelloalpopolo.it\/index.php?rest_route=%2Fwp%2Fv2%2Fcomments&post=37314"}],"version-history":[{"count":1,"href":"https:\/\/appelloalpopolo.it\/index.php?rest_route=\/wp\/v2\/posts\/37314\/revisions"}],"predecessor-version":[{"id":37315,"href":"https:\/\/appelloalpopolo.it\/index.php?rest_route=\/wp\/v2\/posts\/37314\/revisions\/37315"}],"wp:attachment":[{"href":"https:\/\/appelloalpopolo.it\/index.php?rest_route=%2Fwp%2Fv2%2Fmedia&parent=37314"}],"wp:term":[{"taxonomy":"category","embeddable":true,"href":"https:\/\/appelloalpopolo.it\/index.php?rest_route=%2Fwp%2Fv2%2Fcategories&post=37314"},{"taxonomy":"post_tag","embeddable":true,"href":"https:\/\/appelloalpopolo.it\/index.php?rest_route=%2Fwp%2Fv2%2Ftags&post=37314"}],"curies":[{"name":"wp","href":"https:\/\/api.w.org\/{rel}","templated":true}]}}