{"id":38077,"date":"2018-01-17T08:00:11","date_gmt":"2018-01-17T07:00:11","guid":{"rendered":"http:\/\/appelloalpopolo.it\/?p=38077"},"modified":"2018-01-15T15:22:30","modified_gmt":"2018-01-15T14:22:30","slug":"la-risposta-di-barba-e-pivetti-sulleuro","status":"publish","type":"post","link":"https:\/\/appelloalpopolo.it\/?p=38077","title":{"rendered":"La risposta di Barba e Pivetti sull\u2019euro"},"content":{"rendered":"<p style=\"text-align: justify;\"><strong>di VOCI DALL&#8217;ESTERO (Aldo Barba &amp; Massimo Pivetti)<\/strong><\/p>\n<p style=\"text-align: justify;\"><em>Con piacere riceviamo e pubblichiamo\u00a0la risposta dei professori Aldo Barba e Massimo Pivetti alla domanda specifica da\u00a0noi\u00a0posta sull\u2019euro e sulla flessibilit\u00e0 del cambio in occasione dell\u2019<a href=\"http:\/\/vocidallestero.it\/2017\/12\/21\/intervista-a-barba-e-pivetti-su-la-scomparsa-della-sinistra-in-europa-con-una-domanda\/\">intervista del Collettivo Aristoteles<\/a>, nella quale\u00a0appunto questo tema non era affrontato in maniera diretta.\u00a0 Il nostro intento era di sollecitare\u00a0un dialogo rispettoso, chiaro e sperabilmente proficuo tra\u00a0tutti coloro che hanno una posizione critica nei confronti dell\u2019integrazione europea e delle politiche che ne derivano, ma spesso si dividono (anche ferocemente) su aspetti che, a nostro modesto avviso,\u00a0appaiono marginali rispetto alla enorme portata dei problemi che ci troviamo ad affrontare.\u00a0Offriamo\u00a0dunque la risposta dei professori alla valutazione e ai commenti dei lettori,\u00a0accompagnandola, al termine, con qualche breve\u00a0osservazione.<\/em><\/p>\n<p style=\"text-align: justify;\">\n<p style=\"text-align: justify;\">\u201cVoci dall\u2019Estero, nel dare visibilit\u00e0 all\u2019intervista fattaci dal collettivo torinese Aristoteles, ci pone ulteriori quesiti circa il tema dell\u2019uscita dall\u2019euro e della flessibilit\u00e0 del cambio.<\/p>\n<p style=\"text-align: justify;\">\n<p style=\"text-align: justify;\">Non ci sembra possano esservi grandi dubbi sul fatto che \u2018un ritorno alla sovranit\u00e0 monetaria e fiscale porterebbe necessariamente all\u2019uscita dall\u2019euro\u2019. Il pieno utilizzo delle leve di politica economica finalizzato al conseguimento dell\u2019obiettivo del pieno impiego, come argomentato nell\u2019intervista e pi\u00f9 compiutamente ne \u2018La Scomparsa della sinistra in Europa\u2019, \u00e8 impedito dai vincoli europei. Il punto centrale da cogliere, per\u00f2, \u00e8 che tali vincoli non si esauriscono nella fissazione del cambio, ma riguardano prima di tutto la libera circolazione dei capitali e delle merci.<\/p>\n<div class=\"ezAdsense adsense adsense-midtext\" style=\"text-align: justify;\"><\/div>\n<p style=\"text-align: justify;\">In assenza di coordinamento in senso espansivo delle politiche economiche di un gruppo di paesi che siano importanti partner commerciali, ci sono solo tre modi in cui un singolo paese pu\u00f2 affrontare il problema della sua bilancia dei pagamenti con il resto del mondo. Il primo \u00e8 crescere meno degli altri, in pratica rinunciare a perseguire politiche di piena occupazione. Il secondo \u00e8 quello cui si fa riferimento nella domanda di Voci dall\u2019Estero: puntare sulla flessibilit\u00e0 del tasso di cambio per difendere la competitivit\u00e0 della produzione interna, in pratica poter ricorrere alla svalutazione\u00a0 per contenere le importazioni e sostenere le esportazioni. Il terzo \u00e8 quello suggerito dalla nostra analisi: ricorrere a controlli amministrativi delle transazioni finanziarie e commerciali con l\u2019estero. Noi siamo critici nei confronti di una visione della sovranit\u00e0 nazionale come essenzialmente funzionale al ripristino della flessibilit\u00e0 del cambio. E lo siamo soprattutto quando questo \u2018meccanismo di riequilibrio automatico\u2019 \u00e8 reputato un fattore in grado di assicurare la convivenza tra le politiche del pieno impiego e la libera circolazione dei capitali e delle merci.<\/p>\n<p style=\"text-align: justify;\">\n<p style=\"text-align: justify;\">In ogni caso, le svalutazioni competitive equivalgono sostanzialmente a peggioramenti delle ragioni di scambio e sono inflazionistiche attraverso i prezzi delle merci importate non sostituibili con produzione interna. Questi loro effetti si scaricherebbero certamente sui salariati nelle presenti condizioni di azzeramento del loro potere contrattuale e di pressoch\u00e9 totale assenza di difesa dei salari reali dall\u2019inflazione.<\/p>\n<p style=\"text-align: justify;\">\n<p style=\"text-align: justify;\">Chiunque consideri il ripristino della sovranit\u00e0 nazionale in campo monetario e fiscale la condizione del ritorno a un assetto distributivo come quello che precedette la mondializzazione liberista, nutrirebbe illusioni se non si convincesse che un paese emancipatosi dall\u2019eurosistema deve ricorrere ai controlli delle transazioni con l\u2019estero e al contempo adoprarsi con ogni mezzo per mantenere il controllo del valore interno ed esterno della sua moneta.\u201d<\/p>\n<p style=\"text-align: justify;\">\n<p style=\"text-align: justify;\">\u2026\u2026\u2026\u2026\u2026\u2026\u2026\u2026\u2026\u2026\u2026\u2026\u2026\u2026\u2026\u2026\u2026\u2026\u2026\u2026\u2026\u2026\u2026\u2026\u2026\u2026\u2026\u2026\u2026\u2026\u2026\u2026\u2026\u2026\u2026\u2026\u2026\u2026\u2026\u2026\u2026\u2026\u2026\u2026\u2026\u2026\u2026<\/p>\n<p style=\"text-align: justify;\">\n<p style=\"text-align: justify;\"><em>La prima osservazione\u00a0non pu\u00f2 non essere\u00a0il constatare\u00a0che,\u00a0pur se non detto espressamente nell\u2019intervista, anche\u00a0Barba e Pivetti condividono l\u2019inevitabilit\u00e0 dell\u2019uscita dall\u2019euro se si vuole riconquistare la sovranit\u00e0 monetaria e fiscale. Quanto al punto richiamato dagli autori relativo alla necessit\u00e0 di limitare la circolazione dei capitali, tutto il pensiero no euro, a quanto ci risulta, l\u2019ha sempre considerato uno dei punti necessari, insieme all\u2019abbandono del principio dell\u2019indipendenza della banca centrale, a partire dallo storico\u00a0<a href=\"https:\/\/www.ibs.it\/tramonto-dell-euro-come-perche-libro-generic-contributors\/e\/9788897949282\">\u201cTramonto dell\u2019euro\u201d di Alberto Bagnai<\/a>. Quindi, nessuna reale diversit\u00e0 di vedute in proposito, se non forse una certa differenza di accento che noi poniamo nel\u00a0considerare il ritorno alla moneta nazionale non solo un fatto che a un certo punto diverrebbe necessario o inevitabile, quanto un obiettivo in se stesso vitale\u00a0(da perseguire nei tempi e nei modi possibili, certo) nel momento in cui si riconosce nell\u2019euro lo strumento di dominio del capitale sul lavoro e il grimaldello per la distruzione della democrazia e dello stato sociale europeo. D\u2019altra parte, anche\u00a0su questa visione dell\u2019euro non pare esistere una reale diversit\u00e0 di vedute, in quanto lo stesso Pivetti\u00a0<a href=\"https:\/\/www.youtube.com\/watch?v=Q7bsM0WTagg\">in questo video<\/a>\u00a0 definisce l\u2019euro come lo \u201cstrumento diabolico di un progetto consapevolmente perseguito di drastico indebolimento dei lavoratori salariati,\u00a0per ridurne drasticamente e a tempo indeterminato\u00a0il potere contrattuale\u201d.\u00a0\u00a0<\/em><\/p>\n<p style=\"text-align: justify;\">\n<p style=\"text-align: justify;\"><em>Altre osservazioni sarebbero da fare sulle richiamate \u201csvalutazioni competitive\u201d o sull\u2019effetto inflazionistico della svalutazione che si potrebbe scaricare sui salari, aspetti sui quali\u00a0\u00e8 sicuramente possibile aggiungere delle considerazioni rilevanti.\u00a0\u00a0Per il momento, tuttavia, ci limitiamo a sottolineare\u00a0i punti in\u00a0comune e lasciamo spazio agli ulteriori contributi da parte dei lettori.\u00a0\u00a0<\/em><\/p>\n<p style=\"text-align: justify;\">\n<p style=\"text-align: justify;\"><strong>Fonte<\/strong>:<a href=\"https:\/\/vocidallestero.it\/2018\/01\/11\/la-risposta-di-barba-e-pivetti-sulleuro\/\">https:\/\/vocidallestero.it\/2018\/01\/11\/la-risposta-di-barba-e-pivetti-sulleuro\/<\/a><\/p>\n","protected":false},"excerpt":{"rendered":"<p>di VOCI DALL&#8217;ESTERO (Aldo Barba &amp; Massimo Pivetti) Con piacere riceviamo e pubblichiamo\u00a0la risposta dei professori Aldo Barba e Massimo Pivetti alla domanda specifica da\u00a0noi\u00a0posta sull\u2019euro e sulla flessibilit\u00e0 del cambio in occasione dell\u2019intervista del Collettivo Aristoteles, nella quale\u00a0appunto questo tema non era affrontato in maniera diretta.\u00a0 Il nostro intento era di sollecitare\u00a0un dialogo rispettoso, chiaro e sperabilmente proficuo tra\u00a0tutti coloro che hanno una posizione critica nei confronti dell\u2019integrazione europea e delle politiche che ne&#46;&#46;&#46;<\/p>\n","protected":false},"author":77,"featured_media":36726,"comment_status":"open","ping_status":"open","sticky":false,"template":"","format":"standard","meta":{"jetpack_post_was_ever_published":false,"_jetpack_newsletter_access":"","_jetpack_dont_email_post_to_subs":false,"_jetpack_newsletter_tier_id":0,"_jetpack_memberships_contains_paywalled_content":false,"_jetpack_memberships_contains_paid_content":false,"footnotes":"","jetpack_publicize_message":"","jetpack_publicize_feature_enabled":true,"jetpack_social_post_already_shared":true,"jetpack_social_options":{"image_generator_settings":{"template":"highway","enabled":false},"version":2}},"categories":[32],"tags":[],"jetpack_publicize_connections":[],"jetpack_featured_media_url":"https:\/\/appelloalpopolo.it\/wp-content\/uploads\/2017\/12\/Voci-dallestero.jpeg","jetpack_sharing_enabled":true,"jetpack_shortlink":"https:\/\/wp.me\/p7ZaJ4-9U9","_links":{"self":[{"href":"https:\/\/appelloalpopolo.it\/index.php?rest_route=\/wp\/v2\/posts\/38077"}],"collection":[{"href":"https:\/\/appelloalpopolo.it\/index.php?rest_route=\/wp\/v2\/posts"}],"about":[{"href":"https:\/\/appelloalpopolo.it\/index.php?rest_route=\/wp\/v2\/types\/post"}],"author":[{"embeddable":true,"href":"https:\/\/appelloalpopolo.it\/index.php?rest_route=\/wp\/v2\/users\/77"}],"replies":[{"embeddable":true,"href":"https:\/\/appelloalpopolo.it\/index.php?rest_route=%2Fwp%2Fv2%2Fcomments&post=38077"}],"version-history":[{"count":1,"href":"https:\/\/appelloalpopolo.it\/index.php?rest_route=\/wp\/v2\/posts\/38077\/revisions"}],"predecessor-version":[{"id":38078,"href":"https:\/\/appelloalpopolo.it\/index.php?rest_route=\/wp\/v2\/posts\/38077\/revisions\/38078"}],"wp:featuredmedia":[{"embeddable":true,"href":"https:\/\/appelloalpopolo.it\/index.php?rest_route=\/wp\/v2\/media\/36726"}],"wp:attachment":[{"href":"https:\/\/appelloalpopolo.it\/index.php?rest_route=%2Fwp%2Fv2%2Fmedia&parent=38077"}],"wp:term":[{"taxonomy":"category","embeddable":true,"href":"https:\/\/appelloalpopolo.it\/index.php?rest_route=%2Fwp%2Fv2%2Fcategories&post=38077"},{"taxonomy":"post_tag","embeddable":true,"href":"https:\/\/appelloalpopolo.it\/index.php?rest_route=%2Fwp%2Fv2%2Ftags&post=38077"}],"curies":[{"name":"wp","href":"https:\/\/api.w.org\/{rel}","templated":true}]}}