{"id":39037,"date":"2018-02-20T00:50:15","date_gmt":"2018-02-19T23:50:15","guid":{"rendered":"http:\/\/appelloalpopolo.it\/?p=39037"},"modified":"2018-02-21T12:44:23","modified_gmt":"2018-02-21T11:44:23","slug":"programma-di-riconquistare-litalia-per-la-regione-lazio-rifiuti","status":"publish","type":"post","link":"https:\/\/appelloalpopolo.it\/?p=39037","title":{"rendered":"Programma di Riconquistare l&#8217;Italia per la Regione Lazio: rifiuti"},"content":{"rendered":"<p style=\"text-align: justify;\">[Dal programma della lista\u00a0<a href=\"http:\/\/www.riconquistarelitalia.it\/\" target=\"_blank\" rel=\"noopener\"><strong>Riconquistare l\u2019Italia<\/strong><\/a>\u00a0per le elezioni regionali del 4 marzo 2018 \u2013 candidato Presidente\u00a0<a href=\"http:\/\/riconquistarelitalia.it\/stefano-rosati\/\" target=\"_blank\" rel=\"noopener\"><strong>Stefano Rosati<\/strong><\/a>]<\/p>\n<p style=\"text-align: justify;\">Con la direttiva 91\/156\/CEE del 18 marzo 1991, che va a modificare e integrare la primogenita direttiva 75\/442\/CEE relativa ai rifiuti, vengono sanciti dei principi fondanti per tutelare l\u2019ambiente e ottimizzare la produzione e lo smaltimento in ambito industriale e consumistico:<\/p>\n<ol style=\"text-align: justify;\">\n<li>adozione di misure intese a limitare la formazione dei rifiuti promuovendo le tecnologie \u201cpulite\u201d e i prodotti riciclabili e riutilizzabili;<\/li>\n<li>promozione del riciclo dei rifiuti e della loro riutilizzazione come materia prima;<\/li>\n<li>raggiungimento dell\u2019autosufficienza nello smaltimento dei suoi rifiuti da parte di ciascuno Stato membro, concependo la possibilit\u00e0 di una rete comunitaria;<\/li>\n<li>programmazione della gestione dei rifiuti;<\/li>\n<li>riduzione dei movimenti dei rifiuti;<\/li>\n<li>prassi autorizzativa e adeguato controllo delle imprese che si occupano di rifiuti.<\/li>\n<\/ol>\n<p style=\"text-align: justify;\">I 27 anni trascorsi da questa direttiva evidenziano l\u2019inerzia finora realizzatasi su di un tema che non \u00e8 solo ambientale, ma anche economico e industriale, essendo la gestione dei rifiuti una potenziale fonte di guadagno per chi li gestisce e un risparmio notevole per le famiglie e le aziende che devono pagare le relative tasse per il loro smaltimento. Ci\u00f2 detto, il nostro obiettivo non pu\u00f2 che essere quello di una gestione integralmente pubblica di questa materia, che veda coinvolti Comuni, Province e la Regione stessa. Certamente, la passata modifica del Titolo V della Costituzione ha creato non poca confusione nella suddivisione dei ruoli e, vero abominio, la c.d. legge \u201cDelrio\u201d ha determinato un ulteriore cortocircuito di competenze pressoch\u00e9 insanabile.<\/p>\n<p style=\"text-align: justify;\">Appare altres\u00ec assurda la destinazione di un gran numero di luoghi a discariche (il pi\u00f9 famoso \u00e8 quello di Malagrotta) le cui propriet\u00e0 e gestione sono affidate ai privati, spesso proprietari dei terreni stessi, senza che l\u2019Ente pubblico ricorra all\u2019esproprio per pubblico interesse previsto dall\u2019art. 42, terzo comma della Costituzione.<\/p>\n<p style=\"text-align: justify;\">Nelle premesse della direttiva sopracitata, \u00e8 da ritenere dannosa l\u2019apertura alla rete di gestione comunitaria, alla quale va preferito l\u2019obbligo per i singoli Stati di chiudere il proprio ciclo dei rifiuti in modo virtuoso al fine di evitare meccanismi di \u201cdeindustrializzazione\u201d nell\u2019ambito della gestione dei rifiuti a favore dei Paesi del Nord Europa.<\/p>\n<p style=\"text-align: justify;\">L\u2019intero costrutto normativo appare viziato alla radice dall\u2019apertura incondizionata al settore privato, che segue il solito mantra, falso e dannoso, secondo il quale le aziende pubbliche sarebbero inefficienti e costose, mentre quelle private pi\u00f9 efficienti. In questo senso, sarebbe interessante calcolare il danno economico e ambientale subito dalla Regione Lazio negli ultimi 30 anni in cui la gestione \u00e8 stata lasciata nelle mani dei privati, e in particolare:<\/p>\n<ol style=\"text-align: justify;\">\n<li>il costo dei terreni mai espropriati sui quali sono state fatte le discariche (Malagrotta ne \u00e8 l\u2019esempio pi\u00f9 noto);<\/li>\n<li>il mancato sfruttamento di buona parte dei rifiuti, come ad esempio la produzione di metano dagli stessi;<\/li>\n<li>il continuo ricorso ad appalti a societ\u00e0 e cooperative, con le conseguenze in termini salariali per i lavoratori, che risultano avere condizioni contrattuali peggiori di un dipendente pubblico, con una inevitabile ricaduta sull\u2019economia locale e nazionale, mentre responsabili, dirigenti e proprietari di queste aziende traggono ricavi esorbitanti.<\/li>\n<\/ol>\n<p style=\"text-align: justify;\">In conclusione, l\u2019imposizione di direttive europee relative all\u2019argomento specifico della gestione dei rifiuti, in concomitanza con l\u2019impostazione liberista dell\u2019Unione Europea, che vede con favore l\u2019impresa privata al posto di quella pubblica, hanno favorito clientelismi a danno della qualit\u00e0 della vita dei cittadini laziali, nonch\u00e9 una perdita economica notevole all\u2019interno del tessuto regionale. La lista Riconquistare l\u2019Italia si propone pertanto un completo riassorbimento della gestione dei rifiuti nelle competenze della Regione, e dunque di tipo integralmente pubblico, procedendo all\u2019esproprio dei terreni adibiti a discarica.<\/p>\n","protected":false},"excerpt":{"rendered":"<p>[Dal programma della lista\u00a0Riconquistare l\u2019Italia\u00a0per le elezioni regionali del 4 marzo 2018 \u2013 candidato Presidente\u00a0Stefano Rosati] Con la direttiva 91\/156\/CEE del 18 marzo 1991, che va a modificare e integrare la primogenita direttiva 75\/442\/CEE relativa ai rifiuti, vengono sanciti dei principi fondanti per tutelare l\u2019ambiente e ottimizzare la produzione e lo smaltimento in ambito industriale e consumistico: adozione di misure intese a limitare la formazione dei rifiuti promuovendo le tecnologie \u201cpulite\u201d e i prodotti riciclabili&#46;&#46;&#46;<\/p>\n","protected":false},"author":4,"featured_media":39169,"comment_status":"open","ping_status":"open","sticky":false,"template":"","format":"standard","meta":{"jetpack_post_was_ever_published":false,"_jetpack_newsletter_access":"","_jetpack_dont_email_post_to_subs":false,"_jetpack_newsletter_tier_id":0,"_jetpack_memberships_contains_paywalled_content":false,"_jetpack_memberships_contains_paid_content":false,"footnotes":"","jetpack_publicize_message":"","jetpack_publicize_feature_enabled":true,"jetpack_social_post_already_shared":true,"jetpack_social_options":{"image_generator_settings":{"template":"highway","enabled":false},"version":2}},"categories":[48,6],"tags":[],"jetpack_publicize_connections":[],"jetpack_featured_media_url":"https:\/\/appelloalpopolo.it\/wp-content\/uploads\/2018\/02\/rifiuti-1.png","jetpack_sharing_enabled":true,"jetpack_shortlink":"https:\/\/wp.me\/p7ZaJ4-a9D","_links":{"self":[{"href":"https:\/\/appelloalpopolo.it\/index.php?rest_route=\/wp\/v2\/posts\/39037"}],"collection":[{"href":"https:\/\/appelloalpopolo.it\/index.php?rest_route=\/wp\/v2\/posts"}],"about":[{"href":"https:\/\/appelloalpopolo.it\/index.php?rest_route=\/wp\/v2\/types\/post"}],"author":[{"embeddable":true,"href":"https:\/\/appelloalpopolo.it\/index.php?rest_route=\/wp\/v2\/users\/4"}],"replies":[{"embeddable":true,"href":"https:\/\/appelloalpopolo.it\/index.php?rest_route=%2Fwp%2Fv2%2Fcomments&post=39037"}],"version-history":[{"count":3,"href":"https:\/\/appelloalpopolo.it\/index.php?rest_route=\/wp\/v2\/posts\/39037\/revisions"}],"predecessor-version":[{"id":39171,"href":"https:\/\/appelloalpopolo.it\/index.php?rest_route=\/wp\/v2\/posts\/39037\/revisions\/39171"}],"wp:featuredmedia":[{"embeddable":true,"href":"https:\/\/appelloalpopolo.it\/index.php?rest_route=\/wp\/v2\/media\/39169"}],"wp:attachment":[{"href":"https:\/\/appelloalpopolo.it\/index.php?rest_route=%2Fwp%2Fv2%2Fmedia&parent=39037"}],"wp:term":[{"taxonomy":"category","embeddable":true,"href":"https:\/\/appelloalpopolo.it\/index.php?rest_route=%2Fwp%2Fv2%2Fcategories&post=39037"},{"taxonomy":"post_tag","embeddable":true,"href":"https:\/\/appelloalpopolo.it\/index.php?rest_route=%2Fwp%2Fv2%2Ftags&post=39037"}],"curies":[{"name":"wp","href":"https:\/\/api.w.org\/{rel}","templated":true}]}}