{"id":39063,"date":"2018-03-14T00:59:48","date_gmt":"2018-03-13T23:59:48","guid":{"rendered":"http:\/\/appelloalpopolo.it\/?p=39063"},"modified":"2018-03-14T07:39:02","modified_gmt":"2018-03-14T06:39:02","slug":"ne-fascismo-ne-razzismo-solo-frustrazione-parola-di-erich-fromm","status":"publish","type":"post","link":"https:\/\/appelloalpopolo.it\/?p=39063","title":{"rendered":"N\u00e9 fascismo n\u00e9 razzismo, solo frustrazione: parola di Erich Fromm"},"content":{"rendered":"<p style=\"text-align: justify;\">di <strong>PIERGIACOMO DI GENNARO<\/strong><\/p>\n<p style=\"text-align: justify;\">Nelle ultime settimane i tragici fatti di cronaca nera avvenuti nel comune di Macerata hanno portato l\u2019ormai ridondante dibattito politico sul neofascismo e sull\u2019immigrazione ad un nuovo apice.\u00a0L\u2019opinione pubblica sembra essersi divisa: da un lato gli antifascisti che si riconoscono oppositori di un\u2019avanzata dell\u2019estrema destra che ha invaso l\u2019Italia e l\u2019Europa accompagnata da un alone d\u2019odio xenofobo e razzista, dall\u2019altro coloro che vedono nell\u2019immigrazione incontrollata il pericolo di accogliere numerosi uomini violenti ed estremisti islamici che attenterebbero alla sicurezza dei cittadini italiani e alla loro condizione economica.<\/p>\n<p style=\"text-align: justify;\">La maggioranza si barrica in una di queste due opinioni ma un pensatore critico dinanzi a questa situazione tenta un\u2019analisi pi\u00f9 approfondita ricordando le parole di Alessandro Manzoni: \u201cLa\u00a0ragione e il torto non si dividono mai\u00a0con un taglio cos\u00ec netto che ogni parte abbia soltanto dell\u2019una o dell\u2019altro.\u201d\u00a0Cerchiamo quindi di capirne di pi\u00f9.<\/p>\n<p style=\"text-align: justify;\"><strong>Il fascismo alla base di tutto?<\/strong><\/p>\n<p style=\"text-align: justify;\">L\u2019attentato indubbiamente razzista di Traini\u00a0\u00e8 davvero frutto di un modo di pensare diffuso tra gli Italiani o \u00e8 soltanto l\u2019atto estremista di un folle?\u00a0In tutta l\u2019Europa ed in Italia gli\u00a0schieramenti estremisti stanno prendendo coraggio e si stanno allargando, questo \u00e8 un dato di fatto. Ma dove ha origine ci\u00f2? Di certo non in un sentimento razzista o in un animo fascista diffuso tra gli Italiani, che sono invece democratici da pi\u00f9 di 70 anni.\u00a0Noi Italiani, invece, siamo costantemente invasi da preoccupazioni e incertezze di ordine economico e sociale che fomentano la diffidenza nei confronti degli immigrati. Vediamo come questo sia rilevante per la questione.<\/p>\n<p style=\"text-align: justify;\">La nostra situazione economica, basata su tagli alle spese, non ci permette di programmare un\u2019adeguata integrazione per gli immigrati sbarcati; i quali si trovano spesso in una situazione di degrado, accolti con mezzi insufficienti, in un paese a loro estraneo. Risulta difficile trovare un lavoro per noi autoctoni, figuriamoci per loro che di solito non parlano l\u2019italiano. Infatti spesso finiscono per essere sfruttati (vedi le recenti notizie sul caporalato): nei campi agricoli a lavorare 12 ore al giorno pagati 3\u20ac all\u2019ora, a lavorare come pusher tramite la criminalit\u00e0 organizzata, o finiscono nel giro della prostituzione.<\/p>\n<p style=\"text-align: justify;\">In una situazione del genere che tu sia bianco, nero o giallo finisci per delinquere, o comunque c\u2019\u00e8 comprensibilmente un\u2019alta probabilit\u00e0. Ci\u00f2 \u00e8 dimostrato dalle statistiche sui detenuti in Italia; il 27% dei detenuti sono stranieri, se consideriamo poi che gli stranieri presenti in Italia sono circa l\u20199% dell\u2019intera popolazione, ci rendiamo conto che gli stranieri delinquono molto di pi\u00f9 degli italiani.\u00a0Quest\u2019affermazione ha una spiegazione logica ben definita\u00a0in termini di causa-effetto: col razzismo quindi non ha nulla a che fare.<\/p>\n<p style=\"text-align: justify;\">La preoccupazione del popolo italiano, che qui viene disegnata come razzismo \u00e8 pi\u00f9 che legittima. Ovviamente se lo Stato investisse il necessario per l\u2019integrazione e le politiche di welfare i dati sarebbero migliori cos\u00ec come si ridurrebbero le preoccupazioni degli Italiani: di questo dobbiamo riconoscere che nessuna colpa hanno gli immigrati; i quali, sia che scappino dalla guerra sia che cerchino una miglior situazione economica, hanno diritto nell\u2019immediato a essere accolti (per breve periodo o meno, a seconda anche della capacit\u00e0 del territorio di assorbire flussi migratori).<\/p>\n<p style=\"text-align: justify;\"><strong>Chiariamo con la teoria del capro espiatorio<\/strong><\/p>\n<p style=\"text-align: justify;\">Lo psicanalista tedesco Erich\u00a0Fromm sosteneva che la societ\u00e0 odierna favorisce lo sviluppo di personalit\u00e0 autoritarie, fortemente inclini ad accumulare frustrazione a causa di situazioni di disagio (proprio come quelle attraversate dal popolo italiano in questo periodo di crisi). Significative, poi, sono le conseguenze tratte qualche decennio dopo: chi \u00e8 incline a questo tipo di personalit\u00e0 tende a sfuggire all\u2019analisi razionale della realt\u00e0 e, non riuscendo ad individuare le cause del disagio, scarica la colpa su gruppi minoritari e impotenti (secondo la teoria del capro espiatorio di\u00a0Ren\u00e9 Girard).<\/p>\n<p style=\"text-align: justify;\">Cosa significa questo concretamente? L\u2019equazione \u00e8 molto semplice: la forte immigrazione poco controllata e poco controllabile porta indubbiamente con s\u00e9 dei rischi di indebolimento del tessuto sociale. Ci\u00f2, sommato alle pressioni economiche, si trasforma in un accumulo di frustrazione che porta la societ\u00e0 ad una diffidenza (non, si badi, ad una discriminazione) verso gli immigrati. A chiudere il cerchio sono le nostre istituzioni: intente a fare gli interessi neoliberisti, esse poco si occupano delle preoccupazioni e dei problemi che sono alla base di questo sentimento di frustrazione, il quale finisce per essere ignorato e quindi intensificato e radicalizzato.<\/p>\n<p style=\"text-align: justify;\"><strong>L\u2019appagamento arriva dai leader politici<\/strong><\/p>\n<p style=\"text-align: justify;\">Fromm sosteneva che le masse tendono ad affidarsi irrazionalmente ad un leader che promette di soddisfare i loro bisogni: questo spiega in un certo senso il boom delle destre populiste, che negli ultimi anni si \u00e8 reso protagonista non solo in Europa. Quelli che spesso vengono criticati come atti di sciacallaggio mediatico di cronaca nera sono, in realt\u00e0, per l\u2019inconscio sociale promesse di appagamento dei bisogni di cui sopra, che vengono accolte con soddisfazione dagli elettori. E ancora, come dimostrano i sondaggi, ad attrarre consensi verso destra ci sono anche i tentativi delle altre forze politiche di delegittimare ed etichettare questi comportamenti come razzisti o addirittura fascisti, in maniera molto ampia e non solo ristretta ai casi di estremismo.<\/p>\n<p style=\"text-align: justify;\">Ci\u00f2 dimostra ancora una volta l\u2019indifferenza e la noncuranza di buona parte della classe politica rispetto ai problemi di fondo degli Italiani: concentrando l\u2019attenzione poi sui casi di estremismo e generalizzandolo si finisce per incentivare quel sentimento di frustrazione che \u00e8 all\u2019origine di tutto.\u00a0Di certo, questo processo favorisce la crescite di movimenti populisti violenti, di fronte ai quali dovremmo chiederci se serve realmente a qualcosa riempirci la bocca di democrazia e antifascismo senza occuparci materialmente dei problemi che li hanno fomentati.<\/p>\n<p style=\"text-align: justify;\"><em>fonte: pensierocritico420533159.wordpress.com<\/em><\/p>\n","protected":false},"excerpt":{"rendered":"<p>di PIERGIACOMO DI GENNARO Nelle ultime settimane i tragici fatti di cronaca nera avvenuti nel comune di Macerata hanno portato l\u2019ormai ridondante dibattito politico sul neofascismo e sull\u2019immigrazione ad un nuovo apice.\u00a0L\u2019opinione pubblica sembra essersi divisa: da un lato gli antifascisti che si riconoscono oppositori di un\u2019avanzata dell\u2019estrema destra che ha invaso l\u2019Italia e l\u2019Europa accompagnata da un alone d\u2019odio xenofobo e razzista, dall\u2019altro coloro che vedono nell\u2019immigrazione incontrollata il pericolo di accogliere numerosi uomini&#46;&#46;&#46;<\/p>\n","protected":false},"author":4,"featured_media":39873,"comment_status":"open","ping_status":"open","sticky":false,"template":"","format":"standard","meta":{"jetpack_post_was_ever_published":false,"_jetpack_newsletter_access":"","_jetpack_dont_email_post_to_subs":false,"_jetpack_newsletter_tier_id":0,"_jetpack_memberships_contains_paywalled_content":false,"_jetpack_memberships_contains_paid_content":false,"footnotes":"","jetpack_publicize_message":"","jetpack_publicize_feature_enabled":true,"jetpack_social_post_already_shared":true,"jetpack_social_options":{"image_generator_settings":{"template":"highway","enabled":false},"version":2}},"categories":[17,6],"tags":[6021,126,6020,2078,202,6022,4476],"jetpack_publicize_connections":[],"jetpack_featured_media_url":"https:\/\/appelloalpopolo.it\/wp-content\/uploads\/2018\/03\/Erich_Fromm.jpg","jetpack_sharing_enabled":true,"jetpack_shortlink":"https:\/\/wp.me\/p7ZaJ4-aa3","_links":{"self":[{"href":"https:\/\/appelloalpopolo.it\/index.php?rest_route=\/wp\/v2\/posts\/39063"}],"collection":[{"href":"https:\/\/appelloalpopolo.it\/index.php?rest_route=\/wp\/v2\/posts"}],"about":[{"href":"https:\/\/appelloalpopolo.it\/index.php?rest_route=\/wp\/v2\/types\/post"}],"author":[{"embeddable":true,"href":"https:\/\/appelloalpopolo.it\/index.php?rest_route=\/wp\/v2\/users\/4"}],"replies":[{"embeddable":true,"href":"https:\/\/appelloalpopolo.it\/index.php?rest_route=%2Fwp%2Fv2%2Fcomments&post=39063"}],"version-history":[{"count":5,"href":"https:\/\/appelloalpopolo.it\/index.php?rest_route=\/wp\/v2\/posts\/39063\/revisions"}],"predecessor-version":[{"id":39900,"href":"https:\/\/appelloalpopolo.it\/index.php?rest_route=\/wp\/v2\/posts\/39063\/revisions\/39900"}],"wp:featuredmedia":[{"embeddable":true,"href":"https:\/\/appelloalpopolo.it\/index.php?rest_route=\/wp\/v2\/media\/39873"}],"wp:attachment":[{"href":"https:\/\/appelloalpopolo.it\/index.php?rest_route=%2Fwp%2Fv2%2Fmedia&parent=39063"}],"wp:term":[{"taxonomy":"category","embeddable":true,"href":"https:\/\/appelloalpopolo.it\/index.php?rest_route=%2Fwp%2Fv2%2Fcategories&post=39063"},{"taxonomy":"post_tag","embeddable":true,"href":"https:\/\/appelloalpopolo.it\/index.php?rest_route=%2Fwp%2Fv2%2Ftags&post=39063"}],"curies":[{"name":"wp","href":"https:\/\/api.w.org\/{rel}","templated":true}]}}