{"id":39364,"date":"2018-02-27T00:06:00","date_gmt":"2018-02-26T23:06:00","guid":{"rendered":"http:\/\/appelloalpopolo.it\/?p=39364"},"modified":"2018-02-27T00:17:37","modified_gmt":"2018-02-26T23:17:37","slug":"programma-di-riconquistare-litalia-per-la-regione-lazio-marchio-unico-territoriale","status":"publish","type":"post","link":"https:\/\/appelloalpopolo.it\/?p=39364","title":{"rendered":"Programma di Riconquistare l\u2019Italia per la Regione Lazio: marchio unico territoriale"},"content":{"rendered":"<p style=\"text-align: justify;\">[Dal programma della lista\u00a0<a href=\"http:\/\/www.riconquistarelitalia.it\/\" target=\"_blank\" rel=\"noopener\"><strong>Riconquistare l\u2019Italia<\/strong><\/a>\u00a0per le elezioni regionali del 4 marzo 2018 \u2013 candidato Presidente\u00a0<a href=\"http:\/\/riconquistarelitalia.it\/stefano-rosati\/\" target=\"_blank\" rel=\"noopener\"><strong>Stefano Rosati<\/strong><\/a>]<\/p>\n<p style=\"text-align: justify;\" align=\"JUSTIFY\">L\u2019esigenza di uno strumento di raccordo, tutela e promozione delle tipicit\u00e0 espresse dal territorio, soprattutto a livello agroalimentare e turistico, \u00e8 fortemente avvertita, ancor pi\u00f9 in un contesto di globalizzazione selvaggia nel quale i produttori locali si trovano a dover subire la concorrenza internazionale di produzioni la cui economicit\u00e0 discende anche da pratiche scorrette: si pensi alla dimensione raggiunta dalla cosiddetta agropirateria e alla concorrenza di materie prime e di prodotti trasformati provenienti da paesi emergenti, con costi di produzione molto pi\u00f9 bassi, spesso per uno scarso rispetto delle norme di sicurezza alimentare o di tutela dei lavoratori.<\/p>\n<p style=\"text-align: justify;\" align=\"JUSTIFY\">Alcune regioni, fra le quali il Lazio, hanno operato alcuni tentativi di regolamentazione attraverso leggi introduttive di nuovi \u201cmarchi di origine regionale\u201d, in vario modo disciplinati, ma con esperienze insoddisfacenti, soprattutto per l\u2019opposizione delle istituzioni europee, avallata dalla nostra Corte Costituzionale e dai nostri governi.<\/p>\n<p style=\"text-align: justify;\" align=\"JUSTIFY\">Le normative adottate dalla Regione Lazio, nello specifico, hanno subito il peso ingombrante dei vincoli dei Trattati europei in tema di concorrenza e libera circolazione delle merci, cui si \u00e8 aggiunto l\u2019autolesionismo dei nostri esecutivi, per iniziativa dei quali la Corte Costituzionale ne ha dichiarato l\u2019illegittimit\u00e0, ritenendole discriminatorie dei prodotti non laziali e quindi idonee a indurre il consumatore a preferire prodotti assistiti dal marchio regionale rispetto ad altri di diversa provenienza.<\/p>\n<p style=\"text-align: justify;\" align=\"JUSTIFY\">Analoga chiusura era stata del resto espressa dalla Commissione europea verso i tentativi di introduzione di un marchio nazionale, riferito alla generalit\u00e0 dei prodotti agricoli ed alimentari italiani, ritenuta ancora una volta \u201cviolazione delle norme in tema di concorrenza, in quanto il marchio ed il segno di cui trattasi possono favorire i prodotti nazionali a scapito dei prodotti provenienti da altri Stati membri\u201d.<\/p>\n<p style=\"text-align: justify;\" align=\"JUSTIFY\">La Commissione, insomma, ha a chiare lettere negato all\u2019origine territoriale dei prodotti in quanto tale una connotazione spendibile nel senso della \u201cqualit\u00e0\u201d. Sotto la mannaia della UE rischiano inoltre di cadere anche le agevolazioni per la filiera corta e per il \u201cchilometro zero\u201d.<\/p>\n<p style=\"text-align: justify;\" align=\"JUSTIFY\">Il Lazio si \u00e8 dotato di una normativa specifica in tema, con le Leggi regionali 12 del 2009 e 14 del 2016, volte a sostenere il consumo dei prodotti agricoli e alimentari di qualit\u00e0 provenienti da filiera corta. Tuttavia, discipline simili della Regione Basilicata e della Regione Puglia sono state dichiarate illegittime dalla Corte Costituzionale (sentenze 209 e 292 del 2013), sempre per contrasto con la normativa europea in tema di concorrenza e libera circolazione delle merci, in quanto tendenti ad orientare e sostenere il consumo dei prodotti agricoli di origine regionale a chilometro zero, anche attribuendo titolo preferenziale alle imprese locali nell\u2019aggiudicazione degli appalti dei servizi di ristorazione collettiva a prescindere dal livello delle emissioni di anidride carbonica equivalente connesse al relativo trasporto.<\/p>\n<p style=\"text-align: justify;\" align=\"JUSTIFY\">La posizione di manifesta chiusura dell\u2019Unione europea, tuttavia, si scontra con una diffusa e crescente domanda di identit\u00e0 territoriale dei prodotti agricoli ed alimentari, che denuncia l\u2019inadeguatezza e la limitatezza degli strumenti di cui al Regolamento europeo n. 510\/2006 e rivendica il diritto a propri e pi\u00f9 idonei strumenti di individuazione e dichiarazione dell\u2019origine dei prodotti, diversi e ulteriori rispetto a quelli apprestati dalla regolamentazione comunitaria sulle DOP\/IGP.<\/p>\n<p style=\"text-align: justify;\" align=\"JUSTIFY\">I marchi di qualit\u00e0 rilasciati dall\u2019Unione Europea su proposta del Ministero delle Politiche Agricole, Alimentari e Forestali, in particolare \u201cDenominazione di Origine Protetta\u201d (DOP) e \u201cIndicazione Geografica Protetta\u201d (IGP), sono legati a singole produzioni e comunque inadeguati a garantire la tutela e la promozione delle specificit\u00e0 territoriali nel quadro di una strategia organica di sviluppo locale. Tali denominazioni, del resto, in quanto strumenti d\u2019eccezione, ribadiscono il mancato riconoscimento a livello europeo della importanza generale del tema dell\u2019identit\u00e0 e della garanzia del prodotto agroalimentare.<\/p>\n<p style=\"text-align: justify;\" align=\"JUSTIFY\">Certamente non pu\u00f2 bastare l\u2019elenco dei Prodotti agroalimentari tradizionali (PAT) predisposto dal Ministero delle Politiche Agricole, Alimentari e Forestali con la collaborazione delle Regioni, nel quale possono essere inseriti i prodotti \u201cottenuti con metodi di lavorazione, conservazione e stagionatura consolidati nel tempo, omogenei per tutto il territorio interessato, secondo regole tradizionali, per un periodo non inferiore ai venticinque anni\u201d: nonostante siamo molti i prodotti laziali inseriti in tale elenco, trattasi infatti di \u201cprodotti di nicchia\u201d, di produzioni limitate in termini quantitativi e relativi ad aree territoriali molto ristrette.<\/p>\n<p style=\"text-align: justify;\" align=\"JUSTIFY\">N\u00e9 si sono rivelate proficue alcune iniziative regionali ispirate al tentativo di mediare fra le domande dei produttori locali e le indicazioni della Commissione europea, che hanno anzi rischiato di generare ulteriori elementi di confusione. L\u2019esempio \u00e8 quello della Toscana e dell\u2019Emilia Romagna, che si sono adeguate alle imposizioni europee optando per marchi collettivi di qualit\u00e0 concessi in uso alle imprese agricole che si impegnano a conformarsi a determinati disciplinari di produzione, senza subordinare, quindi, la concessione del marchio all\u2019origine territoriale del prodotto o allo svolgimento sul territorio di alcune fasi della produzione: il marchio regionale si limita a certificare l\u2019uso di determinate tecniche di produzione, utilizzabili tuttavia da qualunque produttore europeo, nel rispetto del principio della libera circolazione delle merci.<\/p>\n<p style=\"text-align: justify;\" align=\"JUSTIFY\">L\u2019inadeguatezza della normativa sovranazionale, del resto, \u00e8 aggravata dallo schizofrenico atteggiamento delle istituzioni europee in tema di disciplina dell\u2019etichettatura dei prodotti, troppo sensibile alle richieste dei grandi produttori e distributori internazionali, come recentemente dimostrato dalle deroghe previste dallo schema di Regolamento della Commissione europea, attuativo del Regolamento 1169\/2011 del Parlamento europeo e del Consiglio, in riferimento all\u2019obbligo di indicazione della provenienza dell\u2019ingrediente primario, laddove non coincida con l\u2019origine del prodotto. Regolamento che, paradossalmente, finir\u00e0 per togliere efficacia ai recenti decreti italiani che hanno imposto l\u2019indicazione in etichetta dell\u2019origine di latte (nei prodotti lattiero-caseari), grano e semola nella pasta, riso e pomodoro nelle relative conserve.<\/p>\n<p style=\"text-align: justify;\" align=\"JUSTIFY\">Servono quindi strumenti che con chiarezza riescano a comunicare un\u2019origine geografica univoca, nel quadro di uno specifico programma di promozione territoriale del quale la Regione Lazio dovr\u00e0 farsi carico, sia ricorrendo all\u2019uso di strumenti privatistici compatibili con la normativa europea, sia, laddove necessario, entrando in conflitto con la medesima normativa e con le istituzioni dell\u2019Unione, in virt\u00f9 della assoluta incompatibilit\u00e0 dei principi sanciti dalla nostra Costituzione economica con le norme dei Trattati Europei e della necessaria prevalenza dei primi.<\/p>\n<p style=\"text-align: justify;\" align=\"JUSTIFY\">Si proceder\u00e0 quindi all\u2019articolazione di un sistema di valorizzazione dell\u2019origine regionale e della dimensione storico-culturale, che avr\u00e0 al centro un marchio territoriale unico, anche nella forma del marchio ombrello regionale, in grado di creare sinergie fra il settore della produzione, in particolare agroalimentare, e quello turistico, al fine di presentare in modo uniforme i prodotti e i servizi della regione. Il marchio sar\u00e0 accessibile a tutte le imprese, istituzioni e organizzazioni che producono beni o erogano servizi associabili al territorio della Regione Lazio, sulla base di un disciplinare idoneo a garantire l\u2019identit\u00e0 territoriale e l\u2019elevata qualit\u00e0 e sostenibilit\u00e0 di beni e servizi.<\/p>\n","protected":false},"excerpt":{"rendered":"<p>[Dal programma della lista\u00a0Riconquistare l\u2019Italia\u00a0per le elezioni regionali del 4 marzo 2018 \u2013 candidato Presidente\u00a0Stefano Rosati] L\u2019esigenza di uno strumento di raccordo, tutela e promozione delle tipicit\u00e0 espresse dal territorio, soprattutto a livello agroalimentare e turistico, \u00e8 fortemente avvertita, ancor pi\u00f9 in un contesto di globalizzazione selvaggia nel quale i produttori locali si trovano a dover subire la concorrenza internazionale di produzioni la cui economicit\u00e0 discende anche da pratiche scorrette: si pensi alla dimensione raggiunta&#46;&#46;&#46;<\/p>\n","protected":false},"author":4,"featured_media":39373,"comment_status":"open","ping_status":"open","sticky":false,"template":"","format":"standard","meta":{"jetpack_post_was_ever_published":false,"_jetpack_newsletter_access":"","_jetpack_dont_email_post_to_subs":false,"_jetpack_newsletter_tier_id":0,"_jetpack_memberships_contains_paywalled_content":false,"_jetpack_memberships_contains_paid_content":false,"footnotes":"","jetpack_publicize_message":"","jetpack_publicize_feature_enabled":true,"jetpack_social_post_already_shared":true,"jetpack_social_options":{"image_generator_settings":{"template":"highway","enabled":false},"version":2}},"categories":[48,6],"tags":[],"jetpack_publicize_connections":[],"jetpack_featured_media_url":"https:\/\/appelloalpopolo.it\/wp-content\/uploads\/2018\/02\/marchio.png","jetpack_sharing_enabled":true,"jetpack_shortlink":"https:\/\/wp.me\/p7ZaJ4-aeU","_links":{"self":[{"href":"https:\/\/appelloalpopolo.it\/index.php?rest_route=\/wp\/v2\/posts\/39364"}],"collection":[{"href":"https:\/\/appelloalpopolo.it\/index.php?rest_route=\/wp\/v2\/posts"}],"about":[{"href":"https:\/\/appelloalpopolo.it\/index.php?rest_route=\/wp\/v2\/types\/post"}],"author":[{"embeddable":true,"href":"https:\/\/appelloalpopolo.it\/index.php?rest_route=\/wp\/v2\/users\/4"}],"replies":[{"embeddable":true,"href":"https:\/\/appelloalpopolo.it\/index.php?rest_route=%2Fwp%2Fv2%2Fcomments&post=39364"}],"version-history":[{"count":3,"href":"https:\/\/appelloalpopolo.it\/index.php?rest_route=\/wp\/v2\/posts\/39364\/revisions"}],"predecessor-version":[{"id":39374,"href":"https:\/\/appelloalpopolo.it\/index.php?rest_route=\/wp\/v2\/posts\/39364\/revisions\/39374"}],"wp:featuredmedia":[{"embeddable":true,"href":"https:\/\/appelloalpopolo.it\/index.php?rest_route=\/wp\/v2\/media\/39373"}],"wp:attachment":[{"href":"https:\/\/appelloalpopolo.it\/index.php?rest_route=%2Fwp%2Fv2%2Fmedia&parent=39364"}],"wp:term":[{"taxonomy":"category","embeddable":true,"href":"https:\/\/appelloalpopolo.it\/index.php?rest_route=%2Fwp%2Fv2%2Fcategories&post=39364"},{"taxonomy":"post_tag","embeddable":true,"href":"https:\/\/appelloalpopolo.it\/index.php?rest_route=%2Fwp%2Fv2%2Ftags&post=39364"}],"curies":[{"name":"wp","href":"https:\/\/api.w.org\/{rel}","templated":true}]}}