{"id":39408,"date":"2018-02-28T09:00:28","date_gmt":"2018-02-28T08:00:28","guid":{"rendered":"http:\/\/appelloalpopolo.it\/?p=39408"},"modified":"2018-02-28T14:08:08","modified_gmt":"2018-02-28T13:08:08","slug":"1992-quando-svalutammo-la-moneta-per-svalutare-i-salari","status":"publish","type":"post","link":"https:\/\/appelloalpopolo.it\/?p=39408","title":{"rendered":"1992: quando svalutammo la moneta per svalutare i salari"},"content":{"rendered":"<p><strong>di KEYNES BLOG\u00a0(Andrea Sbarile)<\/strong><\/p>\n<p style=\"text-align: justify;\"><img decoding=\"async\" class=\"alignnone size-full wp-image-7854\" src=\"https:\/\/keynesblog.files.wordpress.com\/2018\/02\/senza-titolo-1.jpg?w=560\" sizes=\"(max-width: 560px) 100vw, 560px\" srcset=\"https:\/\/keynesblog.files.wordpress.com\/2018\/02\/senza-titolo-1.jpg?w=560 560w, https:\/\/keynesblog.files.wordpress.com\/2018\/02\/senza-titolo-1.jpg?w=150 150w, https:\/\/keynesblog.files.wordpress.com\/2018\/02\/senza-titolo-1.jpg?w=300 300w, https:\/\/keynesblog.files.wordpress.com\/2018\/02\/senza-titolo-1.jpg 660w\" alt=\"Senza-titolo-1\" data-attachment-id=\"7854\" data-permalink=\"https:\/\/keynesblog.com\/2018\/02\/27\/1992-quando-svalutammo-la-moneta-per-svalutare-i-salari\/senza-titolo-1\/\" data-orig-file=\"https:\/\/keynesblog.files.wordpress.com\/2018\/02\/senza-titolo-1.jpg?w=560\" data-orig-size=\"660,330\" data-comments-opened=\"1\" data-image-meta=\"{&quot;aperture&quot;:&quot;0&quot;,&quot;credit&quot;:&quot;&quot;,&quot;camera&quot;:&quot;&quot;,&quot;caption&quot;:&quot;&quot;,&quot;created_timestamp&quot;:&quot;0&quot;,&quot;copyright&quot;:&quot;&quot;,&quot;focal_length&quot;:&quot;0&quot;,&quot;iso&quot;:&quot;0&quot;,&quot;shutter_speed&quot;:&quot;0&quot;,&quot;title&quot;:&quot;&quot;,&quot;orientation&quot;:&quot;0&quot;}\" data-image-title=\"Senza-titolo-1\" data-image-description=\"\" data-medium-file=\"https:\/\/keynesblog.files.wordpress.com\/2018\/02\/senza-titolo-1.jpg?w=560?w=300\" data-large-file=\"https:\/\/keynesblog.files.wordpress.com\/2018\/02\/senza-titolo-1.jpg?w=560?w=560\" \/><br \/>\n<strong>La crisi dello SME del 1992 si concluse con l\u2019abbandono dell\u2019accordo di cambio da parte dell\u2019Italia e della Gran Bretagna. Su questo evento e sui suoi effetti i \u201cnoeuro\u201d hanno costruito un mito non corrispondente alla realt\u00e0. In particolare mostreremo perch\u00e9 non si innesc\u00f2 una spirale inflattiva e come la svalutazione fu pagata dai lavoratori. Non \u00e8 vero cio\u00e8 quanto afferma l\u2019adagio noeuro secondo cui \u201co si svaluta la moneta o si svalutano i salari\u201d ma piuttosto \u00e8 vero che \u201csi svaluta la moneta per svalutare i salari\u201d.<\/strong><\/p>\n<p style=\"text-align: justify;\"><strong><em>di Andrea Sbarile* e Keynes Blog<\/em><\/strong><\/p>\n<h2 style=\"text-align: justify;\">La crisi dello SME<\/h2>\n<p style=\"text-align: justify;\">I luoghi comuni nel dibattito economico sono molto frequenti, come anche le interpretazioni <em>pro domo sua<\/em> dei fenomeni storici. La crisi del <a href=\"https:\/\/it.wikipedia.org\/wiki\/Sistema_monetario_europeo\" target=\"_blank\" rel=\"noopener\"><strong>Sistema Monetario Europeo (SME)<\/strong><\/a> del settembre 1992, quando la lira e la sterlina britannica furono soggette a un forte attacco speculativo e, a causa di ci\u00f2, lasciarono l\u2019accordo di cambio e si svalutarono, \u00e8 stata spesso oggetto di interpretazioni parziali da parte dei cosiddetti \u201cnoeuro\u201d.<\/p>\n<div id=\"attachment_7858\" class=\"wp-caption alignnone\" style=\"text-align: justify;\" data-shortcode=\"caption\">\n<p><img decoding=\"async\" class=\"alignnone size-full wp-image-7858\" src=\"https:\/\/keynesblog.files.wordpress.com\/2018\/02\/svalutazione.png?w=560\" sizes=\"(max-width: 560px) 100vw, 560px\" srcset=\"https:\/\/keynesblog.files.wordpress.com\/2018\/02\/svalutazione.png?w=560 560w, https:\/\/keynesblog.files.wordpress.com\/2018\/02\/svalutazione.png?w=150 150w, https:\/\/keynesblog.files.wordpress.com\/2018\/02\/svalutazione.png?w=300 300w, https:\/\/keynesblog.files.wordpress.com\/2018\/02\/svalutazione.png?w=768 768w, https:\/\/keynesblog.files.wordpress.com\/2018\/02\/svalutazione.png 800w\" alt=\"svalutazione.png\" data-attachment-id=\"7858\" data-permalink=\"https:\/\/keynesblog.com\/2018\/02\/27\/1992-quando-svalutammo-la-moneta-per-svalutare-i-salari\/svalutazione-2\/\" data-orig-file=\"https:\/\/keynesblog.files.wordpress.com\/2018\/02\/svalutazione.png?w=560\" data-orig-size=\"800,470\" data-comments-opened=\"1\" data-image-meta=\"{&quot;aperture&quot;:&quot;0&quot;,&quot;credit&quot;:&quot;&quot;,&quot;camera&quot;:&quot;&quot;,&quot;caption&quot;:&quot;&quot;,&quot;created_timestamp&quot;:&quot;0&quot;,&quot;copyright&quot;:&quot;&quot;,&quot;focal_length&quot;:&quot;0&quot;,&quot;iso&quot;:&quot;0&quot;,&quot;shutter_speed&quot;:&quot;0&quot;,&quot;title&quot;:&quot;&quot;,&quot;orientation&quot;:&quot;0&quot;}\" data-image-title=\"svalutazione\" data-image-description=\"\" data-medium-file=\"https:\/\/keynesblog.files.wordpress.com\/2018\/02\/svalutazione.png?w=560?w=300\" data-large-file=\"https:\/\/keynesblog.files.wordpress.com\/2018\/02\/svalutazione.png?w=560?w=560\" \/><\/p>\n<p class=\"wp-caption-text\">Tasso di cambio nominale effettivo della lira<\/p>\n<\/div>\n<p style=\"text-align: justify;\">La crisi che si verific\u00f2 alla fine del 1992 fu da manuale, poich\u00e9 rispondeva alla cosiddetta \u201ccrisi valutaria di prima generazione\u201d di <a href=\"http:\/\/users.econ.umn.edu\/~tkehoe\/classes\/Krugman1.pdf\" target=\"_blank\" rel=\"noopener\">Krugman (1979)<\/a>: quando un paese, in presenza di divergenze tra i suoi fondamentali e il tasso di cambio, tenta di mantenere quest\u2019ultimo coprendo i disavanzi tramite riserve, nella mente degli speculatori si forma un \u201ctasso ombra\u201d, ovvero il valore del tasso di cambio qualora fosse lasciato libero di fluttuare.\u00a0Inizialmente, i disavanzi vengono coperti da riserve valutarie della banca centrale, finch\u00e9 l\u2019intensificarsi della speculazione azzera le riserve costringendo il paese a svalutare. Eichengreen e Wyplosz in <a href=\"https:\/\/www.brookings.edu\/wp-content\/uploads\/1993\/01\/1993a_bpea_eichengreen_wyplosz_branson_dornbusch.pdf\" target=\"_blank\" rel=\"noopener\"><em>The unstable EMS<\/em><\/a> ipotizzano anche una componente delle <a href=\"http:\/\/utenti.dea.univpm.it\/presbitero\/EMI\/Gambini.pdf\" target=\"_blank\" rel=\"noopener\">crisi di seconda generazione (basate su aspettative autorealizzatesi)<\/a>, ma non \u00e8 un\u2019opinione universalmente accettata.<\/p>\n<p style=\"text-align: justify;\">La crisi dello SME si collocava in uno scenario profondamente mutato rispetto ai decenni precedenti, quando i movimenti di capitali erano meno pressanti, come sottoline\u00f2 il governatore della Banca d\u2019Italia Antonio Fazio, appena nominato, nelle <a href=\"https:\/\/www.bancaditalia.it\/pubblicazioni\/interventi-governatore\/integov1993\/rel92_considerazioni_finali.pdf\" target=\"_blank\" rel=\"noopener\">considerazioni finali del maggio 1993<\/a>. Quando la speculazione, nell\u2019estate del 1992, attacc\u00f2 la lira e la sterlina a seguito della bocciatura del Trattato di Maastricht da parte degli elettori danesi (e delle aspettative di un eguale giudizio negativo da parte dei francesi), ci fu poco da fare, anche per la mancata collaborazione della Bundesbank. Il Sistema Monetario Europeo, infatti, prevedeva il sostegno delle banche centrali degli altri paesi in caso di attacco ad una valuta. La responsabilit\u00e0 maggiore ricadeva sulla Bundesbank, la banca centrale tedesca, poich\u00e9 il marco era di fatto la valuta di riferimento del sistema. Ma questa collaborazione non vi fu n\u00e9 attraverso il sostegno alle valute attaccate n\u00e9 con una la rivalutazione pilotata del marco (come avvenuto in passato), anche perch\u00e9 all\u2019epoca la Germania era in deficit di partite correnti e non voleva aggravarlo. L\u2019aggiustamento doveva essere interamente a carico dei paesi \u201cdeboli\u201d. Dopo un\u2019iniziale svalutazione il 13 settembre 1992, il governo Amato decide l\u2019uscita dallo SME il 17 settembre, all\u2019indomani dell\u2019uscita della sterlina. Anche la Francia sub\u00ec l\u2019attacco speculativo, ma alla fine la Bundesbank si mosse in soccorso del Franco. Pochi mesi dopo l\u2019Italia ratificher\u00e0 il Trattato di Maastricht.<br \/>\nA tale proposito vale la pena richiamare un articolo di Keynes Blog nel quale si sono analizzate <strong>le profonde differenze tra il sistema di Bretton Woods, lo SME e l\u2019euro:<\/strong>\u201c<a href=\"https:\/\/keynesblog.com\/2014\/11\/11\/perche-leuro-non-e-ancora-crollato\/\" target=\"_blank\" rel=\"noopener\">Perch\u00e9 l\u2019euro non \u00e8 ancora crollato<\/a>?\u201d.<\/p>\n<h2 style=\"text-align: justify;\">La svalutazione senza inflazione<\/h2>\n<p style=\"text-align: justify;\">Uno degli aspetti pi\u00f9 controversi della crisi dello SME fu il mancato aumento del tasso d\u2019inflazione:<\/p>\n<div id=\"attachment_7857\" class=\"wp-caption alignnone\" style=\"text-align: justify;\" data-shortcode=\"caption\">\n<p><img decoding=\"async\" class=\"alignnone size-full wp-image-7857\" src=\"https:\/\/keynesblog.files.wordpress.com\/2018\/02\/fredgraph_inflazione1.png?w=560\" sizes=\"(max-width: 560px) 100vw, 560px\" srcset=\"https:\/\/keynesblog.files.wordpress.com\/2018\/02\/fredgraph_inflazione1.png?w=560 560w, https:\/\/keynesblog.files.wordpress.com\/2018\/02\/fredgraph_inflazione1.png?w=150 150w, https:\/\/keynesblog.files.wordpress.com\/2018\/02\/fredgraph_inflazione1.png?w=300 300w, https:\/\/keynesblog.files.wordpress.com\/2018\/02\/fredgraph_inflazione1.png?w=768 768w, https:\/\/keynesblog.files.wordpress.com\/2018\/02\/fredgraph_inflazione1.png 850w\" alt=\"fredgraph_inflazione.png\" data-attachment-id=\"7857\" data-permalink=\"https:\/\/keynesblog.com\/2018\/02\/27\/1992-quando-svalutammo-la-moneta-per-svalutare-i-salari\/fredgraph_inflazione-2\/\" data-orig-file=\"https:\/\/keynesblog.files.wordpress.com\/2018\/02\/fredgraph_inflazione1.png?w=560\" data-orig-size=\"850,470\" data-comments-opened=\"1\" data-image-meta=\"{&quot;aperture&quot;:&quot;0&quot;,&quot;credit&quot;:&quot;&quot;,&quot;camera&quot;:&quot;&quot;,&quot;caption&quot;:&quot;&quot;,&quot;created_timestamp&quot;:&quot;0&quot;,&quot;copyright&quot;:&quot;&quot;,&quot;focal_length&quot;:&quot;0&quot;,&quot;iso&quot;:&quot;0&quot;,&quot;shutter_speed&quot;:&quot;0&quot;,&quot;title&quot;:&quot;&quot;,&quot;orientation&quot;:&quot;0&quot;}\" data-image-title=\"fredgraph_inflazione\" data-image-description=\"\" data-medium-file=\"https:\/\/keynesblog.files.wordpress.com\/2018\/02\/fredgraph_inflazione1.png?w=560?w=300\" data-large-file=\"https:\/\/keynesblog.files.wordpress.com\/2018\/02\/fredgraph_inflazione1.png?w=560?w=560\" \/><\/p>\n<p class=\"wp-caption-text\">Italia: tasso d\u2019inflazione<\/p>\n<\/div>\n<p style=\"text-align: justify;\">E\u2019 comune, infatti, che un deprezzamento del cambio provochi un aumento dei prezzi dell\u2019incremento dei costi degli input importati (per cui rimandiamo a <a href=\"http:\/\/www.mangiatoridicervello.com\/2017\/07\/18\/paperinik-il-tasso-di-cambio-e-linflazione-la-paperinomiks\/\" target=\"_blank\" rel=\"noopener\">questo articolo di Andrea Sbarile<\/a>). E\u2019 in effetti quanto \u00e8 accaduto recentemente in Gran Bretagna con la svalutazione della sterlina dopo il referendum sul Brexit. Eppure, come si pu\u00f2 notare dal grafico su riportato, l\u2019inflazione al consumo diminu\u00ec nonostante la svalutazione. Sulla scorta di ci\u00f2, alcuni noeuro hanno sostenuto che, in caso di uscita dalla moneta unica e di successiva svalutazione, l\u2019inflazione non sarebbe drammatica.<\/p>\n<h2 style=\"text-align: justify;\">La svalutazione interna degli anni \u201990<\/h2>\n<p style=\"text-align: justify;\">Spesso si esalta la svalutazione del 1992 senza per\u00f2 spiegare perch\u00e9 essa abbia avuto un effetto dirompente sulla bilancia commerciale. Il fatto \u00e8 che, dopo la crisi dello SME, l\u2019aumento dell\u2019export fu ottenuto proprio tramite la svalutazione interna, cio\u00e8 il blocco dei salari e la caduta dell\u2019occupazione, dei consumi e degli investimenti.<br \/>\nInsomma, <strong>molto prima della deflazione interna tedesca degli anni 2000, fu proprio l\u2019Italia a dare l\u2019esempio<\/strong>, riequilibrando i suoi conti esteri con politiche a dir poco draconiane.<\/p>\n<p style=\"text-align: justify;\">Il mantra degli economisti del web \u201co si svaluta la moneta o si svalutano i salari\u201d andrebbe sostanzialmente emendato in: \u201csi svaluta la moneta per svalutare i salari\u201d. Questo \u00e8 particolarmente evidente guardando l\u2019andamento relativo delle variazioni dei salari nominali e dell\u2019inflazione nel periodo considerato:<\/p>\n<p style=\"text-align: justify;\"><img decoding=\"async\" class=\"alignnone size-full wp-image-7860\" src=\"https:\/\/keynesblog.files.wordpress.com\/2018\/02\/salari-reali1.png?w=560\" sizes=\"(max-width: 560px) 100vw, 560px\" srcset=\"https:\/\/keynesblog.files.wordpress.com\/2018\/02\/salari-reali1.png?w=560 560w, https:\/\/keynesblog.files.wordpress.com\/2018\/02\/salari-reali1.png?w=150 150w, https:\/\/keynesblog.files.wordpress.com\/2018\/02\/salari-reali1.png?w=300 300w, https:\/\/keynesblog.files.wordpress.com\/2018\/02\/salari-reali1.png?w=768 768w, https:\/\/keynesblog.files.wordpress.com\/2018\/02\/salari-reali1.png 799w\" alt=\"salari reali.png\" data-attachment-id=\"7860\" data-permalink=\"https:\/\/keynesblog.com\/2018\/02\/27\/1992-quando-svalutammo-la-moneta-per-svalutare-i-salari\/salari-reali-2\/\" data-orig-file=\"https:\/\/keynesblog.files.wordpress.com\/2018\/02\/salari-reali1.png?w=560\" data-orig-size=\"799,521\" data-comments-opened=\"1\" data-image-meta=\"{&quot;aperture&quot;:&quot;0&quot;,&quot;credit&quot;:&quot;&quot;,&quot;camera&quot;:&quot;&quot;,&quot;caption&quot;:&quot;&quot;,&quot;created_timestamp&quot;:&quot;0&quot;,&quot;copyright&quot;:&quot;&quot;,&quot;focal_length&quot;:&quot;0&quot;,&quot;iso&quot;:&quot;0&quot;,&quot;shutter_speed&quot;:&quot;0&quot;,&quot;title&quot;:&quot;&quot;,&quot;orientation&quot;:&quot;0&quot;}\" data-image-title=\"salari reali\" data-image-description=\"\" data-medium-file=\"https:\/\/keynesblog.files.wordpress.com\/2018\/02\/salari-reali1.png?w=560?w=300\" data-large-file=\"https:\/\/keynesblog.files.wordpress.com\/2018\/02\/salari-reali1.png?w=560?w=560\" \/><\/p>\n<p style=\"text-align: justify;\">Quel che succede \u00e8 che <strong>l\u2019inflazione scende, ma la crescita dei salari scende molto pi\u00f9 velocemente<\/strong>. Il risultato \u00e8 che i<strong> salari reali nel 1995 saranno crollati di 7,5 punti percentuali rispetto al picco pre-svalutazione<\/strong>.<\/p>\n<p style=\"text-align: justify;\"><strong>Il motivo per cui i salari nominali sono cresciuti al di sotto dell\u2019inflazione<\/strong> \u00e8 presto detto: poco prima della svalutazione nel settembre \u201892, <strong>i sindacati avevano firmato un accordo molto duro col governo che aveva cancellato i residui di scala mobile<\/strong>, gi\u00e0 compromessa nel 1984 con il decreto di San Valentino firmato da Bettino Craxi.<\/p>\n<p style=\"text-align: justify;\">Non solo i salari reali, ma <strong>anche la distribuzione del reddito mut\u00f2 a sfavore dei lavoratori<\/strong>. La quota salari sul PIL, vale a dire la parte di ricchezza prodotta che va al lavoro, croll\u00f2 di quasi 5 punti percentuali, superando di gran lunga la tendenza degli altri paesi europei.<\/p>\n<p style=\"text-align: justify;\"><img decoding=\"async\" class=\"alignnone size-full wp-image-7874\" src=\"https:\/\/keynesblog.files.wordpress.com\/2018\/02\/quota-salari.png?w=560\" sizes=\"(max-width: 560px) 100vw, 560px\" srcset=\"https:\/\/keynesblog.files.wordpress.com\/2018\/02\/quota-salari.png?w=560 560w, https:\/\/keynesblog.files.wordpress.com\/2018\/02\/quota-salari.png?w=150 150w, https:\/\/keynesblog.files.wordpress.com\/2018\/02\/quota-salari.png?w=300 300w, https:\/\/keynesblog.files.wordpress.com\/2018\/02\/quota-salari.png 592w\" alt=\"quota salari.png\" data-attachment-id=\"7874\" data-permalink=\"https:\/\/keynesblog.com\/2018\/02\/27\/1992-quando-svalutammo-la-moneta-per-svalutare-i-salari\/quota-salari\/\" data-orig-file=\"https:\/\/keynesblog.files.wordpress.com\/2018\/02\/quota-salari.png?w=560\" data-orig-size=\"592,537\" data-comments-opened=\"1\" data-image-meta=\"{&quot;aperture&quot;:&quot;0&quot;,&quot;credit&quot;:&quot;&quot;,&quot;camera&quot;:&quot;&quot;,&quot;caption&quot;:&quot;&quot;,&quot;created_timestamp&quot;:&quot;0&quot;,&quot;copyright&quot;:&quot;&quot;,&quot;focal_length&quot;:&quot;0&quot;,&quot;iso&quot;:&quot;0&quot;,&quot;shutter_speed&quot;:&quot;0&quot;,&quot;title&quot;:&quot;&quot;,&quot;orientation&quot;:&quot;0&quot;}\" data-image-title=\"quota salari\" data-image-description=\"\" data-medium-file=\"https:\/\/keynesblog.files.wordpress.com\/2018\/02\/quota-salari.png?w=560?w=300\" data-large-file=\"https:\/\/keynesblog.files.wordpress.com\/2018\/02\/quota-salari.png?w=560?w=560\" \/><\/p>\n<p style=\"text-align: justify;\">Oltre all\u2019austerit\u00e0 salariale, crebbe velocemente e violentemente anche la disoccupazione, che raggiunse tassi comparabili a quelli della crisi odierna, attestandosi intorno all\u201911% fino al 1998, per poi scendere lentamente, paradossalmente proprio dopo il varo dell\u2019euro, fino grande crisi finanziaria del 2007.<\/p>\n<p style=\"text-align: justify;\"><img decoding=\"async\" class=\"alignnone size-full wp-image-7870\" src=\"https:\/\/keynesblog.files.wordpress.com\/2018\/02\/disoccupazione1.png?w=560\" sizes=\"(max-width: 560px) 100vw, 560px\" srcset=\"https:\/\/keynesblog.files.wordpress.com\/2018\/02\/disoccupazione1.png?w=560 560w, https:\/\/keynesblog.files.wordpress.com\/2018\/02\/disoccupazione1.png?w=150 150w, https:\/\/keynesblog.files.wordpress.com\/2018\/02\/disoccupazione1.png?w=300 300w, https:\/\/keynesblog.files.wordpress.com\/2018\/02\/disoccupazione1.png?w=768 768w, https:\/\/keynesblog.files.wordpress.com\/2018\/02\/disoccupazione1.png 861w\" alt=\"disoccupazione.png\" data-attachment-id=\"7870\" data-permalink=\"https:\/\/keynesblog.com\/2018\/02\/27\/1992-quando-svalutammo-la-moneta-per-svalutare-i-salari\/disoccupazione-2\/\" data-orig-file=\"https:\/\/keynesblog.files.wordpress.com\/2018\/02\/disoccupazione1.png?w=560\" data-orig-size=\"861,594\" data-comments-opened=\"1\" data-image-meta=\"{&quot;aperture&quot;:&quot;0&quot;,&quot;credit&quot;:&quot;&quot;,&quot;camera&quot;:&quot;&quot;,&quot;caption&quot;:&quot;&quot;,&quot;created_timestamp&quot;:&quot;0&quot;,&quot;copyright&quot;:&quot;&quot;,&quot;focal_length&quot;:&quot;0&quot;,&quot;iso&quot;:&quot;0&quot;,&quot;shutter_speed&quot;:&quot;0&quot;,&quot;title&quot;:&quot;&quot;,&quot;orientation&quot;:&quot;0&quot;}\" data-image-title=\"disoccupazione\" data-image-description=\"\" data-medium-file=\"https:\/\/keynesblog.files.wordpress.com\/2018\/02\/disoccupazione1.png?w=560?w=300\" data-large-file=\"https:\/\/keynesblog.files.wordpress.com\/2018\/02\/disoccupazione1.png?w=560?w=560\" \/><\/p>\n<p style=\"text-align: justify;\">La politica deflattiva interna non si ferm\u00f2 ai salari, ma comprese anche <strong>una stretta fiscale senza precedenti da parte del governo di Giuliano Amato<\/strong>: la famose manovre <strong>\u201clacrime e sangue\u201d<\/strong>. Gi\u00e0 prima dell\u2019uscita vi fu l\u2019antipasto della manovra correttiva da 30mila miliardi di lire, comprensiva di prelievo forzoso del 6 per mille sui depositi bancari e postali. Ma la grande austerity arriv\u00f2 subito dopo la svalutazione di settembre: la maximanovra da 93mila miliardi, il 5,8% del Pil, formata da 43.500 miliardi di tagli alle spese, 42.500 di nuove entrate da aumenti delle tasse, e da 7mila miliardi di dismissioni delle partecipazioni pubbliche.<\/p>\n<div id=\"attachment_7863\" class=\"wp-caption alignnone\" style=\"text-align: justify;\" data-shortcode=\"caption\">\n<p><img decoding=\"async\" class=\"alignnone size-full wp-image-7863\" src=\"https:\/\/keynesblog.files.wordpress.com\/2018\/02\/spesa-pubblica.png?w=560\" sizes=\"(max-width: 560px) 100vw, 560px\" srcset=\"https:\/\/keynesblog.files.wordpress.com\/2018\/02\/spesa-pubblica.png?w=560 560w, https:\/\/keynesblog.files.wordpress.com\/2018\/02\/spesa-pubblica.png?w=150 150w, https:\/\/keynesblog.files.wordpress.com\/2018\/02\/spesa-pubblica.png?w=300 300w, https:\/\/keynesblog.files.wordpress.com\/2018\/02\/spesa-pubblica.png?w=768 768w, https:\/\/keynesblog.files.wordpress.com\/2018\/02\/spesa-pubblica.png 850w\" alt=\"spesa pubblica.png\" data-attachment-id=\"7863\" data-permalink=\"https:\/\/keynesblog.com\/2018\/02\/27\/1992-quando-svalutammo-la-moneta-per-svalutare-i-salari\/spesa-pubblica\/\" data-orig-file=\"https:\/\/keynesblog.files.wordpress.com\/2018\/02\/spesa-pubblica.png?w=560\" data-orig-size=\"850,570\" data-comments-opened=\"1\" data-image-meta=\"{&quot;aperture&quot;:&quot;0&quot;,&quot;credit&quot;:&quot;&quot;,&quot;camera&quot;:&quot;&quot;,&quot;caption&quot;:&quot;&quot;,&quot;created_timestamp&quot;:&quot;0&quot;,&quot;copyright&quot;:&quot;&quot;,&quot;focal_length&quot;:&quot;0&quot;,&quot;iso&quot;:&quot;0&quot;,&quot;shutter_speed&quot;:&quot;0&quot;,&quot;title&quot;:&quot;&quot;,&quot;orientation&quot;:&quot;0&quot;}\" data-image-title=\"spesa pubblica\" data-image-description=\"\" data-medium-file=\"https:\/\/keynesblog.files.wordpress.com\/2018\/02\/spesa-pubblica.png?w=560?w=300\" data-large-file=\"https:\/\/keynesblog.files.wordpress.com\/2018\/02\/spesa-pubblica.png?w=560?w=560\" \/><\/p>\n<p class=\"wp-caption-text\">Italia:\u00a0La spesa per consumi finali delle amministrazioni pubbliche (la famosa \u201cG\u201d nell\u2019equazione del PIL)<\/p>\n<\/div>\n<p style=\"text-align: justify;\">Anche i consumi e gli investimenti calarono a seguito dell\u2019austerit\u00e0 di Amato:<\/p>\n<div id=\"attachment_7864\" class=\"wp-caption alignnone\" style=\"text-align: justify;\" data-shortcode=\"caption\">\n<p><img decoding=\"async\" class=\"alignnone size-full wp-image-7864\" src=\"https:\/\/keynesblog.files.wordpress.com\/2018\/02\/consumi-finali-privati.png?w=560\" sizes=\"(max-width: 560px) 100vw, 560px\" srcset=\"https:\/\/keynesblog.files.wordpress.com\/2018\/02\/consumi-finali-privati.png?w=560 560w, https:\/\/keynesblog.files.wordpress.com\/2018\/02\/consumi-finali-privati.png?w=150 150w, https:\/\/keynesblog.files.wordpress.com\/2018\/02\/consumi-finali-privati.png?w=300 300w, https:\/\/keynesblog.files.wordpress.com\/2018\/02\/consumi-finali-privati.png?w=768 768w, https:\/\/keynesblog.files.wordpress.com\/2018\/02\/consumi-finali-privati.png 800w\" alt=\"consumi finali privati\" data-attachment-id=\"7864\" data-permalink=\"https:\/\/keynesblog.com\/2018\/02\/27\/1992-quando-svalutammo-la-moneta-per-svalutare-i-salari\/consumi-finali-privati\/\" data-orig-file=\"https:\/\/keynesblog.files.wordpress.com\/2018\/02\/consumi-finali-privati.png?w=560\" data-orig-size=\"800,570\" data-comments-opened=\"1\" data-image-meta=\"{&quot;aperture&quot;:&quot;0&quot;,&quot;credit&quot;:&quot;&quot;,&quot;camera&quot;:&quot;&quot;,&quot;caption&quot;:&quot;&quot;,&quot;created_timestamp&quot;:&quot;0&quot;,&quot;copyright&quot;:&quot;&quot;,&quot;focal_length&quot;:&quot;0&quot;,&quot;iso&quot;:&quot;0&quot;,&quot;shutter_speed&quot;:&quot;0&quot;,&quot;title&quot;:&quot;&quot;,&quot;orientation&quot;:&quot;0&quot;}\" data-image-title=\"consumi finali privati\" data-image-description=\"\" data-medium-file=\"https:\/\/keynesblog.files.wordpress.com\/2018\/02\/consumi-finali-privati.png?w=560?w=300\" data-large-file=\"https:\/\/keynesblog.files.wordpress.com\/2018\/02\/consumi-finali-privati.png?w=560?w=560\" \/><\/p>\n<p class=\"wp-caption-text\">Italia: consumi privati<\/p>\n<\/div>\n<div id=\"attachment_7865\" class=\"wp-caption alignnone\" style=\"text-align: justify;\" data-shortcode=\"caption\">\n<p><img decoding=\"async\" class=\"alignnone size-full wp-image-7865\" src=\"https:\/\/keynesblog.files.wordpress.com\/2018\/02\/investimenti.png?w=560\" sizes=\"(max-width: 560px) 100vw, 560px\" srcset=\"https:\/\/keynesblog.files.wordpress.com\/2018\/02\/investimenti.png?w=560 560w, https:\/\/keynesblog.files.wordpress.com\/2018\/02\/investimenti.png?w=150 150w, https:\/\/keynesblog.files.wordpress.com\/2018\/02\/investimenti.png?w=300 300w, https:\/\/keynesblog.files.wordpress.com\/2018\/02\/investimenti.png?w=768 768w, https:\/\/keynesblog.files.wordpress.com\/2018\/02\/investimenti.png 800w\" alt=\"investimenti\" data-attachment-id=\"7865\" data-permalink=\"https:\/\/keynesblog.com\/2018\/02\/27\/1992-quando-svalutammo-la-moneta-per-svalutare-i-salari\/investimenti\/\" data-orig-file=\"https:\/\/keynesblog.files.wordpress.com\/2018\/02\/investimenti.png?w=560\" data-orig-size=\"800,570\" data-comments-opened=\"1\" data-image-meta=\"{&quot;aperture&quot;:&quot;0&quot;,&quot;credit&quot;:&quot;&quot;,&quot;camera&quot;:&quot;&quot;,&quot;caption&quot;:&quot;&quot;,&quot;created_timestamp&quot;:&quot;0&quot;,&quot;copyright&quot;:&quot;&quot;,&quot;focal_length&quot;:&quot;0&quot;,&quot;iso&quot;:&quot;0&quot;,&quot;shutter_speed&quot;:&quot;0&quot;,&quot;title&quot;:&quot;&quot;,&quot;orientation&quot;:&quot;0&quot;}\" data-image-title=\"investimenti\" data-image-description=\"\" data-medium-file=\"https:\/\/keynesblog.files.wordpress.com\/2018\/02\/investimenti.png?w=560?w=300\" data-large-file=\"https:\/\/keynesblog.files.wordpress.com\/2018\/02\/investimenti.png?w=560?w=560\" \/><\/p>\n<p class=\"wp-caption-text\">Italia: investimenti fissi lordi<\/p>\n<\/div>\n<p style=\"text-align: justify;\">Nel 1992 insomma si \u00e8 compiuto non un ritorno alla sovranit\u00e0 monetaria, ma <strong>un\u2019accelerazione neoliberista: austerit\u00e0, deflazione salariale, privatizzazioni<\/strong> (spesso divenute vere e proprie svendite).<\/p>\n<p style=\"text-align: justify;\">Fu giusto? Fu sbagliato? Sorprendentemente, secondo il prof. Alberto Bagnai, uno dei paladini noeuro, si tratt\u00f2 di <a href=\"http:\/\/goofynomics.blogspot.it\/2014\/08\/debito-estero-e-crescita-due-obiettivi.html\" target=\"_blank\" rel=\"noopener\">una politica \u201ccorretta\u201d<\/a>.<\/p>\n<p style=\"text-align: justify;\">Noi invece possiamo aggiungere che allora <strong>Angela Merkel<\/strong> era all\u2019inizio della sua carriera politica, ma certamente sarebbe stata orgogliosa dell\u2019Italia del 1992.<\/p>\n<p style=\"text-align: justify;\">Nonostante tutto <strong>il debito pubblico acceler\u00f2 la sua crescita<\/strong>, <strong>passando dal 105% del Pil nel 1992 al 121,5% del 1994<\/strong>. Un andamento che ricorda quello degli anni post 2011, protagonista l\u2019altro grande austero: Mario Monti.<\/p>\n<h3 style=\"text-align: justify;\">Gli effetti sulla bilancia commerciale<\/h3>\n<p style=\"text-align: justify;\">Va detto che, in effetti, la manovra di \u201causterit\u00e0 espansiva\u201d ebbe un certo successo. La recessione fu moderata e il rimbalzo del Pil arriv\u00f2 un anno dopo la svalutazione:<\/p>\n<div id=\"attachment_7866\" class=\"wp-caption alignnone\" style=\"text-align: justify;\" data-shortcode=\"caption\">\n<p><img decoding=\"async\" class=\"alignnone size-full wp-image-7866\" src=\"https:\/\/keynesblog.files.wordpress.com\/2018\/02\/pil.png?w=560\" sizes=\"(max-width: 560px) 100vw, 560px\" srcset=\"https:\/\/keynesblog.files.wordpress.com\/2018\/02\/pil.png?w=560 560w, https:\/\/keynesblog.files.wordpress.com\/2018\/02\/pil.png?w=150 150w, https:\/\/keynesblog.files.wordpress.com\/2018\/02\/pil.png?w=300 300w, https:\/\/keynesblog.files.wordpress.com\/2018\/02\/pil.png?w=768 768w, https:\/\/keynesblog.files.wordpress.com\/2018\/02\/pil.png 800w\" alt=\"pil.png\" data-attachment-id=\"7866\" data-permalink=\"https:\/\/keynesblog.com\/2018\/02\/27\/1992-quando-svalutammo-la-moneta-per-svalutare-i-salari\/pil\/\" data-orig-file=\"https:\/\/keynesblog.files.wordpress.com\/2018\/02\/pil.png?w=560\" data-orig-size=\"800,570\" data-comments-opened=\"1\" data-image-meta=\"{&quot;aperture&quot;:&quot;0&quot;,&quot;credit&quot;:&quot;&quot;,&quot;camera&quot;:&quot;&quot;,&quot;caption&quot;:&quot;&quot;,&quot;created_timestamp&quot;:&quot;0&quot;,&quot;copyright&quot;:&quot;&quot;,&quot;focal_length&quot;:&quot;0&quot;,&quot;iso&quot;:&quot;0&quot;,&quot;shutter_speed&quot;:&quot;0&quot;,&quot;title&quot;:&quot;&quot;,&quot;orientation&quot;:&quot;0&quot;}\" data-image-title=\"pil\" data-image-description=\"\" data-medium-file=\"https:\/\/keynesblog.files.wordpress.com\/2018\/02\/pil.png?w=560?w=300\" data-large-file=\"https:\/\/keynesblog.files.wordpress.com\/2018\/02\/pil.png?w=560?w=560\" \/><\/p>\n<p class=\"wp-caption-text\">Italia: Pil, variazioni rispetto allo stesso trimestre dell\u2019anno precedente<\/p>\n<\/div>\n<p style=\"text-align: justify;\">L\u2019austerit\u00e0 interna fu bilanciata dalla bilancia commerciale, che pot\u00e9 beneficiare della svalutazione interna, oltre che da quella esterna.<\/p>\n<p style=\"text-align: justify;\">Nel seguente grafico presentiamo i dati in dollari, per non cadere nell&#8217;\u201dillusione monetaria\u201d, cos\u00ec da valutare pi\u00f9 correttamente i flussi in ingresso e uscita:<\/p>\n<p style=\"text-align: justify;\"><img decoding=\"async\" class=\"alignnone size-full wp-image-7867\" src=\"https:\/\/keynesblog.files.wordpress.com\/2018\/02\/commercio-estero.png?w=560\" sizes=\"(max-width: 560px) 100vw, 560px\" srcset=\"https:\/\/keynesblog.files.wordpress.com\/2018\/02\/commercio-estero.png?w=560 560w, https:\/\/keynesblog.files.wordpress.com\/2018\/02\/commercio-estero.png?w=150 150w, https:\/\/keynesblog.files.wordpress.com\/2018\/02\/commercio-estero.png?w=300 300w, https:\/\/keynesblog.files.wordpress.com\/2018\/02\/commercio-estero.png 689w\" alt=\"commercio estero.png\" data-attachment-id=\"7867\" data-permalink=\"https:\/\/keynesblog.com\/2018\/02\/27\/1992-quando-svalutammo-la-moneta-per-svalutare-i-salari\/commercio-estero\/\" data-orig-file=\"https:\/\/keynesblog.files.wordpress.com\/2018\/02\/commercio-estero.png?w=560\" data-orig-size=\"689,603\" data-comments-opened=\"1\" data-image-meta=\"{&quot;aperture&quot;:&quot;0&quot;,&quot;credit&quot;:&quot;&quot;,&quot;camera&quot;:&quot;&quot;,&quot;caption&quot;:&quot;&quot;,&quot;created_timestamp&quot;:&quot;0&quot;,&quot;copyright&quot;:&quot;&quot;,&quot;focal_length&quot;:&quot;0&quot;,&quot;iso&quot;:&quot;0&quot;,&quot;shutter_speed&quot;:&quot;0&quot;,&quot;title&quot;:&quot;&quot;,&quot;orientation&quot;:&quot;0&quot;}\" data-image-title=\"commercio estero\" data-image-description=\"\" data-medium-file=\"https:\/\/keynesblog.files.wordpress.com\/2018\/02\/commercio-estero.png?w=560?w=300\" data-large-file=\"https:\/\/keynesblog.files.wordpress.com\/2018\/02\/commercio-estero.png?w=560?w=560\" \/><\/p>\n<p style=\"text-align: justify;\">Occorre qualche <em>caveat<\/em>. Le esportazioni si stavano riprendendo gi\u00e0 nel 1992, prima della svalutazione. <strong>Ci\u00f2 che accade per\u00f2 \u00e8 che le importazioni nel 1993 crollano a causa dell\u2019austerit\u00e0<\/strong>. Le esportazioni marceranno pi\u00f9 tardi, nel triennio 1994-1996. In questo modo l\u2019Italia \u00e8 riuscita ad evitare <a href=\"http:\/\/www.okpedia.it\/curva_j\" target=\"_blank\" rel=\"noopener\">la curva \u201cJ\u201d<\/a> che normalmente caratterizza le svalutazioni del cambio perch\u00e9 l\u2019export reagisce con un certo ritardo.<\/p>\n<p style=\"text-align: justify;\"><strong>La svalutazione benefici\u00f2 inoltre di condizioni di contorno favorevoli<\/strong>: erano tempi in cui la Germania e la Francia facevano ampi deficit di bilancio ed espandevano la propria domanda interna.<\/p>\n<p style=\"text-align: justify;\"><img decoding=\"async\" class=\"alignnone size-full wp-image-7873\" src=\"https:\/\/keynesblog.files.wordpress.com\/2018\/02\/fredgraph-6.png?w=560\" sizes=\"(max-width: 560px) 100vw, 560px\" srcset=\"https:\/\/keynesblog.files.wordpress.com\/2018\/02\/fredgraph-6.png?w=560 560w, https:\/\/keynesblog.files.wordpress.com\/2018\/02\/fredgraph-6.png?w=150 150w, https:\/\/keynesblog.files.wordpress.com\/2018\/02\/fredgraph-6.png?w=300 300w, https:\/\/keynesblog.files.wordpress.com\/2018\/02\/fredgraph-6.png?w=768 768w, https:\/\/keynesblog.files.wordpress.com\/2018\/02\/fredgraph-6.png 800w\" alt=\"fredgraph (6).png\" data-attachment-id=\"7873\" data-permalink=\"https:\/\/keynesblog.com\/2018\/02\/27\/1992-quando-svalutammo-la-moneta-per-svalutare-i-salari\/fredgraph-6\/\" data-orig-file=\"https:\/\/keynesblog.files.wordpress.com\/2018\/02\/fredgraph-6.png?w=560\" data-orig-size=\"800,570\" data-comments-opened=\"1\" data-image-meta=\"{&quot;aperture&quot;:&quot;0&quot;,&quot;credit&quot;:&quot;&quot;,&quot;camera&quot;:&quot;&quot;,&quot;caption&quot;:&quot;&quot;,&quot;created_timestamp&quot;:&quot;0&quot;,&quot;copyright&quot;:&quot;&quot;,&quot;focal_length&quot;:&quot;0&quot;,&quot;iso&quot;:&quot;0&quot;,&quot;shutter_speed&quot;:&quot;0&quot;,&quot;title&quot;:&quot;&quot;,&quot;orientation&quot;:&quot;0&quot;}\" data-image-title=\"fredgraph (6)\" data-image-description=\"\" data-medium-file=\"https:\/\/keynesblog.files.wordpress.com\/2018\/02\/fredgraph-6.png?w=560?w=300\" data-large-file=\"https:\/\/keynesblog.files.wordpress.com\/2018\/02\/fredgraph-6.png?w=560?w=560\" \/><\/p>\n<h2 style=\"text-align: justify;\">Il vero vincitore: il mitico Nord-Est<\/h2>\n<p style=\"text-align: justify;\">Fatto degno di nota \u00e8 che\u00a0<strong>la ripresa fu molto sbilanciata a favore delle aree geografiche del Nord<\/strong>. In particolare fu il \u201cmitico\u201d Nord-Est a beneficiare dell\u2019effetto export:<\/p>\n<table border=\"0\" cellspacing=\"0\">\n<colgroup width=\"52\"><\/colgroup>\n<colgroup span=\"5\" width=\"87\"><\/colgroup>\n<tbody>\n<tr>\n<td colspan=\"6\" align=\"left\" valign=\"middle\" bgcolor=\"#00599D\" height=\"17\"><b>Pil pro capite \u2013 % della media nazionale \u2013 dati Istat<\/b><\/td>\n<\/tr>\n<tr>\n<td align=\"left\" valign=\"top\" height=\"17\"><\/td>\n<td align=\"right\" valign=\"top\"><strong>Nord-ovest<\/strong><\/td>\n<td align=\"right\" valign=\"top\"><strong>Nord-est<\/strong><\/td>\n<td align=\"right\" valign=\"top\"><strong>Centro<\/strong><\/td>\n<td align=\"right\" valign=\"top\"><strong>Sud<\/strong><\/td>\n<td align=\"right\" valign=\"top\"><strong>Isole<\/strong><\/td>\n<\/tr>\n<tr>\n<td align=\"left\" valign=\"top\" bgcolor=\"#FFFFFF\" height=\"17\"><strong>1989<\/strong><\/td>\n<td align=\"right\" valign=\"middle\" bgcolor=\"#FFFFFF\">125,7%<\/td>\n<td align=\"right\" valign=\"middle\" bgcolor=\"#FFFFFF\">118,5%<\/td>\n<td align=\"right\" valign=\"middle\" bgcolor=\"#FFFFFF\">106,6%<\/td>\n<td align=\"right\" valign=\"middle\" bgcolor=\"#FFFFFF\">67,1%<\/td>\n<td align=\"right\" valign=\"middle\" bgcolor=\"#FFFFFF\">70,8%<\/td>\n<\/tr>\n<tr>\n<td align=\"left\" valign=\"top\" bgcolor=\"#FFFFFF\" height=\"17\"><strong>1990<\/strong><\/td>\n<td align=\"right\" valign=\"middle\" bgcolor=\"#FFFFFF\">125,2%<\/td>\n<td align=\"right\" valign=\"middle\" bgcolor=\"#FFFFFF\">118,7%<\/td>\n<td align=\"right\" valign=\"middle\" bgcolor=\"#FFFFFF\">106,8%<\/td>\n<td align=\"right\" valign=\"middle\" bgcolor=\"#FFFFFF\">66,9%<\/td>\n<td align=\"right\" valign=\"middle\" bgcolor=\"#FFFFFF\">71,7%<\/td>\n<\/tr>\n<tr>\n<td align=\"left\" valign=\"top\" bgcolor=\"#FFFFFF\" height=\"17\"><strong>1991<\/strong><\/td>\n<td align=\"right\" valign=\"middle\" bgcolor=\"#FFFFFF\">123,9%<\/td>\n<td align=\"right\" valign=\"middle\" bgcolor=\"#FFFFFF\">118,2%<\/td>\n<td align=\"right\" valign=\"middle\" bgcolor=\"#FFFFFF\">107,4%<\/td>\n<td align=\"right\" valign=\"middle\" bgcolor=\"#FFFFFF\">67,6%<\/td>\n<td align=\"right\" valign=\"middle\" bgcolor=\"#FFFFFF\">73,1%<\/td>\n<\/tr>\n<tr>\n<td align=\"left\" valign=\"top\" height=\"17\"><strong>1992<\/strong><\/td>\n<td align=\"right\" valign=\"middle\">123,1%<\/td>\n<td align=\"right\" valign=\"middle\">118,8%<\/td>\n<td align=\"right\" valign=\"middle\">108,0%<\/td>\n<td align=\"right\" valign=\"middle\">67,8%<\/td>\n<td align=\"right\" valign=\"middle\">72,5%<\/td>\n<\/tr>\n<tr>\n<td align=\"left\" valign=\"top\" height=\"17\"><strong>1993<\/strong><\/td>\n<td align=\"right\" valign=\"middle\">122,7%<\/td>\n<td align=\"right\" valign=\"middle\">120,2%<\/td>\n<td align=\"right\" valign=\"middle\">108,6%<\/td>\n<td align=\"right\" valign=\"middle\">67,0%<\/td>\n<td align=\"right\" valign=\"middle\">72,3%<\/td>\n<\/tr>\n<tr>\n<td align=\"left\" valign=\"top\" height=\"17\"><strong>1994<\/strong><\/td>\n<td align=\"right\" valign=\"middle\">123,9%<\/td>\n<td align=\"right\" valign=\"middle\">121,0%<\/td>\n<td align=\"right\" valign=\"middle\">107,8%<\/td>\n<td align=\"right\" valign=\"middle\">66,9%<\/td>\n<td align=\"right\" valign=\"middle\">70,2%<\/td>\n<\/tr>\n<tr>\n<td align=\"left\" valign=\"top\" height=\"17\"><strong>1995<\/strong><\/td>\n<td align=\"right\" valign=\"middle\">124,8%<\/td>\n<td align=\"right\" valign=\"middle\">122,5%<\/td>\n<td align=\"right\" valign=\"middle\">107,9%<\/td>\n<td align=\"right\" valign=\"middle\">65,9%<\/td>\n<td align=\"right\" valign=\"middle\">67,8%<\/td>\n<\/tr>\n<\/tbody>\n<\/table>\n<p style=\"text-align: justify;\">Il crollo dei salari reali e della quota salari, insieme alla divaricazione geografica, ci dice <strong>chi \u00e8 stato beneficiato dalla svalutazione<\/strong>: gli imprenditori del Nord, e in particolare quelli del \u201cmitico\u201d Nord-Est. La svalutazione non \u00e8 neutra, ma \u00e8 una scelta di classe.<\/p>\n<h2 style=\"text-align: justify;\">Conclusioni<\/h2>\n<p style=\"text-align: justify;\">Riassumendo: l\u2019uscita dallo SME e il conseguente significativo deprezzamento del tasso di cambio dopo settembre 1992 determin\u00f2 un forte aumento delle aspettative di inflazione. Tali condizioni rischiavano di dare effettivamente corso a un aumento del livello dei prezzi a causa dell\u2019indicizzazione dei salari dovuta alla scala mobile. <strong>La spirale<\/strong><strong>svalutazione\u2192prezzi\u2192salari\u2192prezzi\u2192svalutazione<\/strong>, che l\u2019Italia speriment\u00f2 negli anni \u201870, era in agguato. L\u2019eventualit\u00e0 fu scongiurata e la crescita dei prezzi invece di salire diminu\u00ec. Questo fu dovuto alla <strong>sterilizzazione della scala mobile<\/strong> e all\u2019<strong>austerit\u00e0 delle manovre \u201clacrime e sangue\u201d\u00a0<\/strong>che comport\u00f2 tra l\u2019altro\u00a0<strong>la disoccupazione a due cifre<\/strong>.<br \/>\nQuindi, quando qualcuno dir\u00e0 che la svalutazione non solo non comporta inflazione, ma non comporta alcun onere sul lato della domanda interna o sull\u2019occupazione potrete rispondere, dati alla mano, che la svalutazione \u201cespansiva\u201d si fa sulle spalle della domanda interna e dei salari, e che il costo di un modello di export-led non sembra proprio ricalcare la politiche populiste tanto decantate dagli economisti del web.<\/p>\n<p style=\"text-align: justify;\">*Andrea Sbarile si \u00e8 laureato in Scienze internazionali e diplomatiche presso l\u2019Universit\u00e0 di Genova discutendo una tesi sulla <em>Single Euro Payments Area (SEPA)<\/em>. Attualmente \u00e8 laureando in Scienze internazionali e della cooperazione a Genova e si interessa\u00a0da alcuni anni di economia (soprattutto economia monetaria e teorie della crescita). Ha passato un periodo di studio (sei mesi) in ambito Social Work presso la Vechta University in Germania. Collabora come caporedattore presso la sezione \u201cEconomia, politica e attualit\u00e0\u201d del blog <a href=\"http:\/\/www.mangiatoridicervello.com\/author\/andreasbarile93\/\" target=\"_blank\" rel=\"noopener\">Mangiatori di cervello<\/a> dal 2015. Questo \u00e8 il suo primo articolo per Keynes Blog.<\/p>\n<p style=\"text-align: justify;\">Fonte:<a href=\"https:\/\/keynesblog.com\/2018\/02\/27\/1992-quando-svalutammo-la-moneta-per-svalutare-i-salari\/#more-7853\">https:\/\/keynesblog.com\/2018\/02\/27\/1992-quando-svalutammo-la-moneta-per-svalutare-i-salari\/#more-7853<\/a><\/p>\n","protected":false},"excerpt":{"rendered":"<p>di KEYNES BLOG\u00a0(Andrea Sbarile) La crisi dello SME del 1992 si concluse con l\u2019abbandono dell\u2019accordo di cambio da parte dell\u2019Italia e della Gran Bretagna. Su questo evento e sui suoi effetti i \u201cnoeuro\u201d hanno costruito un mito non corrispondente alla realt\u00e0. In particolare mostreremo perch\u00e9 non si innesc\u00f2 una spirale inflattiva e come la svalutazione fu pagata dai lavoratori. Non \u00e8 vero cio\u00e8 quanto afferma l\u2019adagio noeuro secondo cui \u201co si svaluta la moneta o&#46;&#46;&#46;<\/p>\n","protected":false},"author":77,"featured_media":39467,"comment_status":"open","ping_status":"open","sticky":false,"template":"","format":"standard","meta":{"jetpack_post_was_ever_published":false,"_jetpack_newsletter_access":"","_jetpack_dont_email_post_to_subs":false,"_jetpack_newsletter_tier_id":0,"_jetpack_memberships_contains_paywalled_content":false,"_jetpack_memberships_contains_paid_content":false,"footnotes":"","jetpack_publicize_message":"","jetpack_publicize_feature_enabled":true,"jetpack_social_post_already_shared":true,"jetpack_social_options":{"image_generator_settings":{"template":"highway","enabled":false},"version":2}},"categories":[32],"tags":[],"jetpack_publicize_connections":[],"jetpack_featured_media_url":"https:\/\/appelloalpopolo.it\/wp-content\/uploads\/2018\/02\/Unknown-6.jpeg","jetpack_sharing_enabled":true,"jetpack_shortlink":"https:\/\/wp.me\/p7ZaJ4-afC","_links":{"self":[{"href":"https:\/\/appelloalpopolo.it\/index.php?rest_route=\/wp\/v2\/posts\/39408"}],"collection":[{"href":"https:\/\/appelloalpopolo.it\/index.php?rest_route=\/wp\/v2\/posts"}],"about":[{"href":"https:\/\/appelloalpopolo.it\/index.php?rest_route=\/wp\/v2\/types\/post"}],"author":[{"embeddable":true,"href":"https:\/\/appelloalpopolo.it\/index.php?rest_route=\/wp\/v2\/users\/77"}],"replies":[{"embeddable":true,"href":"https:\/\/appelloalpopolo.it\/index.php?rest_route=%2Fwp%2Fv2%2Fcomments&post=39408"}],"version-history":[{"count":2,"href":"https:\/\/appelloalpopolo.it\/index.php?rest_route=\/wp\/v2\/posts\/39408\/revisions"}],"predecessor-version":[{"id":39412,"href":"https:\/\/appelloalpopolo.it\/index.php?rest_route=\/wp\/v2\/posts\/39408\/revisions\/39412"}],"wp:featuredmedia":[{"embeddable":true,"href":"https:\/\/appelloalpopolo.it\/index.php?rest_route=\/wp\/v2\/media\/39467"}],"wp:attachment":[{"href":"https:\/\/appelloalpopolo.it\/index.php?rest_route=%2Fwp%2Fv2%2Fmedia&parent=39408"}],"wp:term":[{"taxonomy":"category","embeddable":true,"href":"https:\/\/appelloalpopolo.it\/index.php?rest_route=%2Fwp%2Fv2%2Fcategories&post=39408"},{"taxonomy":"post_tag","embeddable":true,"href":"https:\/\/appelloalpopolo.it\/index.php?rest_route=%2Fwp%2Fv2%2Ftags&post=39408"}],"curies":[{"name":"wp","href":"https:\/\/api.w.org\/{rel}","templated":true}]}}