{"id":39606,"date":"2018-03-05T08:00:26","date_gmt":"2018-03-05T07:00:26","guid":{"rendered":"http:\/\/appelloalpopolo.it\/?p=39606"},"modified":"2018-03-05T02:47:52","modified_gmt":"2018-03-05T01:47:52","slug":"elezioni-2018-chiusi-i-seggi-iniziato-lo-spoglio-delle-schede","status":"publish","type":"post","link":"https:\/\/appelloalpopolo.it\/?p=39606","title":{"rendered":"Elezioni 2018, chiusi i seggi: iniziato lo spoglio delle schede"},"content":{"rendered":"<p><strong>di TGCOM.24<\/strong><\/p>\n<p>&nbsp;<\/p>\n<p><img loading=\"lazy\" decoding=\"async\" class=\"alignnone size-medium wp-image-39622\" src=\"http:\/\/appelloalpopolo.it\/wp-content\/uploads\/2018\/03\/P_2_2_fasciaelezioni_upiImmaginedesk-3-300x90.jpg\" alt=\"\" width=\"300\" height=\"90\" srcset=\"https:\/\/appelloalpopolo.it\/wp-content\/uploads\/2018\/03\/P_2_2_fasciaelezioni_upiImmaginedesk-3-300x90.jpg 300w, https:\/\/appelloalpopolo.it\/wp-content\/uploads\/2018\/03\/P_2_2_fasciaelezioni_upiImmaginedesk-3-768x231.jpg 768w, https:\/\/appelloalpopolo.it\/wp-content\/uploads\/2018\/03\/P_2_2_fasciaelezioni_upiImmaginedesk-3-1024x308.jpg 1024w, https:\/\/appelloalpopolo.it\/wp-content\/uploads\/2018\/03\/P_2_2_fasciaelezioni_upiImmaginedesk-3.jpg 1992w\" sizes=\"(max-width: 300px) 100vw, 300px\" \/><\/p>\n<div class=\"p p__media__bottom p__media__i\">\n<p style=\"text-align: justify;\"><strong>Chiusi i seggi <\/strong>per l&#8217;elezione di Camera e Senato oltrech\u00e9 per il rinnovo dei consigli regionali di Lombardia e Lazio. <strong><a href=\"http:\/\/www.tgcom24.mediaset.it\/politica\/speciale-politiche-2018\/foto\/elezioni-2018-le-immagini-delle-code-ai-seggi_3086412-2018.shtml\" target=\"_blank\" rel=\"noopener\">Code, ritardi e disagi<\/a><\/strong> in molti seggi anche per il debutto del <a href=\"http:\/\/www.tgcom24.mediaset.it\/politica\/elezioni-la-prima-volta-del-tagliando-antifrode-sulle-schede_3125707-201802a.shtml\" target=\"_blank\" rel=\"noopener\"><strong>tagliando antifrode<\/strong><\/a>. <strong>L<\/strong>&#8216;<strong>affluenza alle 23 risulta al <\/strong>73,23%, sotto rispetto al 2013, quando per\u00f2 si vot\u00f2 in due giorni. <a href=\"http:\/\/www.tgcom24.mediaset.it\/politica\/elezioni-2018\/index.shtml\" target=\"_blank\" rel=\"noopener\"><strong>Iniziato lo spoglio delle schede<\/strong><\/a>.<\/p>\n<\/div>\n<ul class=\"rt\" style=\"text-align: justify;\">\n<li class=\"rt__open\"><time><\/time>\n<div class=\"rt__cont\">\n<h3 class=\"title__m\">Il fratello di Di Maio: &#8220;Grande gioia ma aspettiamo&#8221;<\/h3>\n<div class=\" p__media__bottom p__media__a\">\n<div class=\"d__iframe\"><iframe loading=\"lazy\" id=\"playeriframe\" src=\"http:\/\/www.video.mediaset.it\/player\/playerIFrame.shtml?id=814514\" width=\"300\" height=\"150\" scrolling=\"no\" allowfullscreen=\"allowfullscreen\" data-mce-fragment=\"1\"><\/iframe><\/div>\n<\/div>\n<\/div>\n<\/li>\n<li class=\"rt__open\">\n<div class=\"rt__btn\"><\/div>\n<p><time>01:54<\/time><\/p>\n<div class=\"rt__cont\">\n<h3 class=\"title__m\">Quinta proiezione al Senato: Centrodestra al 35,6%<\/h3>\n<div class=\" p__media__bottom p__media__a\">\n<p>In base alla quinta proiezione realizzata da Tecn\u00e9 per Mediaset al proporzionale per il Senato il M5s \u00e8 il primo partito al 32,5%. Il Pd \u00e8 al 18,6%, Lega al 16,0%, FI al 14,4%, Fratelli d&#8217;Italia al 4,1%, LeU al 3,6%, +Europa al 2,5%, Noi con l&#8217;Italia al 1,2%. Al maggioritario Centrodestra al 35,6%, M5s al 32,5%, Centrosinistra al 22,6%, LeU al 3,6%.<\/p>\n<\/div>\n<\/div>\n<\/li>\n<li class=\"rt__open\">\n<div class=\"rt__btn\"><\/div>\n<p><time>01:52<\/time><\/p>\n<div class=\"rt__cont\">\n<h3 class=\"title__m\">Terza proiezione: alla Camera Centrodestra al 35%<\/h3>\n<div class=\" p__media__bottom p__media__a\">\n<p>In base alla terza proiezione realizzata da Tecn\u00e9 per Mediaset al proporzionale per la Camera il M5s \u00e8 il primo partito al 33,8%. Il Pd \u00e8 al 18,1%, Lega al 15,8%, FI al 14,0%, Fratelli d&#8217;Italia al 4,0%, LeU al 3,5%, +Europa al 2,5%, Noi con l&#8217;Italia al 1,2%. Al maggioritario Centrodestra al 35,0%, M5s al 33,8%, Centrosinistra al 22,1%, LeU al 3,5%<\/p>\n<\/div>\n<\/div>\n<\/li>\n<li class=\"rt__open\">\n<div class=\"rt__btn\"><\/div>\n<p><time>01:50<\/time><\/p>\n<div class=\"rt__cont\">\n<h3 class=\"title__m\">Stumpo (LeU): dati sotto le aspettative<\/h3>\n<div class=\" p__media__bottom p__media__a\">\n<p>&#8220;I risultati finora riscontrati dalle proiezioni sono al di sotto delle nostre aspettative: quando ci saranno i dati definitivi faremo le nostre valutazioni politiche&#8221;. Cos\u00ec Nico Stumpo, a nome della lista Liberi e Uguali, commenta l&#8217;andamento dello spoglio decisamente deludente per LeU.<\/p>\n<\/div>\n<\/div>\n<\/li>\n<li class=\"rt__open\">\n<div class=\"rt__btn\"><\/div>\n<p><time>01:49<\/time><\/p>\n<div class=\"rt__cont\">\n<h3 class=\"title__m\">Brunetta: &#8220;Se Salvini prende un seggio pi\u00f9 di noi sar\u00e0 premier&#8221;<\/h3>\n<div class=\" p__media__bottom p__media__a\">\n<div class=\"d__iframe\"><iframe loading=\"lazy\" id=\"playeriframe\" src=\"http:\/\/www.video.mediaset.it\/player\/playerIFrame.shtml?id=814515\" width=\"300\" height=\"150\" scrolling=\"no\" allowfullscreen=\"allowfullscreen\" data-mce-fragment=\"1\"><\/iframe><\/div>\n<\/div>\n<\/div>\n<\/li>\n<li class=\"rt__open\">\n<div class=\"rt__btn\"><\/div>\n<p><time>01:38<\/time><\/p>\n<div class=\"rt__cont\">\n<h3 class=\"title__m\">Brunetta: Lega avr\u00e0 pi\u00f9 seggi? Salvini sar\u00e0 premier<\/h3>\n<div class=\" p__media__bottom p__media__a\">\n<p>&#8220;Assolutamente s\u00ec. Noi non cambiamo parere. Chi avr\u00e0 pi\u00f9 seggi all&#8217;interno del centrodestra avr\u00e0 legittimamente la possibilit\u00e0 di andare a palazzo Chigi. Se sar\u00e0 Salvini, viva Salvini&#8221;. Lo afferma Renato Brunetta a chi gli chiede se Salvini sar\u00e0 il candidato premier se il centrodestra dovesse avere la maggioranza e la Lega essere il primo partito.<\/p>\n<\/div>\n<\/div>\n<\/li>\n<li class=\"rt__open\">\n<div class=\"rt__btn\"><\/div>\n<p><time>01:25<\/time><\/p>\n<div class=\"rt__cont\">\n<h3 class=\"title__m\">Proiezioni: alla Camera M5s primo partito al 34,1%<\/h3>\n<div class=\" p__media__bottom p__media__a\">\n<p>In base alla seconda proiezione realizzata da Tecn\u00e9 per Mediaset al proporzionale per la Camera il M5s \u00e8 il primo partito al 34,1%. Il Pd \u00e8 al 18,1%, Lega al 15,8%, FI al 13,9%, Fratelli d&#8217;Italia al 3,9%, LeU al 3,5%, +Europa al 2,4%, Noi con l&#8217;Italia al 1,2%. Al maggioritario Centrodestra al 34,8%, M5s al 34,1%, Centrosinistra al 22%, LeU al 3,5%.<\/p>\n<\/div>\n<\/div>\n<\/li>\n<li class=\"rt__open\">\n<div class=\"rt__btn\"><\/div>\n<p><time>01:23<\/time><\/p>\n<div class=\"rt__cont\">\n<h3 class=\"title__m\">Quarta proiezione: al Senato M5s primo al 32,5%<\/h3>\n<div class=\" p__media__bottom p__media__a\">\n<p>In base alla quarta proiezione realizzata da Tecn\u00e9 per Mediaset al proporzionale per il Senato il M5s \u00e8 il primo partito al 32,5%. Il Pd \u00e8 al 18,7%, Lega al 15,9%, FI al 14,4%, Fratelli d&#8217;Italia al 4,1%, LeU al 3,6%, +Europa al 2,5%, Noi con l&#8217;Italia al 1,1%. Al maggioritario Centrodestra al 35,5%, M5s al 32,5%, Centrosinistra al 22,7%, LeU al 3,6%.<\/p>\n<\/div>\n<\/div>\n<\/li>\n<li class=\"rt__open\">\n<div class=\"rt__btn\"><\/div>\n<p><time>01:17<\/time><\/p>\n<div class=\"rt__cont\">\n<h3 class=\"title__m\">Proiezioni: alla Camera M5s primo partito al 34,1%<\/h3>\n<div class=\" p__media__bottom p__media__a\">\n<p>In base alla prima proiezione realizzata da Tecn\u00e9 per Mediaset al proporzionale per la Camera il M5s \u00e8 il primo partito al 34,1%. Il Pd \u00e8 al 18,1%, Lega al 15,8%, FI al 13,9%, Fratelli d&#8217;Italia al 3,9%, LeU al 3,5%, +Europa al 2,4%, Noi con l&#8217;Italia al 1,2%. Al maggioritario Centrodestra al 34,8%, M5s al 34,1%, Centrosinistra al 22%, LeU al 3,5%.<\/p>\n<\/div>\n<\/div>\n<\/li>\n<li class=\"rt__open\">\n<div class=\"rt__btn\"><\/div>\n<p><time>01:09<\/time><\/p>\n<div class=\"rt__cont\">\n<h3 class=\"title__m\">Fico (M5S): sforare il 30% un risultato storico<\/h3>\n<div class=\" p__media__bottom p__media__a\">\n<p>&#8220;E&#8217; chiaro che sforare il 30% \u00e8 un risultato storico del Movimento 5 Stelle&#8221;. Lo ha detto il parlamentare Cinque stelle Roberto Fico. &#8220;Le persone &#8211; ha affermato &#8211; stanno premiando un lavoro serio, trasparente, onesto, degli ultimi cinque anni&#8221;. In merito a possibili alleanze con la Lega, Fico ha risposto: &#8220;Non parlo assolutamente di possibili alleanze, siamo all&#8217;inizio del percorso notturno elettorale. Dico esclusivamente che siamo alti. Andia<\/p>\n<\/div>\n<\/div>\n<\/li>\n<\/ul>\n<p style=\"text-align: justify;\"><strong>Fonte<\/strong>:<a href=\"http:\/\/www.tgcom24.mediaset.it\">http:\/\/www.tgcom24.mediaset.it<\/a><\/p>\n","protected":false},"excerpt":{"rendered":"<p>di TGCOM.24 &nbsp; Chiusi i seggi per l&#8217;elezione di Camera e Senato oltrech\u00e9 per il rinnovo dei consigli regionali di Lombardia e Lazio. Code, ritardi e disagi in molti seggi anche per il debutto del tagliando antifrode. L&#8216;affluenza alle 23 risulta al 73,23%, sotto rispetto al 2013, quando per\u00f2 si vot\u00f2 in due giorni. Iniziato lo spoglio delle schede. Il fratello di Di Maio: &#8220;Grande gioia ma aspettiamo&#8221; 01:54 Quinta proiezione al Senato: Centrodestra al&#46;&#46;&#46;<\/p>\n","protected":false},"author":77,"featured_media":39532,"comment_status":"open","ping_status":"open","sticky":false,"template":"","format":"standard","meta":{"jetpack_post_was_ever_published":false,"_jetpack_newsletter_access":"","_jetpack_dont_email_post_to_subs":false,"_jetpack_newsletter_tier_id":0,"_jetpack_memberships_contains_paywalled_content":false,"_jetpack_memberships_contains_paid_content":false,"footnotes":"","jetpack_publicize_message":"","jetpack_publicize_feature_enabled":true,"jetpack_social_post_already_shared":true,"jetpack_social_options":{"image_generator_settings":{"template":"highway","enabled":false},"version":2}},"categories":[32],"tags":[],"jetpack_publicize_connections":[],"jetpack_featured_media_url":"https:\/\/appelloalpopolo.it\/wp-content\/uploads\/2018\/03\/Unknown-copia-10.jpeg","jetpack_sharing_enabled":true,"jetpack_shortlink":"https:\/\/wp.me\/p7ZaJ4-aiO","_links":{"self":[{"href":"https:\/\/appelloalpopolo.it\/index.php?rest_route=\/wp\/v2\/posts\/39606"}],"collection":[{"href":"https:\/\/appelloalpopolo.it\/index.php?rest_route=\/wp\/v2\/posts"}],"about":[{"href":"https:\/\/appelloalpopolo.it\/index.php?rest_route=\/wp\/v2\/types\/post"}],"author":[{"embeddable":true,"href":"https:\/\/appelloalpopolo.it\/index.php?rest_route=\/wp\/v2\/users\/77"}],"replies":[{"embeddable":true,"href":"https:\/\/appelloalpopolo.it\/index.php?rest_route=%2Fwp%2Fv2%2Fcomments&post=39606"}],"version-history":[{"count":3,"href":"https:\/\/appelloalpopolo.it\/index.php?rest_route=\/wp\/v2\/posts\/39606\/revisions"}],"predecessor-version":[{"id":39624,"href":"https:\/\/appelloalpopolo.it\/index.php?rest_route=\/wp\/v2\/posts\/39606\/revisions\/39624"}],"wp:featuredmedia":[{"embeddable":true,"href":"https:\/\/appelloalpopolo.it\/index.php?rest_route=\/wp\/v2\/media\/39532"}],"wp:attachment":[{"href":"https:\/\/appelloalpopolo.it\/index.php?rest_route=%2Fwp%2Fv2%2Fmedia&parent=39606"}],"wp:term":[{"taxonomy":"category","embeddable":true,"href":"https:\/\/appelloalpopolo.it\/index.php?rest_route=%2Fwp%2Fv2%2Fcategories&post=39606"},{"taxonomy":"post_tag","embeddable":true,"href":"https:\/\/appelloalpopolo.it\/index.php?rest_route=%2Fwp%2Fv2%2Ftags&post=39606"}],"curies":[{"name":"wp","href":"https:\/\/api.w.org\/{rel}","templated":true}]}}