{"id":4101,"date":"2011-08-03T00:22:37","date_gmt":"2011-08-03T00:22:37","guid":{"rendered":"http:\/\/www.appelloalpopolo.it\/?p=4101"},"modified":"2018-07-04T05:05:02","modified_gmt":"2018-07-04T03:05:02","slug":"ricordo-di-massimo-bontempelli","status":"publish","type":"post","link":"https:\/\/appelloalpopolo.it\/?p=4101","title":{"rendered":"Ricordo di Massimo Bontempelli"},"content":{"rendered":"<p><span style=\"font-size: 14px;\">E&#8217; morto Massimo Bontempelli. Mente lucidissima. Pensatore\u00a0colto e raffinato, potente e giusto.\u00a0I suoi scritti sono il patrimonio che ha lasciato agli anticapitalisti, agli antimperialisti, agli umanisti, agli intelligenti, ai profondi, agli intellettualmente onesti, ai seri. Nei prossimi mesi, ne pubblicher\u00f2 molti; quelli\u00a0a carattere pi\u00f9 immediatamente politico e reperibili in rete. Oggi leggiamo il ricordo dell&#8217;amico.\u00a0<\/span><\/p>\n<p><span style=\"display: none;\">\u00a0<\/span><span style=\"font-size: medium;\"><span style=\"font-family: Calibri;\"><span style=\"color: #333333; mso-bidi-font-family: calibri; mso-bidi-theme-font: minor-latin; mso-fareast-font-family: 'times new roman'; mso-fareast-language: it;\">di <b>Fabio Bentivoglio <\/b><a href=\"http:\/\/www.alternativa-politica.it\">Alternativa<\/a><\/span><\/span><\/span><\/p>\n<p><strong><span style=\"font-size: medium;\"><span style=\"font-family: Calibri;\"><span style=\"color: #333333; mso-bidi-font-family: calibri; mso-bidi-theme-font: minor-latin; mso-fareast-font-family: 'times new roman'; mso-fareast-language: it;\">Massimo Bontempelli, una vita semplice, una mente scintillante<\/span><\/span><\/span><\/strong><\/p>\n<p><span style=\"display: none;\">\u00a0<\/span><span style=\"color: #333333; mso-bidi-font-family: calibri; mso-bidi-theme-font: minor-latin; mso-fareast-font-family: 'times new roman'; mso-fareast-language: it;\"><span style=\"font-size: medium;\"><span style=\"font-family: Calibri;\">Scrivere, oggi, una nota in ricordo di Massimo Bontempelli mi \u00e8 possibile soltanto perch\u00e9 sono ancora in quella sorta di limbo emotivo che da un lato consente di registrare mentalmente l\u2019incredibile notizia della sua scomparsa, dall\u2019altro non consente ancora, per quanto mi riguarda, di cogliere per intero la smisurata voragine che mi si \u00e8 aperta dentro. Parlare con distacco della sua vita mi \u00e8 impossibile, perch\u00e9 la sua vita \u00e8 stata anche la mia.<\/span><\/span><\/span><\/p>\n<p class=\"MsoNormal\" style=\"line-height: 18pt; margin: 0cm 0cm 18pt; background-color: white; background-position: initial initial; background-repeat: initial initial;\"><span style=\"color: #333333; mso-bidi-font-family: calibri; mso-bidi-theme-font: minor-latin; mso-fareast-font-family: 'times new roman'; mso-fareast-language: it;\"><span style=\"font-size: medium;\"><span style=\"font-family: Calibri;\">Trent\u2019anni fa, quando in questo Paese si facevano ancora i concorsi pubblici per accedere alla professione insegnante, era necessario studiare e approfondire i contenuti di esame. Conobbi Massimo in occasione di una serie di lezioni da lui tenute a questo scopo. Mi riconosco un merito: dopo poche lezioni compresi subito di trovarmi di fronte a un personaggio eccezionale <\/span><\/span><\/span><span style=\"color: #333333; mso-bidi-font-family: calibri; mso-bidi-theme-font: minor-latin; mso-fareast-font-family: 'times new roman'; mso-fareast-language: it;\"><span style=\"font-size: medium;\"><span style=\"font-family: Calibri;\">di cui intuivo una profondit\u00e0 di pensiero che corrispondeva a quello che con passione cercavo nella filosofia. Da quel momento nacque un sodalizio culturale che avrebbe costituito uno degli assi portanti della mia esistenza, non solo professionale.<\/span><\/span><\/span><\/p>\n<p class=\"MsoNormal\" style=\"line-height: 18pt; margin: 0cm 0cm 18pt; background-color: white; background-position: initial initial; background-repeat: initial initial;\"><span style=\"color: #333333; mso-bidi-font-family: calibri; mso-bidi-theme-font: minor-latin; mso-fareast-font-family: 'times new roman'; mso-fareast-language: it;\"><span style=\"font-size: medium;\"><span style=\"font-family: Calibri;\">Le sue analisi storiche, filosofiche, sociali, anche nelle loro punte di massima astrazione, finiscono sempre per dare fondamento teorico a un impegno politico teso ad affermare il valore irrinunciabile della giustizia. Massimo ha scritto pagine e opere memorabili su questo e su tanti altri temi, e fatico a contenere la mia indignazione nel vedere come i suoi scritti siano stati colpevolmente ignorati dai circuiti ufficiali della cultura.<\/span><\/span><\/span><\/p>\n<p class=\"MsoNormal\" style=\"line-height: 18pt; margin: 0cm 0cm 18pt; background-color: white; background-position: initial initial; background-repeat: initial initial;\"><span style=\"color: #333333; mso-bidi-font-family: calibri; mso-bidi-theme-font: minor-latin; mso-fareast-font-family: 'times new roman'; mso-fareast-language: it;\"><span style=\"font-size: medium;\"><span style=\"font-family: Calibri;\">Ma quegli scritti sono l\u00ec e devono essere raccolti, ordinati, letti e discussi per rendersi conto del posto che Massimo deve occupare nel panorama della cultura italiana, e per rendersi conto di come in un mondo di intellettuali di cartapesta esistano ancora potenti testimonianze di rigore culturale, di onest\u00e0 e amore della verit\u00e0.<\/span><\/span><\/span><\/p>\n<p class=\"MsoNormal\" style=\"line-height: 18pt; margin: 0cm 0cm 18pt; background-color: white; background-position: initial initial; background-repeat: initial initial;\"><span style=\"color: #333333; mso-bidi-font-family: calibri; mso-bidi-theme-font: minor-latin; mso-fareast-font-family: 'times new roman'; mso-fareast-language: it;\"><span style=\"font-size: medium;\"><span style=\"font-family: Calibri;\">E forse \u00e8 proprio questo che rendeva Massimo un intellettuale scomodo, ma scomodo davvero, temuto dagli apparati: perch\u00e9 ci si trovava di fronte ad un\u2019intelligenza straordinaria non disponibile ad essere piegata ad alcun interesse particolare, perch\u00e9 Massimo quell\u2019intelligenza l\u2019ha messa al servizio dell\u2019essenza della filosofia, cio\u00e8 dell\u2019amore per la verit\u00e0 e quindi dell\u2019amore per la giustizia, al di fuori di qualsiasi convenienza, al di fuori di qualsiasi appartenenza politico-identitaria.<\/span><\/span><\/span><\/p>\n<p class=\"MsoNormal\" style=\"line-height: 18pt; margin: 0cm 0cm 18pt; background-color: white; background-position: initial initial; background-repeat: initial initial;\"><span style=\"color: #333333; mso-bidi-font-family: calibri; mso-bidi-theme-font: minor-latin; mso-fareast-font-family: 'times new roman'; mso-fareast-language: it;\"><span style=\"font-size: medium;\"><span style=\"font-family: Calibri;\">In trent\u2019anni mai una volta che abbia ceduto di un millimetro quando in gioco c\u2019era il valore della coerenza intellettuale. In trent\u2019anni mai una volta che lo abbia visto cedere anche lontanamente alla malattia del narcisimo; mai una volta che abbia privilegiato la convenienza, spesso anche strameritata, all\u2019amicizia e al valore dei rapporti umani.<\/span><\/span><\/span><\/p>\n<p class=\"MsoNormal\" style=\"line-height: 18pt; margin: 0cm 0cm 10pt; background-color: white; background-position: initial initial; background-repeat: initial initial;\"><span style=\"color: #333333; mso-bidi-font-family: calibri; mso-bidi-theme-font: minor-latin; mso-fareast-font-family: 'times new roman'; mso-fareast-language: it;\"><span style=\"font-size: medium;\"><span style=\"font-family: Calibri;\">E poi, soprattutto, ha commesso un reato oggi insopportabile: nessuno scarto tra le sue idee scritte e la sua vita pratica. Un intellettuale con le sue doti avrebbe potuto anche senza grandi compromessi occupare posti di privilegio e cattedre importanti. Massimo Bontempelli ha dato tanto, tantissimo, a chiunque gli si avvicinasse con desiderio di conoscenza, in una misura che \u00e8 difficile poter anche immaginare. Ci ha insegnato con la semplicit\u00e0 della sua vita, con la sua incredibile disponibilit\u00e0, con la sua umanit\u00e0 che davvero un altro mondo \u00e8 possibile. Ciascuno di noi, in coscienza, se vuole ricordare Massimo, rifletta sul valore di questo suo insegnamento.<\/span><\/span><\/span><\/p>\n<p class=\"MsoNormal\" style=\"margin: 0cm 0cm 10pt;\"><span style=\"mso-bidi-font-family: calibri; mso-bidi-theme-font: minor-latin;\"><span style=\"color: #000000; font-family: Calibri; font-size: medium;\">\u00a0<\/span><\/span><\/p>\n","protected":false},"excerpt":{"rendered":"<p>E&#8217; morto Massimo Bontempelli. Mente lucidissima. Pensatore\u00a0colto e raffinato, potente e giusto.\u00a0I suoi scritti sono il patrimonio che ha lasciato agli anticapitalisti, agli antimperialisti, agli umanisti, agli intelligenti, ai profondi, agli intellettualmente onesti, ai seri. Nei prossimi mesi, ne pubblicher\u00f2 molti; quelli\u00a0a carattere pi\u00f9 immediatamente politico e reperibili in rete. Oggi leggiamo il ricordo dell&#8217;amico.\u00a0 \u00a0di Fabio Bentivoglio Alternativa Massimo Bontempelli, una vita semplice, una mente scintillante \u00a0Scrivere, oggi, una nota in ricordo di Massimo&#46;&#46;&#46;<\/p>\n","protected":false},"author":4,"featured_media":0,"comment_status":"open","ping_status":"open","sticky":false,"template":"","format":"standard","meta":{"jetpack_post_was_ever_published":false,"_jetpack_newsletter_access":"","_jetpack_dont_email_post_to_subs":false,"_jetpack_newsletter_tier_id":0,"_jetpack_memberships_contains_paywalled_content":false,"_jetpack_memberships_contains_paid_content":false,"footnotes":"","jetpack_publicize_message":"","jetpack_publicize_feature_enabled":true,"jetpack_social_post_already_shared":true,"jetpack_social_options":{"image_generator_settings":{"template":"highway","enabled":false},"version":2}},"categories":[118,1118,6],"tags":[1108,1117],"jetpack_publicize_connections":[],"jetpack_featured_media_url":"","jetpack_sharing_enabled":true,"jetpack_shortlink":"https:\/\/wp.me\/p7ZaJ4-149","_links":{"self":[{"href":"https:\/\/appelloalpopolo.it\/index.php?rest_route=\/wp\/v2\/posts\/4101"}],"collection":[{"href":"https:\/\/appelloalpopolo.it\/index.php?rest_route=\/wp\/v2\/posts"}],"about":[{"href":"https:\/\/appelloalpopolo.it\/index.php?rest_route=\/wp\/v2\/types\/post"}],"author":[{"embeddable":true,"href":"https:\/\/appelloalpopolo.it\/index.php?rest_route=\/wp\/v2\/users\/4"}],"replies":[{"embeddable":true,"href":"https:\/\/appelloalpopolo.it\/index.php?rest_route=%2Fwp%2Fv2%2Fcomments&post=4101"}],"version-history":[{"count":1,"href":"https:\/\/appelloalpopolo.it\/index.php?rest_route=\/wp\/v2\/posts\/4101\/revisions"}],"predecessor-version":[{"id":43645,"href":"https:\/\/appelloalpopolo.it\/index.php?rest_route=\/wp\/v2\/posts\/4101\/revisions\/43645"}],"wp:attachment":[{"href":"https:\/\/appelloalpopolo.it\/index.php?rest_route=%2Fwp%2Fv2%2Fmedia&parent=4101"}],"wp:term":[{"taxonomy":"category","embeddable":true,"href":"https:\/\/appelloalpopolo.it\/index.php?rest_route=%2Fwp%2Fv2%2Fcategories&post=4101"},{"taxonomy":"post_tag","embeddable":true,"href":"https:\/\/appelloalpopolo.it\/index.php?rest_route=%2Fwp%2Fv2%2Ftags&post=4101"}],"curies":[{"name":"wp","href":"https:\/\/api.w.org\/{rel}","templated":true}]}}