{"id":41190,"date":"2018-04-19T11:54:10","date_gmt":"2018-04-19T09:54:10","guid":{"rendered":"http:\/\/appelloalpopolo.it\/?p=41190"},"modified":"2018-04-19T11:54:10","modified_gmt":"2018-04-19T09:54:10","slug":"perche-gentiloni-permette-i-massacri-sauditi-in-yemen","status":"publish","type":"post","link":"https:\/\/appelloalpopolo.it\/?p=41190","title":{"rendered":"Perch\u00e9 Gentiloni permette i massacri sauditi in Yemen?"},"content":{"rendered":"<p style=\"text-align: justify\">di <strong>F. Scaglione<\/strong><\/p>\n<p style=\"text-align: justify\">La seduta parlamentare \u00e8 stata torpida, d\u2019altra parte si parlava solo di\u00a0<strong>Siria<\/strong>, bombardamenti, armi chimiche, di un<span id=\"more-47512\"><\/span>possibile conflitto con Usa, Francia e Regno Unito da un lato e Russia e Iran dall\u2019altro, mica si poteva pretendere. Forse proprio per via del clima sonnolento, sono passate un po\u2019 sotto traccia alcune affermazioni del premier uscente\u00a0<strong>Gentiloni<\/strong>\u00a0che, invece, meritano di essere considerate.<\/p>\n<p style=\"text-align: justify\">Punto primo: \u201cNon possiamo accettare che torni la legittimazione dell\u2019uso delle armi chimiche\u201d. A quanto pare, dunque, il nostro primo ministro sa con certezza che le armi chimiche sono state usate a Douma. Per carit\u00e0, tutto \u00e8 possibile. Chi pu\u00f2 mettere la mano sul fuoco rispetto a ci\u00f2 che accade in una guerra orribile che si combatte da sette anni senza tregua? Per\u00f2 l\u2019Onu dice che non lo sa. Militari (anche italiani) ed esperti non sono per nulla convinti. Quelli che invece si dicono sicuri, cio\u00e8 Usa, Francia e Regno Unito, non spiegano come fanno a saperlo che le armi chimiche sono state usate n\u00e9 di quali prove dispongano. Se Gentiloni invece ha elementi solidi, perch\u00e9 non ci dice qualcosa? Perch\u00e9 non rende edotti anche noi cittadini, al posto di lasciarci all\u2019oscuro di fronte alla prospettiva di una possibile guerra mondiale?<\/p>\n<p style=\"text-align: justify\">Punto secondo: l\u2019attacco di Usa, Francia e Regno Unito \u00e8 stato \u201cuna risposta motivata, mirata e circoscritta\u201d. Per il \u201cmotivata\u201d vedi punto primo. Per il \u201cmirata\u201d bisognerebbe capire a che cosa miravano. \u201cCircoscritta\u201d: magari per estensione territoriale, ma non per effetto politico e strategico. Non si pu\u00f2 far finta di non sapere che l\u2019attacco ha avuto comunque l\u2019effetto di rincuorare le sacche della resistenza ormai popolate solo da terroristi, come terroristi erano i miliziani di<strong>\u00a0Jaysh al-Islam<\/strong>\u00a0che resistevano a Douma. Per fare un esempio: e se domani, a Idlib, quelli di Al Nusra inscenassero un finto attacco chimico?<\/p>\n<p style=\"text-align: justify\">Punto terzo: \u201cL\u2019Italia non \u00e8 un Paese neutrale che sceglie di volta in volta con chi schierarsi tra Alleanza Atlantica e Russia. \u00c8 un coerente alleato degli Stati Uniti, e non di questa o quella amministrazione Usa\u201d. Questo \u00e8 il punto chiave, perch\u00e9 rivela il puro espediente e il fondo sabbioso, quindi instabile, della retorica vetero-atlantista. Qualcuno ha forse chiesto al nostro governo di uscire dalla Nato e di stipulare un\u2019alleanza politico-militare con la Russia? Ci siamo persi qualcosa? Agli atti non risultano appelli per una mossa cos\u00ec clamorosa. Che Gentiloni abbia preso un abbaglio? O forse siamo un Paese cos\u00ec suddito che anche solo avanzare un dubbio o una perplessit\u00e0 ci fa temere ritorsioni e vendette?<\/p>\n<p style=\"text-align: justify\">Inoltre: siamo un \u201ccoerente alleato degli Stati Uniti\u201d. Coerente? Ma che vuol dire? In questo caso, significa solo questo: non abbiamo prove dell\u2019attacco con armi chimiche dell\u2019aviazione di\u00a0<strong>Bashar al Assad<\/strong>\u00a0ma gli Usa ci dicono che \u00e8 cos\u00ec e noi obbediamo. Com\u2019\u00e8 successo, peraltro, con il \u201ccaso Skripal\u201d, l\u2019ex spia russa che sarebbe stata avvelenata col gas nervino per ordine di Vladimir Putin. Non ne sappiamo una beata fava ma il Regno Unito ha detto cos\u00ec, gli Usa anche, la Francia anche e noi ci siamo allineati.<\/p>\n<p style=\"text-align: justify\">\u201cCoerente\u201d, nell\u2019accezione usata da Gentiloni, vuol dire \u201ca pecoroni\u201d, null\u2019altro. Siamo oggi coerenti con la Siria come lo fummo nel 2001 con l\u2019Afghanistan, nel 2003 con l\u2019Iraq, nel 2011 con la Libia. E se pure vogliamo scordarci il passato, consideriamo quanto sia coerente il distacco con cui osserviamo quanto accade nello Yemen, dove i nostri alleati (proprio Usa, Francia e Regno Unito) collaborano con la coalizione guidata dall\u2019Arabia Saudita che, nel tentativo di insediare e proteggere un regime a lei gradito, da anni bombarda senza piet\u00e0 pure i civili (almeno 10 mila vittime innocenti, finora) usando tra l\u2019altro bombe fabbricate in Italia e dall\u2019Italia poi trasferite verso l\u2019<strong>Arabia Saudita<\/strong>. Gentiloni, in Parlamento, si \u00e8 concesso la botta di vita del solito attacco al sovranismo, dicendo che \u201cnessuna stagione sovranista pu\u00f2 portare al tramonto dell\u2019Occidente e dei suoi valori\u201d. Ok, perfetto. Allora, visto che si parla di \u201cvalori\u201d, perch\u00e9 non ci atteniamo alle leggi dell\u2019Unione europea, che vietano l\u2019esportazione di armamenti verso i Paesi che non rispettano i diritti umani, come appunto l\u2019Arabia Saudita? Perch\u00e9 non facciamo nostro l\u2019appello del Parlamento europeo per un embargo totale sulle vendite di armi ai Paesi impegnati nel conflitto in Yemen? Dopo tutto, abbiamo aderito alle sanzioni contro la Siria, quindi sappiamo come si fa.<\/p>\n<p style=\"text-align: justify\">E invece niente. Perch\u00e9 siamo \u201ccoerenti\u201d. Ben venga quindi l\u2019iniziativa della Rete Italiana per il Disarmo e del Centro europeo per i diritti umani e costituzionali di Berlino che, insieme con l\u2019<a href=\"http:\/\/mwatana.org\/en\/\" target=\"_blank\" rel=\"noopener\">associazione yemenita Mwatana\u00a0<\/a>(che registra tutte le violazioni commesse dai belligeranti nello Yemen), vuol portare in tribunale sia l\u2019azienda tedesca che produce le bombe in Italia sia l\u2019Autorit\u00e0 italiana che autorizza l\u2019esportazione degli ordigni. La coerenza, se non ha un prezzo, che coerenza \u00e8?<\/p>\n<p><strong>Fonte:\u00a0<\/strong><a href=\"http:\/\/www.occhidellaguerra.it\/47512-2\/\">http:\/\/www.occhidellaguerra.it\/47512-2\/<\/a><\/p>\n","protected":false},"excerpt":{"rendered":"<p>di F. Scaglione La seduta parlamentare \u00e8 stata torpida, d\u2019altra parte si parlava solo di\u00a0Siria, bombardamenti, armi chimiche, di unpossibile conflitto con Usa, Francia e Regno Unito da un lato e Russia e Iran dall\u2019altro, mica si poteva pretendere. Forse proprio per via del clima sonnolento, sono passate un po\u2019 sotto traccia alcune affermazioni del premier uscente\u00a0Gentiloni\u00a0che, invece, meritano di essere considerate. Punto primo: \u201cNon possiamo accettare che torni la legittimazione dell\u2019uso delle armi chimiche\u201d.&#46;&#46;&#46;<\/p>\n","protected":false},"author":88,"featured_media":0,"comment_status":"open","ping_status":"open","sticky":false,"template":"","format":"standard","meta":{"jetpack_post_was_ever_published":false,"_jetpack_newsletter_access":"","_jetpack_dont_email_post_to_subs":false,"_jetpack_newsletter_tier_id":0,"_jetpack_memberships_contains_paywalled_content":false,"_jetpack_memberships_contains_paid_content":false,"footnotes":"","jetpack_publicize_message":"","jetpack_publicize_feature_enabled":true,"jetpack_social_post_already_shared":true,"jetpack_social_options":{"image_generator_settings":{"template":"highway","enabled":false},"version":2}},"categories":[32],"tags":[],"jetpack_publicize_connections":[],"jetpack_featured_media_url":"","jetpack_sharing_enabled":true,"jetpack_shortlink":"https:\/\/wp.me\/p7ZaJ4-aIm","_links":{"self":[{"href":"https:\/\/appelloalpopolo.it\/index.php?rest_route=\/wp\/v2\/posts\/41190"}],"collection":[{"href":"https:\/\/appelloalpopolo.it\/index.php?rest_route=\/wp\/v2\/posts"}],"about":[{"href":"https:\/\/appelloalpopolo.it\/index.php?rest_route=\/wp\/v2\/types\/post"}],"author":[{"embeddable":true,"href":"https:\/\/appelloalpopolo.it\/index.php?rest_route=\/wp\/v2\/users\/88"}],"replies":[{"embeddable":true,"href":"https:\/\/appelloalpopolo.it\/index.php?rest_route=%2Fwp%2Fv2%2Fcomments&post=41190"}],"version-history":[{"count":1,"href":"https:\/\/appelloalpopolo.it\/index.php?rest_route=\/wp\/v2\/posts\/41190\/revisions"}],"predecessor-version":[{"id":41191,"href":"https:\/\/appelloalpopolo.it\/index.php?rest_route=\/wp\/v2\/posts\/41190\/revisions\/41191"}],"wp:attachment":[{"href":"https:\/\/appelloalpopolo.it\/index.php?rest_route=%2Fwp%2Fv2%2Fmedia&parent=41190"}],"wp:term":[{"taxonomy":"category","embeddable":true,"href":"https:\/\/appelloalpopolo.it\/index.php?rest_route=%2Fwp%2Fv2%2Fcategories&post=41190"},{"taxonomy":"post_tag","embeddable":true,"href":"https:\/\/appelloalpopolo.it\/index.php?rest_route=%2Fwp%2Fv2%2Ftags&post=41190"}],"curies":[{"name":"wp","href":"https:\/\/api.w.org\/{rel}","templated":true}]}}