{"id":41450,"date":"2018-04-28T10:00:38","date_gmt":"2018-04-28T08:00:38","guid":{"rendered":"http:\/\/appelloalpopolo.it\/?p=41450"},"modified":"2018-04-28T09:27:19","modified_gmt":"2018-04-28T07:27:19","slug":"macron-fa-il-furbetto-sulliran","status":"publish","type":"post","link":"https:\/\/appelloalpopolo.it\/?p=41450","title":{"rendered":"Macron fa il furbetto sull&#8217;Iran"},"content":{"rendered":"<p>di <strong>FULVIO SCAGLIONE<\/strong><\/p>\n<p>&nbsp;<\/p>\n<header class=\"entry-header\">\n<div class=\"entry-meta\">\n<time class=\"entry-date\" datetime=\"2018-04-27T09:11:41+00:00\"><\/time><\/div>\n<\/header>\n<div class=\"entry-thumbnail\"><img loading=\"lazy\" decoding=\"async\" class=\"attachment- size- wp-post-image\" src=\"http:\/\/www.fulvioscaglione.com\/fulvioscaglione\/wp-content\/uploads\/2018\/04\/Macron.jpg\" sizes=\"(max-width: 779px) 100vw, 779px\" srcset=\"http:\/\/www.fulvioscaglione.com\/fulvioscaglione\/wp-content\/uploads\/2018\/04\/Macron.jpg 779w, http:\/\/www.fulvioscaglione.com\/fulvioscaglione\/wp-content\/uploads\/2018\/04\/Macron-230x130.jpg 230w, http:\/\/www.fulvioscaglione.com\/fulvioscaglione\/wp-content\/uploads\/2018\/04\/Macron-768x431.jpg 768w, http:\/\/www.fulvioscaglione.com\/fulvioscaglione\/wp-content\/uploads\/2018\/04\/Macron-640x360.jpg 640w\" alt=\"macron\" width=\"779\" height=\"437\" \/><\/div>\n<div class=\"entry-content\">\n<p style=\"text-align: justify;\">Nei giorni scorsi il presidente francese <strong>Emmanuel Macron<\/strong> si \u00e8 recato in <a href=\"https:\/\/www.theguardian.com\/world\/2018\/apr\/25\/will-macrons-bromance-gamble-with-trump-pay-off\">visita ufficiale negli Stati Uniti.<\/a> L\u2019argomento di politica internazionale che pi\u00f9 ha trattato con il suo omologo e ospite, il presidente <strong>Donald Trump<\/strong>, \u00e8 stato l\u2019accordo sul nucleare firmato nel 2015 dall\u2019allora presidente Barack Obama, dal cosiddetto P5+1 (cio\u00e8, i cinque Paesi del Consiglio di Sicurezza Onu, ovvero Usa, Russia, Cina, Francia e Regno Unito, pi\u00f9 la Germania) e dall\u2019Unione Europea.<\/p>\n<p style=\"text-align: justify;\">Inutile ricordare qui, nei dettagli, che <a href=\"https:\/\/apps.washingtonpost.com\/g\/documents\/world\/full-text-of-the-iran-nuclear-deal\/1651\/\">cosa prevede quell\u2019accordo.<\/a> In sostanza, <strong>blocca all\u2019Iran la strada verso il nucleare militare per almeno tredici anni, lasciandogli margine di manovra per il nucleare civile.<\/strong> L\u2019uso di \u201dalmeno\u201d \u00e8 giustificato dal fatto che l\u2018arricchimento dell\u2019uranio per scopi bellici non \u00e8 un processo che si possa accendere e spegnere con un interruttore. Una pausa cos\u00ec lunga avr\u00e0 un\u2019inerzia che, di fatto, prolungher\u00e0 lo stop di alcuni altri anni anche se, alla scadenza dell\u2019accordo, l\u2019Iran volesse riprendere i suoi esperimenti.<\/p>\n<p style=\"text-align: justify;\"><a href=\"http:\/\/www.fulvioscaglione.com\/2017\/10\/10\/affari-iran-chiama-ue-risponde\/\">L\u2019accordo \u00e8 considerato valido e vigente<\/a> dall\u2019Unione Europea. \u00abSul nucleare iraniano c\u2019\u00e8 un solo accordo, funziona e dev\u2019essere preservato\u00bb, ha detto di recente <strong>Federica Mogherini<\/strong>, alto rappresentante Ue per la politica estera e di sicurezza: \u00abQuello in vigore sta impedendo all\u2019Iran di sviluppare armi nucleari e impegna il Paese a non acquisire armi nucleari senza limiti\u00bb. Identico il parere della Russia di Vladimir Putin: \u00abL\u2019accordo esistente sul nucleare iraniano \u00e8 senza alternative\u00bb, ha detto <strong>Dmitrij Peskov<\/strong>, portavoce del Cremlino. L\u2019Agenzia dell\u2019Onu per l\u2019energia atomica (Aiea), ovvero l\u2019ente che controlla le attivit\u00e0 dell\u2019Iran, ha finora sempre confermato che tutto procede come previsto dal trattato del 2015.<\/p>\n<p style=\"text-align: justify;\">Nel frattempo, per\u00f2, \u00e8 cambiato il presidente negli Stati Uniti. E Donald Trump ha sempre detto di considerare <strong>l\u2019accordo del 2015 \u00abun errore\u00bb, \u00abuna catastrofe\u00bb, \u00abuna follia\u00bb.<\/strong> Le tesi di Trump hanno un fondamento, piccolo ma ce l\u2019hanno. L\u2019accordo sul nucleare iraniano \u00e8 a termine e non comprende il settore missilistico, in cui Teheran ha fatto negli ultimi anni molti progressi. Per il resto, Trump non fa che replicare le tesi di Israele, che da almeno quindici anni ripete ossessivamente che l\u2019Iran \u00e8 alle soglie della bomba atomica, <a href=\"https:\/\/www.ilpost.it\/2015\/03\/04\/ossessione-netanyahu-nucleare-iran\/\">anche se ci\u00f2 \u00e8 palesemente falso<\/a>.<\/p>\n<p style=\"text-align: justify;\">Adesso la situazione \u00e8 questa. <strong>Su un versante stanno Israele e Usa<\/strong>, che sono per la disdetta dell\u2019accordo che, secondo loro, non funziona. <strong>Sull\u2019altro versante, il resto del mondo,<\/strong> per cui l\u2019accordo, invece, funziona. <strong>In mezzo Macron il furbetto<\/strong>, che \u00e8 nella Ue (e ne approva la condotta quando dice che l\u2019accordo funziona e va rispettato) ma va negli Usa a dire che, in effetti, bisognerebbe cambiare l\u2019accordo.<\/p>\n<p style=\"text-align: justify;\">Quale sia il cambiamento da apportare non si sa. Macron ha bofonchiato poche e genericissime parole. Secondo Trump, invece, la nuova versione dell\u2019accordo dovrebbe occuparsi anche \u00ab\u2026 dello Yemen, della Siria e di altre parti del Medio Oriente\u00bb. Che cosa c\u2019entri questo con il nucleare lo sa solo lui, ma non importa.<\/p>\n<p style=\"text-align: justify;\">Ora, volendo sintetizzare il quadro \u00e8 questo:<br \/>\n1. Se gran parte del mondo sostiene che l\u2019accordo funziona, come si giustifica la sua eventuale disdetta se non come l\u2019imposizione di una parte di mondo pi\u00f9 piccola, ma potente?<br \/>\n2. Stiamo cercando di fermare un\u2019eventuale corsa alla bomba atomica dell\u2019Iran o di mortificare il suo status di potenza regionale, magari a favore di qualche alleato come l\u2019Arabia Saudita?<br \/>\n3. Come crediamo che venga visto il tentativo di due potenze nucleari come gli Usa di Trump e la Francia di Macron (facciamo tre, includendo pure Israele e Netanyahu) di umiliare un Paese che potenza nucleare non \u00e8?<br \/>\n4. La Francia \u00e8 nella Ue? \u00c8 mezza dentro e mezza fuori? L\u2019europeismo di Macron vale solo per i discorsi e le conferenze stampa?<br \/>\n5. Il parere dell\u2019Iran conta qualcosa oppure diamo per scontato che rilevi solo quello delle nostre cancellerie?<\/p>\n<p style=\"text-align: justify;\">Tutto questo come piccolo promemoria per chi, in buona fede, ancora crede che esista una cosa chiamata <strong>\u00abdiritto internazionale\u00bb<\/strong>. Perch\u00e9 da quando i neo-con americani hanno teorizzato il diritto alla \u00abguerra preventiva\u00bb, ci\u00f2 che domina la scena del mondo contemporaneo \u00e8 ci\u00f2 che gi\u00e0 la dominava all\u2019epoca delle clave: il diritto del pi\u00f9 forte.<\/p>\n<\/div>\n<p>&nbsp;<\/p>\n<p><strong>Fonte:\u00a0<a href=\"http:\/\/www.fulvioscaglione.com\/2018\/04\/27\/macron-fa-il-furbetto-sulliran\/\">http:\/\/www.fulvioscaglione.com\/2018\/04\/27\/macron-fa-il-furbetto-sulliran\/<\/a><\/strong><\/p>\n","protected":false},"excerpt":{"rendered":"<p>di FULVIO SCAGLIONE &nbsp; Nei giorni scorsi il presidente francese Emmanuel Macron si \u00e8 recato in visita ufficiale negli Stati Uniti. L\u2019argomento di politica internazionale che pi\u00f9 ha trattato con il suo omologo e ospite, il presidente Donald Trump, \u00e8 stato l\u2019accordo sul nucleare firmato nel 2015 dall\u2019allora presidente Barack Obama, dal cosiddetto P5+1 (cio\u00e8, i cinque Paesi del Consiglio di Sicurezza Onu, ovvero Usa, Russia, Cina, Francia e Regno Unito, pi\u00f9 la Germania) e&#46;&#46;&#46;<\/p>\n","protected":false},"author":86,"featured_media":37928,"comment_status":"open","ping_status":"open","sticky":false,"template":"","format":"standard","meta":{"jetpack_post_was_ever_published":false,"_jetpack_newsletter_access":"","_jetpack_dont_email_post_to_subs":false,"_jetpack_newsletter_tier_id":0,"_jetpack_memberships_contains_paywalled_content":false,"_jetpack_memberships_contains_paid_content":false,"footnotes":"","jetpack_publicize_message":"","jetpack_publicize_feature_enabled":true,"jetpack_social_post_already_shared":true,"jetpack_social_options":{"image_generator_settings":{"template":"highway","enabled":false},"version":2}},"categories":[32],"tags":[],"jetpack_publicize_connections":[],"jetpack_featured_media_url":"https:\/\/appelloalpopolo.it\/wp-content\/uploads\/2018\/01\/fulvio-scaglione-320x320.jpg","jetpack_sharing_enabled":true,"jetpack_shortlink":"https:\/\/wp.me\/p7ZaJ4-aMy","_links":{"self":[{"href":"https:\/\/appelloalpopolo.it\/index.php?rest_route=\/wp\/v2\/posts\/41450"}],"collection":[{"href":"https:\/\/appelloalpopolo.it\/index.php?rest_route=\/wp\/v2\/posts"}],"about":[{"href":"https:\/\/appelloalpopolo.it\/index.php?rest_route=\/wp\/v2\/types\/post"}],"author":[{"embeddable":true,"href":"https:\/\/appelloalpopolo.it\/index.php?rest_route=\/wp\/v2\/users\/86"}],"replies":[{"embeddable":true,"href":"https:\/\/appelloalpopolo.it\/index.php?rest_route=%2Fwp%2Fv2%2Fcomments&post=41450"}],"version-history":[{"count":2,"href":"https:\/\/appelloalpopolo.it\/index.php?rest_route=\/wp\/v2\/posts\/41450\/revisions"}],"predecessor-version":[{"id":41452,"href":"https:\/\/appelloalpopolo.it\/index.php?rest_route=\/wp\/v2\/posts\/41450\/revisions\/41452"}],"wp:featuredmedia":[{"embeddable":true,"href":"https:\/\/appelloalpopolo.it\/index.php?rest_route=\/wp\/v2\/media\/37928"}],"wp:attachment":[{"href":"https:\/\/appelloalpopolo.it\/index.php?rest_route=%2Fwp%2Fv2%2Fmedia&parent=41450"}],"wp:term":[{"taxonomy":"category","embeddable":true,"href":"https:\/\/appelloalpopolo.it\/index.php?rest_route=%2Fwp%2Fv2%2Fcategories&post=41450"},{"taxonomy":"post_tag","embeddable":true,"href":"https:\/\/appelloalpopolo.it\/index.php?rest_route=%2Fwp%2Fv2%2Ftags&post=41450"}],"curies":[{"name":"wp","href":"https:\/\/api.w.org\/{rel}","templated":true}]}}