{"id":41920,"date":"2018-05-14T09:00:51","date_gmt":"2018-05-14T07:00:51","guid":{"rendered":"http:\/\/appelloalpopolo.it\/?p=41920"},"modified":"2018-05-14T01:31:55","modified_gmt":"2018-05-13T23:31:55","slug":"heil-fischer","status":"publish","type":"post","link":"https:\/\/appelloalpopolo.it\/?p=41920","title":{"rendered":"Heil Fischer"},"content":{"rendered":"<p><strong>di CARLO FORMENTI<\/strong><\/p>\n<p style=\"text-align: justify;\">Joschka Fischer &#8211; ex segretario dei Verdi tedeschi, nonch\u00e9 vice Cancelliere nel governo di Gerhard Schroder \u2013 aveva gi\u00e0 dato prova, nel corso della sua carriera politica, della propria evoluzione da leader ecopacifista a promotore di una rinnovata egemonia politico militare, oltre che politico economica, del suo Paese. <span id=\"more-24949\"><\/span>Da un lungo articolo intitolato \u201cMerkel sia audace, la storia non pu\u00f2 aspettare Berlino\u201d, tradotto in italiano e pubblicato il 6 maggio scorso dal \u201cCorriere della Sera\u201d, apprendiamo come si prepari a compiere un nuovo, formidabile balzo in avanti sulla via del rilancio dell\u2019imperialismo tedesco.<\/p>\n<p style=\"text-align: justify;\">Dopo aver messo in guardia contro le &lt;&lt;forze dirompenti dei nuovi nazionalismi&gt;&gt; che minacciano la &lt;&lt;democrazia, lo stato di diritto e tutti gli altri valori fondanti dell\u2019Unione&gt;&gt; (chiedere, in merito ai \u201cvalori democratici&gt;&gt; in questione, cosa ne pensano i cittadini Greci che ne hanno assaggiato i morsi), l\u2019impareggiabile Joschka si lancia in un entusiastico encomio del presidente francese Emmanuel Macron, non solo e non tanto per la sua &lt;&lt;promessa di rilanciare le riforme a livello europeo e modernizzare l\u2019economia del Paese&gt;&gt; (promessa che non sembra particolarmente gradita al popolo francese), ma soprattutto per la sua intenzione di &lt;&lt;creare un sistema comune di protezione delle frontiere e fondare un programma di difesa comune a tutta la Ue&gt;&gt;.<\/p>\n<p style=\"text-align: justify;\">Nel momento in cui la Brexit inglese e le politiche isolazioniste di Trump minacciano di provocare &lt;&lt;uno scioglimento del blocco occidentale&gt;&gt; e di far &lt;&lt;traballare i pilastri dell\u2019economia e della sicurezza sui quali si basa la stabilit\u00e0 europea&gt;&gt;,\u00a0 Fischer guarda con invidia la muscolarit\u00e0 di quel militarismo francese che negli ultimi anni non ha perso occasione di esibirsi in demenziali imprese come gli interventi in Libia e in Siria. Un\u2019invidia dettata dalla reticenza con cui la signora Merkel, appesantita da preoccupazioni elettorali e attenta a compiacere le esigenze della Bundesbank, sembra al contrario declinare gli inviti a restituire alla Germania il ruolo di potenza militare, oltre che economica.<\/p>\n<p style=\"text-align: justify;\">L\u2019Europa, argomenta Fischer, non rischia solo di vedersi marginalizzare su uno scacchiere mondiale sempre pi\u00f9 caratterizzato dal dualismo fra Stati Uniti e Cina, ma deve fronteggiare minacce immediate come quelle incarnate dalla &lt;&lt;aggressivit\u00e0&gt;&gt; russa (\u00e8 incredibile la faccia tosta con cui ci si ingegna a invertire i ruoli fra Mosca e un blocco occidentale che ha spostato la propria presenza militare \u2013 non esitando ad allearsi al regime neofascista di Kiev \u2013 a ridosso dei confini russi). Quindi la si faccia finita con i tagli e l\u2019austerit\u00e0 che hanno ridotto ai minimi termini il bilancio militare tedesco. Basta con le accuse agli altri Paesi della Ue che violano le regole dell\u2019austerit\u00e0 imposte da Berlino, perch\u00e9 \u00e8 invece arrivato il momento di aprire i cordoni della borsa, visto che la sicurezza europea costa e gli americani non vogliono pi\u00f9 pagarne da soli il prezzo.<\/p>\n<p style=\"text-align: justify;\">Vuoi vedere che il keynesismo, cacciato dalla porta in ossequio ai dettami dell\u2019ordoliberismo, rientrer\u00e0 dalla finestra sotto forma di keynesismo di guerra? Del resto non fu forse Hitler a risollevare il popolo tedesco dalla miseria provocata dalla grande crisi grazie a un poderoso sforzo di riarmo militare? \u00c8 vero che la Germania di oggi sembrava essersi convinta di poter dominare l\u2019Europa con la sola forza economica, ma Fischer la vuole ricondurre a un &lt;&lt;sano&gt;&gt; realismo politico: per dominare ci vogliono anche i panzer.<\/p>\n<p><strong>Fonte<\/strong>:<a href=\"http:\/\/blog-micromega.blogautore.espresso.repubblica.it\/?p=24949\">http:\/\/blog-micromega.blogautore.espresso.repubblica.it\/?p=24949<\/a><\/p>\n","protected":false},"excerpt":{"rendered":"<p>di CARLO FORMENTI Joschka Fischer &#8211; ex segretario dei Verdi tedeschi, nonch\u00e9 vice Cancelliere nel governo di Gerhard Schroder \u2013 aveva gi\u00e0 dato prova, nel corso della sua carriera politica, della propria evoluzione da leader ecopacifista a promotore di una rinnovata egemonia politico militare, oltre che politico economica, del suo Paese. Da un lungo articolo intitolato \u201cMerkel sia audace, la storia non pu\u00f2 aspettare Berlino\u201d, tradotto in italiano e pubblicato il 6 maggio scorso dal&#46;&#46;&#46;<\/p>\n","protected":false},"author":77,"featured_media":39713,"comment_status":"open","ping_status":"open","sticky":false,"template":"","format":"standard","meta":{"jetpack_post_was_ever_published":false,"_jetpack_newsletter_access":"","_jetpack_dont_email_post_to_subs":false,"_jetpack_newsletter_tier_id":0,"_jetpack_memberships_contains_paywalled_content":false,"_jetpack_memberships_contains_paid_content":false,"footnotes":"","jetpack_publicize_message":"","jetpack_publicize_feature_enabled":true,"jetpack_social_post_already_shared":true,"jetpack_social_options":{"image_generator_settings":{"template":"highway","enabled":false},"version":2}},"categories":[32],"tags":[],"jetpack_publicize_connections":[],"jetpack_featured_media_url":"https:\/\/appelloalpopolo.it\/wp-content\/uploads\/2018\/03\/Unknown-1-1.jpeg","jetpack_sharing_enabled":true,"jetpack_shortlink":"https:\/\/wp.me\/p7ZaJ4-aU8","_links":{"self":[{"href":"https:\/\/appelloalpopolo.it\/index.php?rest_route=\/wp\/v2\/posts\/41920"}],"collection":[{"href":"https:\/\/appelloalpopolo.it\/index.php?rest_route=\/wp\/v2\/posts"}],"about":[{"href":"https:\/\/appelloalpopolo.it\/index.php?rest_route=\/wp\/v2\/types\/post"}],"author":[{"embeddable":true,"href":"https:\/\/appelloalpopolo.it\/index.php?rest_route=\/wp\/v2\/users\/77"}],"replies":[{"embeddable":true,"href":"https:\/\/appelloalpopolo.it\/index.php?rest_route=%2Fwp%2Fv2%2Fcomments&post=41920"}],"version-history":[{"count":1,"href":"https:\/\/appelloalpopolo.it\/index.php?rest_route=\/wp\/v2\/posts\/41920\/revisions"}],"predecessor-version":[{"id":41921,"href":"https:\/\/appelloalpopolo.it\/index.php?rest_route=\/wp\/v2\/posts\/41920\/revisions\/41921"}],"wp:featuredmedia":[{"embeddable":true,"href":"https:\/\/appelloalpopolo.it\/index.php?rest_route=\/wp\/v2\/media\/39713"}],"wp:attachment":[{"href":"https:\/\/appelloalpopolo.it\/index.php?rest_route=%2Fwp%2Fv2%2Fmedia&parent=41920"}],"wp:term":[{"taxonomy":"category","embeddable":true,"href":"https:\/\/appelloalpopolo.it\/index.php?rest_route=%2Fwp%2Fv2%2Fcategories&post=41920"},{"taxonomy":"post_tag","embeddable":true,"href":"https:\/\/appelloalpopolo.it\/index.php?rest_route=%2Fwp%2Fv2%2Ftags&post=41920"}],"curies":[{"name":"wp","href":"https:\/\/api.w.org\/{rel}","templated":true}]}}