{"id":42218,"date":"2018-05-25T08:00:17","date_gmt":"2018-05-25T06:00:17","guid":{"rendered":"http:\/\/appelloalpopolo.it\/?p=42218"},"modified":"2018-05-24T18:39:02","modified_gmt":"2018-05-24T16:39:02","slug":"gualmini-o-sei-amico-del-popolo-o-sei-amico-della-ue","status":"publish","type":"post","link":"https:\/\/appelloalpopolo.it\/?p=42218","title":{"rendered":"Gualmini (PD): &#8220;O sei amico del popolo, o sei amico della UE&#8221;."},"content":{"rendered":"<p><strong>di MATRIX da YOUTUBE\u00a0<\/strong><\/p>\n<p style=\"text-align: justify;\"><strong>Elisabetta Gualmini<\/strong> (<a class=\"_58cn\" href=\"https:\/\/www.facebook.com\/hashtag\/pd?source=feed_text\" data-ft=\"{&quot;tn&quot;:&quot;*N&quot;,&quot;type&quot;:104}\"><span class=\"_5afx\"><span class=\"_58cl _5afz\" aria-label=\"hashtag\">#<\/span><span class=\"_58cm\">PD<\/span><\/span><\/a>): &#8220;Le parole di <a class=\"_58cn\" href=\"https:\/\/www.facebook.com\/hashtag\/conte?source=feed_text\" data-ft=\"{&quot;tn&quot;:&quot;*N&quot;,&quot;type&quot;:104}\"><span class=\"_5afx\"><span class=\"_58cl _5afz\" aria-label=\"hashtag\">#<\/span><span class=\"_58cm\">Conte<\/span><\/span><\/a> al <a class=\"_58cn\" href=\"https:\/\/www.facebook.com\/hashtag\/quirinale?source=feed_text\" data-ft=\"{&quot;tn&quot;:&quot;*N&quot;,&quot;type&quot;:104}\"><span class=\"_5afx\"><span class=\"_58cl _5afz\" aria-label=\"hashtag\">#<\/span><span class=\"_58cm\">Quirinale<\/span><\/span><\/a> sono state molto contraddittorie perch\u00e9 ha affermato di voler essere EUROPEISTA e contemporaneamen<span class=\"text_exposed_show\">te AMICO DEL POPOLO e questo \u00e8 impossibile perch\u00e9 o stai da una parte o stai dall&#8217;altra&#8221;.<\/span><\/p>\n<p>La Gualmini confessa quello che sappiamo gi\u00e0: ovvero, che Unione Europea e democrazia non sono compatibili.<\/p>\n<div class=\"text_exposed_show\" style=\"text-align: justify;\">\n<p>&nbsp;<\/p>\n<\/div>\n<p style=\"text-align: justify;\">guarda il video <strong>QUI:\u00a0<\/strong><\/p>\n<div class=\"video-container\"><span class=\"embed-youtube\" style=\"text-align:center; display: block;\"><iframe loading=\"lazy\" class=\"youtube-player\" width=\"640\" height=\"360\" src=\"https:\/\/www.youtube.com\/embed\/JARQEC50hXk?version=3&#038;rel=1&#038;showsearch=0&#038;showinfo=1&#038;iv_load_policy=1&#038;fs=1&#038;hl=it-IT&#038;autohide=2&#038;wmode=transparent\" allowfullscreen=\"true\" style=\"border:0;\" sandbox=\"allow-scripts allow-same-origin allow-popups allow-presentation allow-popups-to-escape-sandbox\"><\/iframe><\/span><\/div>\n<p>&nbsp;<\/p>\n<p>&nbsp;<\/p>\n","protected":false},"excerpt":{"rendered":"<p>di MATRIX da YOUTUBE\u00a0 Elisabetta Gualmini (#PD): &#8220;Le parole di #Conte al #Quirinale sono state molto contraddittorie perch\u00e9 ha affermato di voler essere EUROPEISTA e contemporaneamente AMICO DEL POPOLO e questo \u00e8 impossibile perch\u00e9 o stai da una parte o stai dall&#8217;altra&#8221;. La Gualmini confessa quello che sappiamo gi\u00e0: ovvero, che Unione Europea e democrazia non sono compatibili. &nbsp; guarda il video QUI:\u00a0 &nbsp; &nbsp;<\/p>\n","protected":false},"author":77,"featured_media":42219,"comment_status":"open","ping_status":"open","sticky":false,"template":"","format":"standard","meta":{"jetpack_post_was_ever_published":false,"_jetpack_newsletter_access":"","_jetpack_dont_email_post_to_subs":false,"_jetpack_newsletter_tier_id":0,"_jetpack_memberships_contains_paywalled_content":false,"_jetpack_memberships_contains_paid_content":false,"footnotes":"","jetpack_publicize_message":"","jetpack_publicize_feature_enabled":true,"jetpack_social_post_already_shared":true,"jetpack_social_options":{"image_generator_settings":{"template":"highway","enabled":false},"version":2}},"categories":[32],"tags":[],"jetpack_publicize_connections":[],"jetpack_featured_media_url":"https:\/\/appelloalpopolo.it\/wp-content\/uploads\/2018\/05\/14199316_303489723353517_9215924080296857024_n.jpg","jetpack_sharing_enabled":true,"jetpack_shortlink":"https:\/\/wp.me\/p7ZaJ4-aYW","_links":{"self":[{"href":"https:\/\/appelloalpopolo.it\/index.php?rest_route=\/wp\/v2\/posts\/42218"}],"collection":[{"href":"https:\/\/appelloalpopolo.it\/index.php?rest_route=\/wp\/v2\/posts"}],"about":[{"href":"https:\/\/appelloalpopolo.it\/index.php?rest_route=\/wp\/v2\/types\/post"}],"author":[{"embeddable":true,"href":"https:\/\/appelloalpopolo.it\/index.php?rest_route=\/wp\/v2\/users\/77"}],"replies":[{"embeddable":true,"href":"https:\/\/appelloalpopolo.it\/index.php?rest_route=%2Fwp%2Fv2%2Fcomments&post=42218"}],"version-history":[{"count":2,"href":"https:\/\/appelloalpopolo.it\/index.php?rest_route=\/wp\/v2\/posts\/42218\/revisions"}],"predecessor-version":[{"id":42221,"href":"https:\/\/appelloalpopolo.it\/index.php?rest_route=\/wp\/v2\/posts\/42218\/revisions\/42221"}],"wp:featuredmedia":[{"embeddable":true,"href":"https:\/\/appelloalpopolo.it\/index.php?rest_route=\/wp\/v2\/media\/42219"}],"wp:attachment":[{"href":"https:\/\/appelloalpopolo.it\/index.php?rest_route=%2Fwp%2Fv2%2Fmedia&parent=42218"}],"wp:term":[{"taxonomy":"category","embeddable":true,"href":"https:\/\/appelloalpopolo.it\/index.php?rest_route=%2Fwp%2Fv2%2Fcategories&post=42218"},{"taxonomy":"post_tag","embeddable":true,"href":"https:\/\/appelloalpopolo.it\/index.php?rest_route=%2Fwp%2Fv2%2Ftags&post=42218"}],"curies":[{"name":"wp","href":"https:\/\/api.w.org\/{rel}","templated":true}]}}