{"id":42476,"date":"2018-06-02T11:00:02","date_gmt":"2018-06-02T09:00:02","guid":{"rendered":"http:\/\/appelloalpopolo.it\/?p=42476"},"modified":"2018-06-02T10:53:47","modified_gmt":"2018-06-02T08:53:47","slug":"vi-spiego-chi-sono-i-veri-antieuropeisti","status":"publish","type":"post","link":"https:\/\/appelloalpopolo.it\/?p=42476","title":{"rendered":"Vi spiego chi sono i veri antieuropeisti"},"content":{"rendered":"<p>di <strong>IL MORALISTA (Francesco Maria Toscano)<\/strong><\/p>\n<div id=\"content\">\n<div id=\"post-10247\" class=\"post\">\n<div class=\"title\">\n<h2><\/h2>\n<\/div>\n<div class=\"cover\">\n<div class=\"entry\">\n<p><a href=\"http:\/\/www.ilmoralista.it\/wp-content\/uploads\/ANTIEUROPEISTI.jpg\"><img loading=\"lazy\" decoding=\"async\" class=\"alignleft size-full wp-image-10248\" src=\"http:\/\/www.ilmoralista.it\/wp-content\/uploads\/ANTIEUROPEISTI.jpg\" alt=\"ANTIEUROPEISTI\" width=\"267\" height=\"188\" \/><\/a>\u201c<i>C\u2019\u00e8 sempre un motivo\u2026<\/i>\u201d, cantava <b>Celentano<\/b> in una bella canzone di qualche anno fa. E per quale motivo l\u2019Europa di oggi \u00e8 diventata una valle di lacrime? La semplificazione mediatica, che \u00e8 pi\u00f9 corretto chiamare \u201c<i>manipolazione di massa<\/i>\u201d, impedisce di fatto la comprensione degli eventi, occultando i tornanti importanti della storia recente sotto un cumulo di idiozie e frasi fatte che stordiscono e confondono. I malcapitati fruitori passivi di quella che <b>Adorno <\/b>chiamava \u201c<i>industria culturale<\/i>\u201d tendono a credere infatti che esista una avanguardia europeista, trainata dai tedeschi di <b>Merkel<\/b>,ora costretta a respingere \u201c<i>l\u2019ondata populista e nazionalista<\/i>\u201d che ha gi\u00e0 preso in ostaggio la povera Italia. Chi si beve certe menzogne pacchiane non ha rudimenti di geopolitica, cos\u00ec come chi crede che \u201c<i>l\u2019austerit\u00e0 porti la crescita<\/i>\u201d non ha molta dimestichezza con il concetto di macroeconomia. Per provare a rendere innocua la disinformazione scientifica praticata cinicamente da giornali come <b>Repubblica<\/b> \u00e8 indispensabile leggere qualche buon libro, magari scritto da personaggi di rilievo che l\u2019attuale costruzione europea non l\u2019hanno studiata ma l\u2019hanno imposta.<\/p>\n<p>Consiglio perci\u00f2 a tutti i miei lettori di procurarsi \u201c<i>La Grande Scacchiera<\/i>\u201d, scritto da <b>Zbigniew Brzeziski<\/b> ed edito da Longanesi nel lontano 1997, testo decisivo per capire le vere dinamiche e intenzionalit\u00e0 che hanno partorito questo mostro di Ue per come raccontate da una delle principali \u201costetriche\u201d dell\u2019epoca. <b>Brzeziski <\/b>non ha bisogno di molte presentazioni, gi\u00e0 consigliere per la sicurezza ai tempi della Presidenza <b>Carter<\/b>, fond\u00f2 nel 1973 la famigerata \u201c<i>Trilateral Commission<\/i>\u201d insieme a <b>David Rockefeller<\/b> e <b>Henri Kissinger<\/b>, braccio \u201cprofano\u201d e visibile di una loggia coperta e invisibile chiamata \u201c<i>Three Eyes<\/i>\u201d, officina latomistica che annovera fra i suoi eminenti membri anche il \u201cpotentissimo\u201d ex presidente della Repubblica italiana <b>Giorgio Napolitano<\/b> <a title=\"Napolitano \" href=\"https:\/\/www.youtube.com\/watch?v=knpHOMubp4U\">(clicca per guardare).<\/a><\/p>\n<p>Nel suo libro <b>Brzeziski<\/b> spiega senza mezzi termini n\u00e9 perifrasi come gli Stati Uniti, per continuare a comandare nel mondo, debbano necessariamente controllare l\u2019Eurasia. Questo controllo deve essere reso pi\u00f9 stringente per mezzo del progressivo allineamento delle diverse nazioni europee da posizionare sotto il tallone di una Germania che, a causa del suo passato nazista, non potr\u00e0 mai \u201c<i>staccarsi dall\u2019ombrello americano<\/i>\u201d. Di contro a <b>Brzeziski <\/b>non sfugge come una Europa davvero unita e autonoma avrebbe tutte le carte in regola per minare la leadership a stelle e strisce. Valutati questi presupposti il politologo di origine polacca precisa come paralizzare il Vecchio Continente, da tenere il pi\u00f9 possibile prigioniero di uno strano limbo dove nessuno possa fare n\u00e9 un passo indietro n\u00e9 uno in avanti. In che senso? Nel senso che la Ue deve unire i Paesi quel tanto che basta per frustrarne l\u2019autonomia interna, ma non fino al punto da creare per davvero uno spazio politico unico ed indivisibile, ovvero una sovranit\u00e0 politica europea democratica e popolare che- affrancata dal controllo statunitense- si ponga come punto di riferimento certo per il mondo intero. Capito il giochino risulta agevole smascherare i perfidi inganni degli attuali decisori europei, chiamati a recitare la parte degli ottusi \u201cguardiani dell\u2019ortodossia\u201d proprio al fine di far germogliare astio fra le nazioni e impedire che si sedimenti una solidariet\u00e0 europea giudicata pericolosa dai veri padroni del vapore. <b>Merkel <\/b>e soci sono quindi i politici pi\u00f9 anti-europeisti presenti oggi su piazza, soldati valorizzati dall\u2019oligarchia al fine di diffondere risentimenti e pregiudizi che tranquillizano il sistema. Ricordate come dicevano i romani? <i>Divide et impera<\/i>, esatto. E\u2019 sempre quello il punto\u2026<\/p>\n<\/div>\n<\/div>\n<\/div>\n<\/div>\n<p>&nbsp;<\/p>\n<p><strong>Fonte: <a href=\"http:\/\/www.ilmoralista.it\/2018\/05\/24\/vi-spiego-chi-sono-i-veri-antieuropeisti\/\">http:\/\/www.ilmoralista.it\/2018\/05\/24\/vi-spiego-chi-sono-i-veri-antieuropeisti\/<\/a><\/strong><\/p>\n","protected":false},"excerpt":{"rendered":"<p>di IL MORALISTA (Francesco Maria Toscano) \u201cC\u2019\u00e8 sempre un motivo\u2026\u201d, cantava Celentano in una bella canzone di qualche anno fa. E per quale motivo l\u2019Europa di oggi \u00e8 diventata una valle di lacrime? La semplificazione mediatica, che \u00e8 pi\u00f9 corretto chiamare \u201cmanipolazione di massa\u201d, impedisce di fatto la comprensione degli eventi, occultando i tornanti importanti della storia recente sotto un cumulo di idiozie e frasi fatte che stordiscono e confondono. I malcapitati fruitori passivi di&#46;&#46;&#46;<\/p>\n","protected":false},"author":86,"featured_media":42477,"comment_status":"open","ping_status":"open","sticky":false,"template":"","format":"standard","meta":{"jetpack_post_was_ever_published":false,"_jetpack_newsletter_access":"","_jetpack_dont_email_post_to_subs":false,"_jetpack_newsletter_tier_id":0,"_jetpack_memberships_contains_paywalled_content":false,"_jetpack_memberships_contains_paid_content":false,"footnotes":"","jetpack_publicize_message":"","jetpack_publicize_feature_enabled":true,"jetpack_social_post_already_shared":true,"jetpack_social_options":{"image_generator_settings":{"template":"highway","enabled":false},"version":2}},"categories":[32],"tags":[],"jetpack_publicize_connections":[],"jetpack_featured_media_url":"https:\/\/appelloalpopolo.it\/wp-content\/uploads\/2018\/06\/29513330_824820614384590_480723928956183871_n.png","jetpack_sharing_enabled":true,"jetpack_shortlink":"https:\/\/wp.me\/p7ZaJ4-b36","_links":{"self":[{"href":"https:\/\/appelloalpopolo.it\/index.php?rest_route=\/wp\/v2\/posts\/42476"}],"collection":[{"href":"https:\/\/appelloalpopolo.it\/index.php?rest_route=\/wp\/v2\/posts"}],"about":[{"href":"https:\/\/appelloalpopolo.it\/index.php?rest_route=\/wp\/v2\/types\/post"}],"author":[{"embeddable":true,"href":"https:\/\/appelloalpopolo.it\/index.php?rest_route=\/wp\/v2\/users\/86"}],"replies":[{"embeddable":true,"href":"https:\/\/appelloalpopolo.it\/index.php?rest_route=%2Fwp%2Fv2%2Fcomments&post=42476"}],"version-history":[{"count":1,"href":"https:\/\/appelloalpopolo.it\/index.php?rest_route=\/wp\/v2\/posts\/42476\/revisions"}],"predecessor-version":[{"id":42478,"href":"https:\/\/appelloalpopolo.it\/index.php?rest_route=\/wp\/v2\/posts\/42476\/revisions\/42478"}],"wp:featuredmedia":[{"embeddable":true,"href":"https:\/\/appelloalpopolo.it\/index.php?rest_route=\/wp\/v2\/media\/42477"}],"wp:attachment":[{"href":"https:\/\/appelloalpopolo.it\/index.php?rest_route=%2Fwp%2Fv2%2Fmedia&parent=42476"}],"wp:term":[{"taxonomy":"category","embeddable":true,"href":"https:\/\/appelloalpopolo.it\/index.php?rest_route=%2Fwp%2Fv2%2Fcategories&post=42476"},{"taxonomy":"post_tag","embeddable":true,"href":"https:\/\/appelloalpopolo.it\/index.php?rest_route=%2Fwp%2Fv2%2Ftags&post=42476"}],"curies":[{"name":"wp","href":"https:\/\/api.w.org\/{rel}","templated":true}]}}