{"id":42565,"date":"2018-06-04T14:51:31","date_gmt":"2018-06-04T12:51:31","guid":{"rendered":"http:\/\/appelloalpopolo.it\/?p=42565"},"modified":"2018-06-04T14:51:31","modified_gmt":"2018-06-04T12:51:31","slug":"messe-a-fuoco-progressive","status":"publish","type":"post","link":"https:\/\/appelloalpopolo.it\/?p=42565","title":{"rendered":"Messe a fuoco progressive"},"content":{"rendered":"<p><strong>di PIERLUIGI FAGAN<\/strong><\/p>\n<p>&nbsp;<\/p>\n<p>(in riferimento all&#8217;articolo tratto da Voci dall&#8217;estero, leggi <strong>QUI<\/strong>:\u00a0<a href=\"http:\/\/vocidallestero.it\/2018\/06\/01\/handelsblatt-italiani-fannulloni-e-tedeschi-infami-come-leuro-semina-la-discordia\/\">http:\/\/vocidallestero.it\/2018\/06\/01\/handelsblatt-italiani-fannulloni-e-tedeschi-infami-come-leuro-semina-la-discordia\/)<\/a><\/p>\n<div class=\"_5pbx userContent _3576\" data-ft=\"{&quot;tn&quot;:&quot;K&quot;}\">\n<p style=\"text-align: justify;\">Come anticipato qualche post fa, l\u2019intera faccenda turbinosa in cui siamo stati sballottati in questi giorni, ha avuto ed ha il merito di portare molte persone ad occuparsi di cose complicate a cui non avevano prestato attenzione visto che siamo tutti alle prese con le gi\u00e0 ampie complicazioni della vita quotidiana. Questo \u00e8 un fatto di estrema importanza poich\u00e9 il primo punto del problema del mondo complesso non \u00e8 solo nella sua intrinseca complessit\u00e0 ma proprio nella distanza tra opinioni pubbliche e fatti, distanza in cui si collocano i decisori politici e non solo, i quali senza un controllo dal basso o senza che dal basso si seguano le vicende su cui poi debbono esser prese le decisioni, potrebbero agire senza avere dietro un popolo.<\/p>\n<p style=\"text-align: justify;\">Il tema \u00e8 sempre quello Europa \u2013 Euro. Handsblatt Global, fa un editoriale riflessivo su cui ci pu\u00f2 esser utile far delle considerazioni. Il periodico tedesco, constatata l\u2019impennata di luoghi comuni nazionalistici per i quali noi saremmo il Paese di Pulcinella e la Germania, quello di Hitler. Ma come? Tutta la retorica unionista diceva che il processo aveva fine nell\u2019unirci e ci ritroviamo a far volare gli stracci? Aspetta un attimo, dice l\u2019editoriale, ricordiamoci che tutta la faccenda nacque dalle macerie del \u201945, il fine era quello di risolvere la secolare belligeranza tra fazioni sub continentali, se l\u2019euro invece di unirci ci divide, be&#8217; prendiamone atto e subordiniamolo (in qualche modo su cui non mi addentro) al fine superiore.<\/p>\n<p style=\"text-align: justify;\">Abbiamo scoperto un doppio fallimento culturale in questo progetto. Il primo \u00e8 quello segnalato dai tedeschi di Handsblatt, il secondo che poi spiega anche il primo, \u00e8 l\u2019aver ridotto una faccenda dall\u2019immensa complessit\u00e0, unire in qualche modo popoli eterogenei che si sono scannati per secoli, ad un\u2019area economica che ha poi chiamato una moneta comune fatta come poi sappiamo. Una sorta di materialismo storico monetario, un mostro del pensiero. Lo stesso fatto che una faccenda economico-monetaria cos\u00ec complessa sia legata ad un trattato scritto e firmato ventisei anni fa, denota una certa follia.<\/p>\n<p style=\"text-align: justify;\">Immaginate di aver scritto ventisei anni fa un contratto con voi stessi in cui vi impegnavate a fare a), b), c) e di attenervi ogni santo giorno, a fronte delle sollecitazioni di un mondo in rapidissima evoluzione, a quel dettato, scriteriato no? Questo \u00e8 l\u2019impianto adattivo che pu\u00f2 pensare un ingegnere, ma le societ\u00e0 umane hanno la complessit\u00e0 della biologia e della sociologia non della fisica newtoniana, dovrebbero procedere per tentativi ed errori, revisioni e nuovi tentativi per approssimazioni successive. Ebbene, questo \u00e8 il fallimento che si sta rendendo evidente, ed \u00e8 un fallimento culturale.<\/p>\n<p style=\"text-align: justify;\">Pi\u00f9 volte ho lamentato l\u2019assurda mancanza di una riflessione nell\u2019intellettualit\u00e0 europea, sul mega-progetto \u201cUniamoci!\u201d. Per molto meno si abbattono intere foreste per trarne la carta su cui pi\u00f9 menti scrivono, analizzano, propongono, criticano. L\u2019unica parte del tema che \u00e8 stata sufficientemente esplorata \u00e8 quella neanche economica ma pi\u00f9 strettamente monetaria. Gli opinion leader di questo discorso, che si voglia promuovere l\u2019euro o criticarlo aspramente, sono gli economisti. E gli storici dove sono? I sociologi? Gli storici delle idee? I geopolitici? I giuristi? I filosofi? I demografi? Gli artisti? I geografi? Gli scienziati? Gli studiosi di politica? Come si pu\u00f2 pensare di affrontare un problema di tale complessit\u00e0 riducendolo ad una faccenda monetaria neanche fossimo lo Zollverein?<\/p>\n<p style=\"text-align: justify;\">Se ne \u00e8 accorto il lucido Savona che nella letterina su Scenari economici che doveva rassicurare ottenendo invero -volutamente- l\u2019effetto contrario, spiegando la sua filosofia d\u2019Europa, metteva al primo punto (!) un inaspettato \u201cCreare una scuola europea di ogni ordine e grado per pervenire a una cultura comune che consenta l\u2019affermarsi di consenso alla nascita di un\u2019unione politica \u2026\u201d. Lo ha detto un \u201ceconomista\u201d ma non se ne \u00e8 accorto nessuno perch\u00e9 l\u00ec abbiamo un punto cieco.<\/p>\n<p style=\"text-align: justify;\">Con ci\u00f2 non volevo n\u00e9 promuovere una nuova Unione Europea, n\u00e9 l\u2019idea di una scuola comune, volevo solo sottolineare l&#8217;ovvio ovvero che o il fine di questo progetto \u00e8 politico o non ha senso e ritengo il fine politico di unire i 27 o 19 Paesi europei semplicemente impossibile, non perch\u00e9 c\u2019\u00e8 la Merkel o i populisti, ritengo sia impossibile in s\u00e9, come far volare gli asini, quadrare il cerchio o avere la moglie piena e la botte ubriaca (che \u00e8 appunto anche pi\u00f9 impossibile della formulazione canonica sinonimo di impossibilit\u00e0 di per s\u00e9).<\/p>\n<p style=\"text-align: justify;\">Altrove ho analizzato in passato con lo spazio che merita questa impossibilit\u00e0. Allora, da dove dovremmo ripartire?<br \/>\nNon si possono unire di botto molti eterogenei, vanno prima uniti tra loro i pi\u00f9 simili e l\u2019analisi di similarit\u00e0 non pu\u00f2 esser fatta partendo dall\u2019economia (per quanto anche alcuni economisti lo hanno notato, leggasi Mundell e il problema delle aree valutarie ottimali tanto caro a Bagnai) perch\u00e9 il fine di una unione politica \u00e8 di natura pi\u00f9 complessa e generale. Pi\u00f9 tardi lo capiremo, peggio sar\u00e0 per noi ed il nostro destino futuro.<\/p>\n<\/div>\n<div class=\"_3x-2\" style=\"text-align: justify;\" data-ft=\"{&quot;tn&quot;:&quot;H&quot;}\">\n<div data-ft=\"{&quot;tn&quot;:&quot;H&quot;}\">\n<div class=\"mtm\">\n<div id=\"u_0_x\" class=\"_6m2 _1zpr clearfix _dcs _4_w4 _59ap _2bf7\" data-ft=\"{&quot;tn&quot;:&quot;H&quot;}\">\n<div class=\"clearfix _2r3x\">\n<div class=\"lfloat _ohe\"><\/div>\n<\/div>\n<\/div>\n<\/div>\n<\/div>\n<\/div>\n<p style=\"text-align: justify;\"><strong>Fonte<\/strong>:\u00a0<a href=\"http:\/\/&lt;iframe src=&quot;https:\/\/www.facebook.com\/plugins\/post.php?href=https%3A%2F%2Fwww.facebook.com%2Fpierluigi.fagan%2Fposts%2F10215267488536083&amp;width=500&quot; width=&quot;500&quot; height=&quot;595&quot; style=&quot;border:none;overflow:hidden&quot; scrolling=&quot;no&quot; frameborder=&quot;0&quot; allowTransparency=&quot;true&quot; allow=&quot;encrypted-media&quot;&gt;&lt;\/iframe&gt;\">http:\/\/&lt;iframe src=&#8221;https:\/\/www.facebook.com\/plugins\/post.php?href=https%3A%2F%2Fwww.facebook.com%2Fpierluigi.fagan%2Fposts%2F10215267488536083&amp;width=500&#8243; width=&#8221;500&#8243; height=&#8221;595&#8243; style=&#8221;border:none;overflow:hidden&#8221; scrolling=&#8221;no&#8221; frameborder=&#8221;0&#8243; allowTransparency=&#8221;true&#8221; allow=&#8221;encrypted-media&#8221;&gt;&lt;\/iframe&gt;<\/a><\/p>\n","protected":false},"excerpt":{"rendered":"<p>di PIERLUIGI FAGAN &nbsp; (in riferimento all&#8217;articolo tratto da Voci dall&#8217;estero, leggi QUI:\u00a0http:\/\/vocidallestero.it\/2018\/06\/01\/handelsblatt-italiani-fannulloni-e-tedeschi-infami-come-leuro-semina-la-discordia\/) Come anticipato qualche post fa, l\u2019intera faccenda turbinosa in cui siamo stati sballottati in questi giorni, ha avuto ed ha il merito di portare molte persone ad occuparsi di cose complicate a cui non avevano prestato attenzione visto che siamo tutti alle prese con le gi\u00e0 ampie complicazioni della vita quotidiana. Questo \u00e8 un fatto di estrema importanza poich\u00e9 il primo punto&#46;&#46;&#46;<\/p>\n","protected":false},"author":77,"featured_media":37690,"comment_status":"open","ping_status":"open","sticky":false,"template":"","format":"standard","meta":{"jetpack_post_was_ever_published":false,"_jetpack_newsletter_access":"","_jetpack_dont_email_post_to_subs":false,"_jetpack_newsletter_tier_id":0,"_jetpack_memberships_contains_paywalled_content":false,"_jetpack_memberships_contains_paid_content":false,"footnotes":"","jetpack_publicize_message":"","jetpack_publicize_feature_enabled":true,"jetpack_social_post_already_shared":true,"jetpack_social_options":{"image_generator_settings":{"template":"highway","enabled":false},"version":2}},"categories":[32],"tags":[],"jetpack_publicize_connections":[],"jetpack_featured_media_url":"https:\/\/appelloalpopolo.it\/wp-content\/uploads\/2018\/01\/pierluigi-fagan-320x320.jpeg","jetpack_sharing_enabled":true,"jetpack_shortlink":"https:\/\/wp.me\/p7ZaJ4-b4x","_links":{"self":[{"href":"https:\/\/appelloalpopolo.it\/index.php?rest_route=\/wp\/v2\/posts\/42565"}],"collection":[{"href":"https:\/\/appelloalpopolo.it\/index.php?rest_route=\/wp\/v2\/posts"}],"about":[{"href":"https:\/\/appelloalpopolo.it\/index.php?rest_route=\/wp\/v2\/types\/post"}],"author":[{"embeddable":true,"href":"https:\/\/appelloalpopolo.it\/index.php?rest_route=\/wp\/v2\/users\/77"}],"replies":[{"embeddable":true,"href":"https:\/\/appelloalpopolo.it\/index.php?rest_route=%2Fwp%2Fv2%2Fcomments&post=42565"}],"version-history":[{"count":1,"href":"https:\/\/appelloalpopolo.it\/index.php?rest_route=\/wp\/v2\/posts\/42565\/revisions"}],"predecessor-version":[{"id":42566,"href":"https:\/\/appelloalpopolo.it\/index.php?rest_route=\/wp\/v2\/posts\/42565\/revisions\/42566"}],"wp:featuredmedia":[{"embeddable":true,"href":"https:\/\/appelloalpopolo.it\/index.php?rest_route=\/wp\/v2\/media\/37690"}],"wp:attachment":[{"href":"https:\/\/appelloalpopolo.it\/index.php?rest_route=%2Fwp%2Fv2%2Fmedia&parent=42565"}],"wp:term":[{"taxonomy":"category","embeddable":true,"href":"https:\/\/appelloalpopolo.it\/index.php?rest_route=%2Fwp%2Fv2%2Fcategories&post=42565"},{"taxonomy":"post_tag","embeddable":true,"href":"https:\/\/appelloalpopolo.it\/index.php?rest_route=%2Fwp%2Fv2%2Ftags&post=42565"}],"curies":[{"name":"wp","href":"https:\/\/api.w.org\/{rel}","templated":true}]}}