{"id":43437,"date":"2018-07-01T00:33:48","date_gmt":"2018-06-30T22:33:48","guid":{"rendered":"http:\/\/appelloalpopolo.it\/?p=43437"},"modified":"2018-06-27T12:04:27","modified_gmt":"2018-06-27T10:04:27","slug":"alcuni-equivoci-sullidea-di-ordine-e-sullegualitarismo-democratico","status":"publish","type":"post","link":"https:\/\/appelloalpopolo.it\/?p=43437","title":{"rendered":"Alcuni equivoci sull&#8217;idea di ordine e sull&#8217;egualitarismo democratico"},"content":{"rendered":"<p style=\"text-align: justify;\"><span style=\"font-family: georgia, palatino, serif;\">di JULIEN BENDA<\/span><\/p>\n<p style=\"text-align: justify;\"><span style=\"font-family: georgia, palatino, serif;\">L&#8217;idea di ordine \u00e8 normalmente oggetto di un equivoco di cui non solo si valgono coloro che l&#8217;utilizzano, ma che sembra ammesso da persone oneste in assoluta buona fede. Ricordiamo che l&#8217;idea di ordine quale l&#8217;hanno concepita [i Greci] \u00e8 l&#8217;idea dell&#8217;armonia dell&#8217;universo, soprattutto dell&#8217;universo inanimato, l&#8217;idea di\u00a0<em>cosmo<\/em>, di\u00a0<em>mondo<\/em>, termine che significa l&#8217;<em>ordinato<\/em> per contrapposizione a l&#8217;<em>in-mondo.\u00a0<\/em>Per i filosofi ellenici supremo ruolo della divinit\u00e0 e suo onore, era, non di aver creato l&#8217;universo, ma di avervi introdotto ordine, cio\u00e8 intelligibilit\u00e0. <\/span><\/p>\n<p style=\"text-align: justify;\"><span style=\"font-family: georgia, palatino, serif;\">Ora, non c&#8217;\u00e8 alcun rapporto tra questa contemplazione serena e tutta intellettuale, che in effetti si oppone alla passione, e lo stato tutto passionale per cui certe classi superiori intendono mantenere, foss&#8217;anche con mezzi meno armoniosi, il loro dominio su quelle inferiori; passione che esse chiamano il senso dell&#8217;ordine. L&#8217;autore del\u00a0<em>Timeo<\/em> [il filosofo Platone, <em>ndr<\/em>] non avrebbe riconosciuto la sua idea di ordine negli atti &#8211; i terrori bianchi &#8211; con i quali certe caste, all&#8217;indomani di rivendicazioni popolari che le hanno fatte tremare, &#8220;ristabiliscono l&#8217;ordine&#8221;.<\/span><\/p>\n<p style=\"text-align: justify;\"><span style=\"font-family: georgia, palatino, serif;\">Gli apostoli dell&#8217;ordine ritengono normalmente che sono loro a incarnare la ragione, cio\u00e8 lo spirito scientifico, perch\u00e9 loro rispettano le differenze reali che esistono tra gli uomini; realt\u00e0 che la democrazia viola cinicamente con il suo romantico egualitarismo. C&#8217;\u00e8 in questo una concezione completamente falsa dell&#8217;egualitarismo democratico, che i nemici di questo regime sanno essere falsa e utilizzano come ordigno di guerra, ma bisogna pur dire che numerosi democratici l&#8217;adottano in assoluta buona fede e si trovano cos\u00ec senza difesa di fronte ai fulmini dell&#8217;avversario.<\/span><\/p>\n<p style=\"text-align: justify;\"><span style=\"font-family: georgia, palatino, serif;\">Essa consiste nell&#8217;ignorare che la democrazia non vuole l&#8217;eguaglianza dei cittadini se non di fronte alla legge e alle possibilit\u00e0 di accesso alle funzioni pubbliche; per il resto, la sua posizione \u00e8 definita da queste parole del filosofo inglese Grant Allen: &#8220;Tutti gli uomini nascono liberi e\u00a0<em>ineguali<\/em>, scopo del socialismo \u00e8 mantenere questa ineguaglianza naturale e trarne il miglior partito possibile&#8221;, o da queste altre del democratico francese Louis Blanc, che dichiarava la vera uguaglianza essere la &#8220;proporzionalit\u00e0&#8221; e consistere per tutti gli uomini nell'&#8221;<em>eguale\u00a0<\/em>sviluppo delle loro facolt\u00e0\u00a0<em>ineguali<\/em>&#8220;.<\/span><\/p>\n<p style=\"text-align: justify;\"><span style=\"font-family: georgia, palatino, serif;\">Affermazioni che derivano entrambe da questo pensiero di Voltaire: &#8220;Siamo tutti ugualmente uomini, ma non uguali membri della societ\u00e0&#8221;. D&#8217;altra parte \u00e8 certo che la democrazia non ha trovato &#8211; ma \u00e8 mai possibile &#8211; un criterio che permetta di predeterminare quelli che, a causa di questa ineguaglianza naturale, hanno diritto nella vita pubblica a un rango superiore, le\u00a0<em>\u00e9lites.\u00a0<\/em>Rimane il fatto che essa ammette questa ineguaglianza, la accetta, non solo nei fatti ma come principio, mentre i dottrinari dell&#8217;ordine le sostituiscono un&#8217;ineguaglianza artificiale, fondata sulla nascita o la fortuna, e si mostrano in ci\u00f2 perfetti violatori della giustizia e della ragione.<\/span><\/p>\n<p style=\"text-align: justify;\"><span style=\"font-family: georgia, palatino, serif;\"><em>[da<\/em> Il tradimento dei chierici\u00a0<em>(1927), trad. it. Einaudi 1976]<\/em><\/span><\/p>\n","protected":false},"excerpt":{"rendered":"<p>di JULIEN BENDA L&#8217;idea di ordine \u00e8 normalmente oggetto di un equivoco di cui non solo si valgono coloro che l&#8217;utilizzano, ma che sembra ammesso da persone oneste in assoluta buona fede. Ricordiamo che l&#8217;idea di ordine quale l&#8217;hanno concepita [i Greci] \u00e8 l&#8217;idea dell&#8217;armonia dell&#8217;universo, soprattutto dell&#8217;universo inanimato, l&#8217;idea di\u00a0cosmo, di\u00a0mondo, termine che significa l&#8217;ordinato per contrapposizione a l&#8217;in-mondo.\u00a0Per i filosofi ellenici supremo ruolo della divinit\u00e0 e suo onore, era, non di aver creato&#46;&#46;&#46;<\/p>\n","protected":false},"author":4,"featured_media":43438,"comment_status":"open","ping_status":"open","sticky":false,"template":"","format":"standard","meta":{"jetpack_post_was_ever_published":false,"_jetpack_newsletter_access":"","_jetpack_dont_email_post_to_subs":false,"_jetpack_newsletter_tier_id":0,"_jetpack_memberships_contains_paywalled_content":false,"_jetpack_memberships_contains_paid_content":false,"footnotes":"","jetpack_publicize_message":"","jetpack_publicize_feature_enabled":true,"jetpack_social_post_already_shared":true,"jetpack_social_options":{"image_generator_settings":{"template":"highway","enabled":false},"version":2}},"categories":[176,6],"tags":[174,6138,6136,6139,2005,6137,6140],"jetpack_publicize_connections":[],"jetpack_featured_media_url":"https:\/\/appelloalpopolo.it\/wp-content\/uploads\/2018\/06\/AVT_Julien-Benda_1455.jpeg","jetpack_sharing_enabled":true,"jetpack_shortlink":"https:\/\/wp.me\/p7ZaJ4-biB","_links":{"self":[{"href":"https:\/\/appelloalpopolo.it\/index.php?rest_route=\/wp\/v2\/posts\/43437"}],"collection":[{"href":"https:\/\/appelloalpopolo.it\/index.php?rest_route=\/wp\/v2\/posts"}],"about":[{"href":"https:\/\/appelloalpopolo.it\/index.php?rest_route=\/wp\/v2\/types\/post"}],"author":[{"embeddable":true,"href":"https:\/\/appelloalpopolo.it\/index.php?rest_route=\/wp\/v2\/users\/4"}],"replies":[{"embeddable":true,"href":"https:\/\/appelloalpopolo.it\/index.php?rest_route=%2Fwp%2Fv2%2Fcomments&post=43437"}],"version-history":[{"count":1,"href":"https:\/\/appelloalpopolo.it\/index.php?rest_route=\/wp\/v2\/posts\/43437\/revisions"}],"predecessor-version":[{"id":43439,"href":"https:\/\/appelloalpopolo.it\/index.php?rest_route=\/wp\/v2\/posts\/43437\/revisions\/43439"}],"wp:featuredmedia":[{"embeddable":true,"href":"https:\/\/appelloalpopolo.it\/index.php?rest_route=\/wp\/v2\/media\/43438"}],"wp:attachment":[{"href":"https:\/\/appelloalpopolo.it\/index.php?rest_route=%2Fwp%2Fv2%2Fmedia&parent=43437"}],"wp:term":[{"taxonomy":"category","embeddable":true,"href":"https:\/\/appelloalpopolo.it\/index.php?rest_route=%2Fwp%2Fv2%2Fcategories&post=43437"},{"taxonomy":"post_tag","embeddable":true,"href":"https:\/\/appelloalpopolo.it\/index.php?rest_route=%2Fwp%2Fv2%2Ftags&post=43437"}],"curies":[{"name":"wp","href":"https:\/\/api.w.org\/{rel}","templated":true}]}}