{"id":43451,"date":"2018-06-30T08:00:05","date_gmt":"2018-06-30T06:00:05","guid":{"rendered":"http:\/\/appelloalpopolo.it\/?p=43451"},"modified":"2018-06-27T22:07:54","modified_gmt":"2018-06-27T20:07:54","slug":"impronte-agli-statali-e-polemica","status":"publish","type":"post","link":"https:\/\/appelloalpopolo.it\/?p=43451","title":{"rendered":"Impronte agli statali, \u00e8 polemica"},"content":{"rendered":"<p><strong>di ADNKRONOS<\/strong><\/p>\n<p style=\"text-align: justify;\"><em>&#8220;Ministro o Sceriffo?&#8221;. &#8220;Se la filosofia sar\u00e0 solo accanimento nei confronti dei lavoratori siamo ad un ritorno all&#8217;antico, tutto gi\u00e0 visto e fallito&#8221;. &#8220;Ripetiamo il solito clich\u00e9, che sono tutti cattivi. Dov&#8217;\u00e8 il cambiamento?&#8221;. <\/em><\/p>\n<p style=\"text-align: justify;\"><b>Sindacati sul piede di guerra<\/b> per le <a title=\"www.adnkronos.com\" href=\"http:\/\/www.adnkronos.com\/fatti\/politica\/2018\/06\/24\/impronte-digitali-contro-furbetti-del-cartellino_6BEskj5dp1k2Y8TNaymrVI.html\">nuove misure contro i furbetti del cartellino\u00a0<\/a>annunciate dal neo ministro della Funzione pubblica, Giulia Bongiorno. L&#8217;assenteismo nella Pubblica amministrazione &#8220;\u00e8 un fenomeno odioso&#8221; e &#8220;credo si debba anche prevenire&#8221;, ha spiegato Bongiorno in un&#8217;intervista al &#8216;Corriere della Sera&#8217;, manifestando l&#8217;intenzione di introdurre &#8220;ispezioni a campione con pool di esperti&#8221; e &#8220;rilevazioni biometriche per evitare che ci sia chi strisci il tesserino per altri&#8221;, ossia attraverso <b>le impronte digitali dei dipendenti<\/b>. Parole che in poche ore hanno raccolto le critiche di sindacati e dipendenti pubblici.<\/p>\n<p style=\"text-align: justify;\"><b>CGIL<\/b> &#8211; &#8220;Ministro o Sceriffo? Lanciamo una sfida alla Ministra: faccia un giro per gli uffici pubblici e dopo che \u00e8 stata in un pronto soccorso, in un asilo comunale, in una centrale operativa dei Vigili del Fuoco, ad uno sportello dell&#8217;Inps o a seguito di un ispettore del Ministero del Lavoro in un cantiere o di un notificatore dell\u2019Agenzia delle Entrate, ne riparliamo&#8221;, commenta in una nota la segretaria generale della Fp Cgil, Serena Sorrentino, &#8220;sembra che il Ministro abbia una qualche incertezza sui processi che deve governare e <b>la spari grossa per colpire l&#8217;opinione pubblica<\/b>&#8220;, aggiunge.<\/p>\n<div class=\"centrato\">\n<div class=\"VideoCarousel\" style=\"text-align: justify;\">\n<div id=\"vidcar4s\" class=\"vidcar4s\">\n<div id=\"vidcarpl4s\">\n<div id=\"owl-carousel\" class=\"owl-carousel owl-theme owl-loaded owl-drag\">\n<div class=\"owl-nav\">\n<div class=\"owl-prev disabled\" style=\"text-align: justify;\"><\/div>\n<div class=\"owl-next\" style=\"text-align: justify;\"><\/div>\n<\/div>\n<\/div>\n<\/div>\n<\/div>\n<p><ins id=\"revive-0-2\" data-revive-zoneid=\"5692\" data-revive-id=\"6609ba8ff88606794e22ff360400bcea\" data-revive-seq=\"2\" data-revive-loaded=\"1\"><\/ins>&#8220;Oltre l&#8217;agente provocatore abbiamo Ministri provocatori, se la filosofia sar\u00e0 meno controlli di legalit\u00e0, come per le intercettazioni e gli appalti, e solo accanimento nei confronti dei lavoratori, <b>siamo ad un ritorno all&#8217;antico, tutto gi\u00e0 visto e fallito<\/b>. Pi\u00f9 che cambiamento si annuncia restaurazione&#8221;, ammonisce ancora Sorrentino che sulla cos\u00ec detta lotta ai raccomandati ricorda a Bongiorno come la riforma della valutazione della performance individuale e collettiva &#8220;ci sia gi\u00e0 stata qualche mese fa e che tocca a lei attuarla, vale per dirigenti e dipendenti e prevede gi\u00e0 il coinvolgimento dei cittadini&#8221;.<\/p>\n<\/div>\n<div><\/div>\n<\/div>\n<div class=\"imgCont right\"><img decoding=\"async\" src=\"http:\/\/www.adnkronos.com\/rf\/image_size_1280x960\/Pub\/AdnKronos\/Assets\/Immagini\/Redazionale\/I\/infografiche\/infografica_pubblica_amministrazione.jpg\" \/><\/div>\n<p style=\"text-align: justify;\">Quanto alle impronte digitali e ai blitz annunciati dal ministro suggerisce: &#8220;<b>Si renda prima conto di quali sono i problemi che incidono sull&#8217;efficacia della Pa<\/b>, che sono il sotto organico, le poche risorse, l&#8217;assenza di formazione e aggiornamento e di mezzi adeguati&#8221;. &#8220;Siamo tutti interessati a colpire i furbetti e chi non fa appieno il proprio lavoro &#8211; continua &#8211; ma sono una sparuta minoranza e dietro questa retorica di colpire chi lavora, generalizzando alcuni aspetti patologici, <b>si offende la dignit\u00e0 di chi ogni giorno svolge il suo lavoro<\/b> con onest\u00e0 e dedizione per la collettivit\u00e0, sottopagato e con carichi di lavoro insopportabili. Nei contratti appena rinnovati abbiamo inserito norme di contrasto all\u2019assenteismo ingiustificato e di premialit\u00e0 del particolare apporto individuale dei lavoratori&#8221;.<\/p>\n<p style=\"text-align: justify;\">D&#8217;altra parte, &#8220;\u00e9 interesse prima dei lavoratori contrastare gli abusi, dice ancora Sorrentino ricordando come spesso siano stati gli stessi delegati sindacali &#8220;ad aver denunciato le cose che non funzionano scontrandosi con gli interessi della politica e della scarsa incidenza della dirigenza&#8221;. Ma quello che colpisce la Cgil \u00e8 sopratutto che &#8220;nella prima intervista del ministro <b>non c&#8217;\u00e8 alcun riferimento ai contratti di lavoro<\/b> n\u00e9 alle stabilizzazioni n\u00e9 alle politiche occupazionali. Non c&#8217;\u00e8 alcun riferimento all&#8217;innovazione e agli investimenti&#8221;.<\/p>\n<p style=\"text-align: justify;\"><b>UIL<\/b> &#8211; Le impronte digitali contro i furbetti della Pa? &#8220;Evidentemente Bongiorno mirava all&#8217;audience. Ha cominciato come tutti gli altri governi: con un attacco in negativo nei confronti dei pubblici dipendenti. <b>Ripetiamo il solito clich\u00e8, che sono tutti cattivi. Dov&#8217;\u00e8 il cambiamento?<\/b> &#8211; commenta il segretario confederale Uil, Antonio Foccillo &#8211; &#8220;Che ci sia un&#8217;esigenza di intervenire per ridurre le cause che creano inefficienza \u00e8 vero ma \u00e8 ormai talmente marginale il comportamento negativo dei dipendenti pubblici che sarebbe pi\u00f9 importante valorizzare il restante 99%, quello sano. Non so come vengano fuori sempre gli stessi argomenti per ogni ministro che debutti: forse c&#8217;\u00e8 qualcuno che li suggerisce o preferiscono fare audience&#8221;, prosegue.<\/p>\n<p style=\"text-align: justify;\"><b>CISL<\/b> &#8211; Pi\u00f9 cauto, invece, il segretario generale Cisl Fp, Maurizio Petriccioli. &#8220;Come Cisl FP <b>siamo pronti ad aprire un negoziato con il Ministro Bongiorno<\/b> per aprire un tavolo di confronto con il Governo e avviare davvero quel &#8216;cambiamento&#8217; auspicato con il voto del 4 marzo&#8221;, spiega Petriccioli in una nota. &#8220;Nonostante la lunga digressione sui cosiddetti &#8216;furbetti&#8217; della Pa &#8211; prosegue &#8211; siamo sicuri che la risoluzione dei problemi di un settore da 3,2 milioni di lavoratrici e lavoratori, per il Ministro <b>non si riduca all&#8217;intento, pur meritevole, di perseguire un&#8217;esigua minoranza di persone<\/b> che non fa il proprio dovere. Come Cisl FP auspichiamo che al centro dell\u2019agenda del Ministro vi siano, in primo luogo, i problemi che gli operatori affrontano ogni giorno nell&#8217;erogazione di importanti servizi pubblici ai cittadini e alle imprese&#8221;.<\/p>\n<p style=\"text-align: justify;\"><strong>Fonte<\/strong>:<a href=\"http:\/\/www.adnkronos.com\/soldi\/economia\/2018\/06\/25\/impronte-agli-statali-polemica_0qNfvTvVqmvRACBJppeiVP.html\">http:\/\/www.adnkronos.com\/soldi\/economia\/2018\/06\/25\/impronte-agli-statali-polemica_0qNfvTvVqmvRACBJppeiVP.html<\/a><\/p>\n","protected":false},"excerpt":{"rendered":"<p>di ADNKRONOS &#8220;Ministro o Sceriffo?&#8221;. &#8220;Se la filosofia sar\u00e0 solo accanimento nei confronti dei lavoratori siamo ad un ritorno all&#8217;antico, tutto gi\u00e0 visto e fallito&#8221;. &#8220;Ripetiamo il solito clich\u00e9, che sono tutti cattivi. Dov&#8217;\u00e8 il cambiamento?&#8221;. Sindacati sul piede di guerra per le nuove misure contro i furbetti del cartellino\u00a0annunciate dal neo ministro della Funzione pubblica, Giulia Bongiorno. L&#8217;assenteismo nella Pubblica amministrazione &#8220;\u00e8 un fenomeno odioso&#8221; e &#8220;credo si debba anche prevenire&#8221;, ha spiegato Bongiorno&#46;&#46;&#46;<\/p>\n","protected":false},"author":77,"featured_media":37517,"comment_status":"open","ping_status":"open","sticky":false,"template":"","format":"standard","meta":{"jetpack_post_was_ever_published":false,"_jetpack_newsletter_access":"","_jetpack_dont_email_post_to_subs":false,"_jetpack_newsletter_tier_id":0,"_jetpack_memberships_contains_paywalled_content":false,"_jetpack_memberships_contains_paid_content":false,"footnotes":"","jetpack_publicize_message":"","jetpack_publicize_feature_enabled":true,"jetpack_social_post_already_shared":true,"jetpack_social_options":{"image_generator_settings":{"template":"highway","enabled":false},"version":2}},"categories":[32],"tags":[],"jetpack_publicize_connections":[],"jetpack_featured_media_url":"https:\/\/appelloalpopolo.it\/wp-content\/uploads\/2018\/01\/Adnkronos.png","jetpack_sharing_enabled":true,"jetpack_shortlink":"https:\/\/wp.me\/p7ZaJ4-biP","_links":{"self":[{"href":"https:\/\/appelloalpopolo.it\/index.php?rest_route=\/wp\/v2\/posts\/43451"}],"collection":[{"href":"https:\/\/appelloalpopolo.it\/index.php?rest_route=\/wp\/v2\/posts"}],"about":[{"href":"https:\/\/appelloalpopolo.it\/index.php?rest_route=\/wp\/v2\/types\/post"}],"author":[{"embeddable":true,"href":"https:\/\/appelloalpopolo.it\/index.php?rest_route=\/wp\/v2\/users\/77"}],"replies":[{"embeddable":true,"href":"https:\/\/appelloalpopolo.it\/index.php?rest_route=%2Fwp%2Fv2%2Fcomments&post=43451"}],"version-history":[{"count":2,"href":"https:\/\/appelloalpopolo.it\/index.php?rest_route=\/wp\/v2\/posts\/43451\/revisions"}],"predecessor-version":[{"id":43468,"href":"https:\/\/appelloalpopolo.it\/index.php?rest_route=\/wp\/v2\/posts\/43451\/revisions\/43468"}],"wp:featuredmedia":[{"embeddable":true,"href":"https:\/\/appelloalpopolo.it\/index.php?rest_route=\/wp\/v2\/media\/37517"}],"wp:attachment":[{"href":"https:\/\/appelloalpopolo.it\/index.php?rest_route=%2Fwp%2Fv2%2Fmedia&parent=43451"}],"wp:term":[{"taxonomy":"category","embeddable":true,"href":"https:\/\/appelloalpopolo.it\/index.php?rest_route=%2Fwp%2Fv2%2Fcategories&post=43451"},{"taxonomy":"post_tag","embeddable":true,"href":"https:\/\/appelloalpopolo.it\/index.php?rest_route=%2Fwp%2Fv2%2Ftags&post=43451"}],"curies":[{"name":"wp","href":"https:\/\/api.w.org\/{rel}","templated":true}]}}