{"id":44218,"date":"2018-09-04T16:38:31","date_gmt":"2018-09-04T14:38:31","guid":{"rendered":"http:\/\/appelloalpopolo.it\/?p=44218"},"modified":"2018-09-04T16:41:05","modified_gmt":"2018-09-04T14:41:05","slug":"i-mercati-ai-tempi-della-prima-repubblica","status":"publish","type":"post","link":"https:\/\/appelloalpopolo.it\/?p=44218","title":{"rendered":"I mercati ai tempi della (Prima) Repubblica"},"content":{"rendered":"<p style=\"text-align: justify;\">di <strong>STEFANO ROSATI (FSI Rieti)<\/strong><\/p>\n<p style=\"text-align: justify;\">Il pensiero politico degli ultimi trent\u2019anni \u00e8 profondamente nichilista: il modo \u00e8 cambiato, le cose sono cambiate, non spetta alla politica cambiare le \u2018cose\u2019, che sono ormai \u2018cambiate\u2019.<br \/>\nE comunque lo Stato \u00e8 impotente, non ha i mezzi per cambiarle, le cose.<br \/>\n\u00c8\u00a0un dato di fatto. Irreversibile. Ineluttabile. Incontestabile.<\/p>\n<div>\n<p style=\"text-align: justify;\">La politica \u00e8 sostituita dalla religione. Una teologia della sottomissione; se le cose non si possono cambiare si \u00e8 sottomessi alle stesse.<\/p>\n<p style=\"text-align: justify;\">L\u2019ultima trovata \u00e8 la consustanziazione: \u201ci mercati siamo noi\u201d. Combatteremmo contro noi stessi se volessimo combattere i mercati.<\/p>\n<p style=\"text-align: justify;\">Si parla di democrazia governante, di democrazia decidente (slogan dei riformisti del PD), ma poi si dice continuamente che la politica non deve turbare i mercati, deve assecondarli, non scontentarli.<\/p>\n<p style=\"text-align: justify;\">Una democrazia addomesticata. Che deve solo eseguire decisioni altrui, prese altrove.<\/p>\n<p style=\"text-align: justify;\">La democrazie decidente \u00e8 un simulacro che vorrebbe nascondere questa evidente verit\u00e0: la sovranit\u00e0 \u00e8 altrove, esercitata da alcuni.<br \/>\nNemmeno da pochi, da alcuni.<\/p>\n<p style=\"text-align: justify;\">Ci accontenteremmo di una democrazia \u2018decente\u2019, ma siamo assuefatti al presente. E riteniamo il passato il contrario di progresso.<\/p>\n<p style=\"text-align: justify;\">Durante la Prima Repubblica per contrastare il contrabbando di sigarette fu vietata la commercializzazione dei marchi pi\u00f9 contrabbandati (MALBORO, Philip Morris e Merit, tutti facenti capo al colosso americano Philip Morris), il Governo italiano adott\u00f2 un decreto (n. 205 del 1991) che prevedeva la sospensione per tre mesi della vendita delle marche di sigarette delle quali erano stati sequestrati quantitativi superiori a una certa soglia. In caso di recidiva, poteva essere disposta \u201cla radiazione dalla tariffa di vendita\u201d; cio\u00e8 era possibile vietare l\u2019accesso al mercato nazionale delle loro sigarette. A tempo indeterminato.<\/p>\n<p style=\"text-align: justify;\"><a href=\"http:\/\/ricerca.repubblica.it\/repubblica\/archivio\/repubblica\/1991\/09\/03\/formica-sfida-le-multinazionali-basta-con.html\" target=\"_blank\" rel=\"noopener\"><strong>Secondo il Ministro Formica<\/strong><\/a> che aveva spinto per questo provvedimento, infatti, il contrabbando &#8220;ha origini precise, non \u00e8 fatto senza il consenso attivo delle multinazionali&#8221; e &#8220;la Philip Morris deve smettere di credere che questo sia il paese degli allocchi&#8221;.<\/p>\n<p style=\"text-align: justify;\">La Philipp Morris si impegn\u00f2 a collaborare nell\u2019identificazione dei grossisti a rischio di contrabbando e il decreto venne, quindi, revocato.<\/p>\n<p style=\"text-align: justify;\"><strong>Lo Stato pu\u00f2 realizzare i suoi fini<\/strong>, ha gli strumenti per attuare le proprie decisioni.<br \/>\nLo Stato impotente \u00e8 una scelta politica (rendere lo Stato impotente \u00e8 una scelta politica). <strong>Lo Stato arreso ai mercati \u00e8 una scelta politica<\/strong>.<\/p>\n<p style=\"text-align: justify;\">Il Governo propose addirittura di assorbire i lavoratori del \u2018comparto\u2019 nella pubblica amministrazione (circa 20-25 mila lavoratori) \u2013 scelta pi\u00f9 o meno discutibile da un punto di vista etico, della quale non si fece niente soprattutto per il rifiuto dei contrabbandieri (che avrebbero guadagnato molto meno), ma d\u00e0 l\u2019idea di una politica autonoma e coraggiosa.<\/p>\n<p style=\"text-align: justify;\">Ma erano uomini d\u2019altri tempi.<\/p>\n<\/div>\n","protected":false},"excerpt":{"rendered":"<p>di STEFANO ROSATI (FSI Rieti) Il pensiero politico degli ultimi trent\u2019anni \u00e8 profondamente nichilista: il modo \u00e8 cambiato, le cose sono cambiate, non spetta alla politica cambiare le \u2018cose\u2019, che sono ormai \u2018cambiate\u2019. E comunque lo Stato \u00e8 impotente, non ha i mezzi per cambiarle, le cose. \u00c8\u00a0un dato di fatto. Irreversibile. Ineluttabile. Incontestabile. La politica \u00e8 sostituita dalla religione. Una teologia della sottomissione; se le cose non si possono cambiare si \u00e8 sottomessi alle&#46;&#46;&#46;<\/p>\n","protected":false},"author":15,"featured_media":44221,"comment_status":"open","ping_status":"open","sticky":false,"template":"","format":"standard","meta":{"jetpack_post_was_ever_published":false,"_jetpack_newsletter_access":"","_jetpack_dont_email_post_to_subs":false,"_jetpack_newsletter_tier_id":0,"_jetpack_memberships_contains_paywalled_content":false,"_jetpack_memberships_contains_paid_content":false,"footnotes":"","jetpack_publicize_message":"","jetpack_publicize_feature_enabled":true,"jetpack_social_post_already_shared":true,"jetpack_social_options":{"image_generator_settings":{"template":"highway","enabled":false},"version":2}},"categories":[2100,6],"tags":[729,3532,46,47,288,5922,22,54,82,5320],"jetpack_publicize_connections":[],"jetpack_featured_media_url":"https:\/\/appelloalpopolo.it\/wp-content\/uploads\/2018\/09\/sss.jpg","jetpack_sharing_enabled":true,"jetpack_shortlink":"https:\/\/wp.me\/p7ZaJ4-bvc","_links":{"self":[{"href":"https:\/\/appelloalpopolo.it\/index.php?rest_route=\/wp\/v2\/posts\/44218"}],"collection":[{"href":"https:\/\/appelloalpopolo.it\/index.php?rest_route=\/wp\/v2\/posts"}],"about":[{"href":"https:\/\/appelloalpopolo.it\/index.php?rest_route=\/wp\/v2\/types\/post"}],"author":[{"embeddable":true,"href":"https:\/\/appelloalpopolo.it\/index.php?rest_route=\/wp\/v2\/users\/15"}],"replies":[{"embeddable":true,"href":"https:\/\/appelloalpopolo.it\/index.php?rest_route=%2Fwp%2Fv2%2Fcomments&post=44218"}],"version-history":[{"count":1,"href":"https:\/\/appelloalpopolo.it\/index.php?rest_route=\/wp\/v2\/posts\/44218\/revisions"}],"predecessor-version":[{"id":44220,"href":"https:\/\/appelloalpopolo.it\/index.php?rest_route=\/wp\/v2\/posts\/44218\/revisions\/44220"}],"wp:featuredmedia":[{"embeddable":true,"href":"https:\/\/appelloalpopolo.it\/index.php?rest_route=\/wp\/v2\/media\/44221"}],"wp:attachment":[{"href":"https:\/\/appelloalpopolo.it\/index.php?rest_route=%2Fwp%2Fv2%2Fmedia&parent=44218"}],"wp:term":[{"taxonomy":"category","embeddable":true,"href":"https:\/\/appelloalpopolo.it\/index.php?rest_route=%2Fwp%2Fv2%2Fcategories&post=44218"},{"taxonomy":"post_tag","embeddable":true,"href":"https:\/\/appelloalpopolo.it\/index.php?rest_route=%2Fwp%2Fv2%2Ftags&post=44218"}],"curies":[{"name":"wp","href":"https:\/\/api.w.org\/{rel}","templated":true}]}}