{"id":46297,"date":"2018-11-27T10:45:39","date_gmt":"2018-11-27T09:45:39","guid":{"rendered":"http:\/\/appelloalpopolo.it\/?p=46297"},"modified":"2018-11-27T07:45:45","modified_gmt":"2018-11-27T06:45:45","slug":"laccademia-della-crusca-su-termovalorizzatore","status":"publish","type":"post","link":"https:\/\/appelloalpopolo.it\/?p=46297","title":{"rendered":"L\u2019Accademia della Crusca su \u201ctermovalorizzatore\u201d"},"content":{"rendered":"<p><strong>di RIVISTAMICRON (Redazione Consulenza Linguistica Accademia della Crusca)<\/strong><\/p>\n<p>&nbsp;<\/p>\n<p style=\"text-align: justify\">Tra i temi al centro del dibattito negli ultimi giorni c\u2019\u00e8 quello dello smaltimento dei rifiuti. La discussione \u00e8 incentrata sull\u2019utilizzo degli inceneritori. Qualche anno fa l\u2019Accademia della Crusca spiegava gi\u00e0 perch\u00e9\u00a0non si pu\u00f2 accettare il termine \u201ctermovalorizzatore\u201d.<\/p>\n<p style=\"text-align: justify\">[..]<\/p>\n<p style=\"text-align: justify\">\u201cIl termine termovalorizzatore \u00e8 relativamente recente e, anche se le datazioni riportate dai vocabolari non sono perfettamente in linea tra loro, possiamo collocarne la diffusione tra il 1999 e il 2000; la coniazione potrebbe precedere di poco. La parola \u00e8 registrata nei Neologismi quotidiani di Giovanni Adamo e Valeria Della Valle con attestazione dal quotidiano \u00abLa Stampa\u00bb del 2001 (la stessa datazione \u00e8 riportata nel Devoto Oli 2007), mentre il GRADIT, Grande Dizionario Italiano dell\u2019Uso di De Mauro (nel volume di aggiornamenti del 2003) anticipa la datazione al 1999 sempre con un riferimento allo stesso quotidiano; una significativa anticipazione al 1988 \u00e8 invece registrata nel Sabatini Coletti 2008 in cui per\u00f2 non \u00e8 riportata la fonte. Poich\u00e9 si tratta di un termine relativo a una materia regolamentata da direttive europee, alle quali poi si rifanno le normative dei singoli Stati, si potrebbe pensare a un suo primo utilizzo proprio nei testi legislativi, ma in realt\u00e0 n!<br \/>\nelle direttive europee sull\u2019incenerimento dei rifiuti uscite tra il 1999 e il 2000 (la DE 1999\/31\/CE e la DE 2000\/76\/CE) si parla ancora soltanto di inceneritori.<br \/>\nDate queste premesse, \u00e8 probabile che, come spesso accade per le nuove parole, anche termovalorizzatore sia stata creata in ambito industriale e diffusa per via mediatica: in realt\u00e0 si tratta, dal punto di vista morfologico, di una parola ben formata con un prefissoide (termo- \u2018calore\u2019) altamente produttivo (come ad esempio in termoconvettore, termoregolatore, termosifone) e dal nome d\u2019agente valorizzatore, a sua volta formato sulla base del verbo valorizzare con il suffisso -tore (quindi \u2018colui o ci\u00f2 che valorizza\u2019).<br \/>\nQuesta neoformazione solleva maggiori problemi a livello semantico: \u00e8 nata infatti per indicare nuovi impianti di smaltimento dei rifiuti che si fondano su criteri e utilizzano tecnologie in parte diverse rispetto a quelle dei tradizionali inceneritori, ma che non eliminano il processo della combustione dei rifiuti, con tutte le conseguenze che questo comporta sul piano dell\u2019impatto ambientale. Le definizioni riportate dai vocabolari risultano infatti abbastanza opache se le confrontiamo con le discussioni e, in alcuni casi, le aspre polemiche che la realizzazione e la collocazione di questi impianti ha sollevato nell\u2019opinione pubblica. Le definizioni, tutte pressoch\u00e9 analoghe, sono del tipo \u2018moderno tipo di inceneritore in grado di trasformare determinati rifiuti in fonti energetiche alternative\u2019 (GRADIT, 2003) oppure \u2018impianto per l\u2019eliminazione e il riciclaggio dei rifiuti solidi urbani mediante combustione e successivo sfruttamento dell\u2019energia termica prodotta\u2019 (Neologismi quotidiani). Si tratta in realt\u00e0 di impianti di incenerimento in cui i rifiuti vengono smaltiti mediante un processo di combustione ad alta temperatura che produce ceneri, polveri e gas come quelli preesistenti, con la differenza che il calore prodotto viene recuperato e utilizzato per produrre vapore e quindi energia elettrica.<br \/>\nStando cos\u00ec le cose, una denominazione pi\u00f9 esaustiva e meno ambigua dovrebbe essere quella di inceneritore con termovalorizzazione (ha circolato inceneritore con recupero energetico, che non ha avuto molta fortuna), ma \u00e8 certamente scattata, a questo punto, la ricerca di brevit\u00e0, propria del linguaggio tecnologico, e ne \u00e8 derivata la semplificazione, che ha anche spostato il maggior carico semantico nel nome di agente dato alla parte dell\u2019impianto che crea valore con la combustione dei rifiuti. Che poi questo spostamento semantico venga anche appoggiato dall\u2019intenzione, da parte di produttori degli impianti e di amministratori, di allontanare nell\u2019opinione pubblica l\u2019idea della pericolosit\u00e0 ambientale e sottolineare il richiamo al valore dell\u2019energia prodotta, \u00e8 questione che va oltre le competenze del linguista\u201d.<\/p>\n<p>&nbsp;<\/p>\n<p><strong>Fonte: <\/strong><a href=\"https:\/\/www.rivistamicron.it\/notizie\/laccademia-della-crusca-su-termovalorizzatore\/\">https:\/\/www.rivistamicron.it\/notizie\/laccademia-della-crusca-su-termovalorizzatore\/<\/a><\/p>\n","protected":false},"excerpt":{"rendered":"<p>di RIVISTAMICRON (Redazione Consulenza Linguistica Accademia della Crusca) &nbsp; Tra i temi al centro del dibattito negli ultimi giorni c\u2019\u00e8 quello dello smaltimento dei rifiuti. La discussione \u00e8 incentrata sull\u2019utilizzo degli inceneritori. Qualche anno fa l\u2019Accademia della Crusca spiegava gi\u00e0 perch\u00e9\u00a0non si pu\u00f2 accettare il termine \u201ctermovalorizzatore\u201d. [..] \u201cIl termine termovalorizzatore \u00e8 relativamente recente e, anche se le datazioni riportate dai vocabolari non sono perfettamente in linea tra loro, possiamo collocarne la diffusione tra il&#46;&#46;&#46;<\/p>\n","protected":false},"author":89,"featured_media":46300,"comment_status":"open","ping_status":"open","sticky":false,"template":"","format":"standard","meta":{"jetpack_post_was_ever_published":false,"_jetpack_newsletter_access":"","_jetpack_dont_email_post_to_subs":false,"_jetpack_newsletter_tier_id":0,"_jetpack_memberships_contains_paywalled_content":false,"_jetpack_memberships_contains_paid_content":false,"footnotes":"","jetpack_publicize_message":"","jetpack_publicize_feature_enabled":true,"jetpack_social_post_already_shared":true,"jetpack_social_options":{"image_generator_settings":{"template":"highway","enabled":false},"version":2}},"categories":[32],"tags":[],"jetpack_publicize_connections":[],"jetpack_featured_media_url":"https:\/\/appelloalpopolo.it\/wp-content\/uploads\/2018\/11\/ufbQO-PN_400x4001.jpg","jetpack_sharing_enabled":true,"jetpack_shortlink":"https:\/\/wp.me\/p7ZaJ4-c2J","_links":{"self":[{"href":"https:\/\/appelloalpopolo.it\/index.php?rest_route=\/wp\/v2\/posts\/46297"}],"collection":[{"href":"https:\/\/appelloalpopolo.it\/index.php?rest_route=\/wp\/v2\/posts"}],"about":[{"href":"https:\/\/appelloalpopolo.it\/index.php?rest_route=\/wp\/v2\/types\/post"}],"author":[{"embeddable":true,"href":"https:\/\/appelloalpopolo.it\/index.php?rest_route=\/wp\/v2\/users\/89"}],"replies":[{"embeddable":true,"href":"https:\/\/appelloalpopolo.it\/index.php?rest_route=%2Fwp%2Fv2%2Fcomments&post=46297"}],"version-history":[{"count":1,"href":"https:\/\/appelloalpopolo.it\/index.php?rest_route=\/wp\/v2\/posts\/46297\/revisions"}],"predecessor-version":[{"id":46298,"href":"https:\/\/appelloalpopolo.it\/index.php?rest_route=\/wp\/v2\/posts\/46297\/revisions\/46298"}],"wp:featuredmedia":[{"embeddable":true,"href":"https:\/\/appelloalpopolo.it\/index.php?rest_route=\/wp\/v2\/media\/46300"}],"wp:attachment":[{"href":"https:\/\/appelloalpopolo.it\/index.php?rest_route=%2Fwp%2Fv2%2Fmedia&parent=46297"}],"wp:term":[{"taxonomy":"category","embeddable":true,"href":"https:\/\/appelloalpopolo.it\/index.php?rest_route=%2Fwp%2Fv2%2Fcategories&post=46297"},{"taxonomy":"post_tag","embeddable":true,"href":"https:\/\/appelloalpopolo.it\/index.php?rest_route=%2Fwp%2Fv2%2Ftags&post=46297"}],"curies":[{"name":"wp","href":"https:\/\/api.w.org\/{rel}","templated":true}]}}