{"id":46569,"date":"2018-12-05T09:00:15","date_gmt":"2018-12-05T08:00:15","guid":{"rendered":"http:\/\/appelloalpopolo.it\/?p=46569"},"modified":"2018-12-05T08:33:52","modified_gmt":"2018-12-05T07:33:52","slug":"salvini-e-twitter-quando-la-prudenza-e-dobbligo","status":"publish","type":"post","link":"https:\/\/appelloalpopolo.it\/?p=46569","title":{"rendered":"Salvini e Twitter, quando la prudenza \u00e8 d\u2019obbligo"},"content":{"rendered":"<p>di <strong>FORMICHE (Stefano Vespa)<\/strong><\/p>\n<p><img decoding=\"async\" src=\"https:\/\/formiche.net\/timthumb.php?src=https%3A%2F%2Fformiche.net%2Ffiles%2F2018%2F12%2FImagoeconomica_1163117.jpg&amp;h=580&amp;w=950&amp;a=c&amp;bid=10051&amp;zc=1\" alt=\"Salvini e Twitter, quando la prudenza \u00c3\u00a8 d\u00e2\u0080\u0099obbligo\" \/><\/p>\n<header class=\"entry-header aa\">\n<div id=\"ec-excerpt\" style=\"text-align: justify;\"><em><strong><span style=\"font-size: 14pt;\">Il botta e risposta tra Matteo Salvini e Armando Spataro e la domanda che sorge spontanea: cosa cambierebbe se il ministro dell&#8217;Interno scrivesse un tweet solo dopo il via libera del pm titolare del caso? Arriverebbe sempre prima del comunicato stampa di Polizia e i suoi elettori inneggerebbero lo stesso. Il commento di Stefano Vespa<\/span><\/strong><\/em><\/div>\n<\/header>\n<div><\/div>\n<div>&#8211;<\/div>\n<div class=\"entry-content\">\n<div id=\"entry-content-wrapper\">\n<div id=\"ec-content\">\n<p style=\"text-align: justify;\">Prima o poi doveva accadere ed \u00e8 accaduto tra due caratteri fumantini come quelli del procuratore di Torino,<strong>\u00a0Armando Spataro<\/strong>, e del ministro dell\u2019Interno,\u00a0<strong>Matteo Salvini<\/strong>. Nelle prime ore del mattino nel torinese \u00e8 scattata un\u2019operazione della Polizia per eseguire una quindicina di arresti di nigeriani per un\u2019associazione a delinquere di stampo mafioso e poco dopo Salvini con un tweet ha omaggiato le forze dell\u2019ordine, con riferimento anche agli arresti siciliani operati dai Carabinieri contro la nuova cupola di Cosa nostra. Stavolta, per\u00f2, il procuratore di Torino ha replicato con una nota contestando al ministro la diffusione della notizia a operazione in corso con \u201crischi di danni al buon esito\u201d.<\/p>\n<p style=\"text-align: justify;\">Spataro ha ricordato che nel circondario di Torino la prassi seguita prevede un coordinamento con la polizia giudiziaria prima della diffusione della notizia e si augura che \u201cper il futuro\u201d Salvini eviti analoghe iniziative \u201crispettando le prerogative dei titolari dell\u2019azione penale in ordine alla diffusione delle relative notizie\u201d. La replica non si \u00e8 fatta attendere: \u201cSe il procuratore capo a Torino \u00e8 stanco, si ritiri dal lavoro: a Spataro auguro un futuro serenissimo da pensionato. Se il capo della Polizia mi scrive alle 7.22 informandomi di operazioni contro mafia e criminalit\u00e0 organizzata, come fa regolarmente, un minuto dopo mi sento libero e onorato di ringraziare e fare i complimenti alle forze dell\u2019ordine\u201d.<\/p>\n<p style=\"text-align: justify;\">Fin qui i fatti e, mentre su Twitter si scatena una gara tra sostenitori dell\u2019uno e dell\u2019altro, l\u2019episodio fa emergere un problema che finora era nascosto o, meglio, noto solo agli addetti ai lavori. Salvini fa sempre cos\u00ec e non si rende conto che qualche volta pu\u00f2 creare problemi. Soprattutto, almeno in pubblico, non pu\u00f2 ammettere di essere in errore.<\/p>\n<p style=\"text-align: justify;\">La prassi ricordata da Spataro \u00e8 ovvia da sempre in tutta Italia ed \u00e8 gi\u00e0 successo pi\u00f9 volte che le forze dell\u2019ordine abbiano dovuto spiegare al procuratore di turno che non era la polizia giudiziaria a voler strafare quando era il ministro ad aver scritto un tweet. Che il capo della Polizia informi il titolare del Viminale di tutto ci\u00f2 che accade \u00e8 altrettanto ovvio, ma la risposta di Salvini \u00e8 parsa sopra le righe: non pu\u00f2 sentirsi libero di commentare qualcosa solo perch\u00e9 ne \u00e8 informato.<\/p>\n<p style=\"text-align: justify;\">La sua buona fede \u00e8 scontata e, visti i caratteri dei due, non poteva che finire con un botta e risposta. Resta la domanda pi\u00f9 ingenua: che cosa cambierebbe se Salvini scrivesse un tweet solo dopo il via libera del pm titolare del caso? Arriverebbe sempre prima del comunicato stampa di Polizia o Carabinieri, i suoi elettori inneggerebbero lo stesso, gli applausi alle forze dell\u2019ordine sarebbero sempre graditi. Al prossimo sms del capo della Polizia tenga ferme le dita e digiti un po\u2019 pi\u00f9 tardi. Twitter non scappa.<\/p>\n<\/div>\n<\/div>\n<\/div>\n<p>&nbsp;<\/p>\n<p><strong>Fonte:\u00a0<a href=\"https:\/\/formiche.net\/2018\/12\/salvini-twitter-spataro-polizia\/\">https:\/\/formiche.net\/2018\/12\/salvini-twitter-spataro-polizia\/<\/a><\/strong><\/p>\n","protected":false},"excerpt":{"rendered":"<p>di FORMICHE (Stefano Vespa) Il botta e risposta tra Matteo Salvini e Armando Spataro e la domanda che sorge spontanea: cosa cambierebbe se il ministro dell&#8217;Interno scrivesse un tweet solo dopo il via libera del pm titolare del caso? Arriverebbe sempre prima del comunicato stampa di Polizia e i suoi elettori inneggerebbero lo stesso. Il commento di Stefano Vespa &#8211; Prima o poi doveva accadere ed \u00e8 accaduto tra due caratteri fumantini come quelli del&#46;&#46;&#46;<\/p>\n","protected":false},"author":93,"featured_media":37176,"comment_status":"open","ping_status":"open","sticky":false,"template":"","format":"standard","meta":{"jetpack_post_was_ever_published":false,"_jetpack_newsletter_access":"","_jetpack_dont_email_post_to_subs":false,"_jetpack_newsletter_tier_id":0,"_jetpack_memberships_contains_paywalled_content":false,"_jetpack_memberships_contains_paid_content":false,"footnotes":"","jetpack_publicize_message":"","jetpack_publicize_feature_enabled":true,"jetpack_social_post_already_shared":true,"jetpack_social_options":{"image_generator_settings":{"template":"highway","enabled":false},"version":2}},"categories":[32],"tags":[],"jetpack_publicize_connections":[],"jetpack_featured_media_url":"https:\/\/appelloalpopolo.it\/wp-content\/uploads\/2017\/12\/formiche.png","jetpack_sharing_enabled":true,"jetpack_shortlink":"https:\/\/wp.me\/p7ZaJ4-c77","_links":{"self":[{"href":"https:\/\/appelloalpopolo.it\/index.php?rest_route=\/wp\/v2\/posts\/46569"}],"collection":[{"href":"https:\/\/appelloalpopolo.it\/index.php?rest_route=\/wp\/v2\/posts"}],"about":[{"href":"https:\/\/appelloalpopolo.it\/index.php?rest_route=\/wp\/v2\/types\/post"}],"author":[{"embeddable":true,"href":"https:\/\/appelloalpopolo.it\/index.php?rest_route=\/wp\/v2\/users\/93"}],"replies":[{"embeddable":true,"href":"https:\/\/appelloalpopolo.it\/index.php?rest_route=%2Fwp%2Fv2%2Fcomments&post=46569"}],"version-history":[{"count":5,"href":"https:\/\/appelloalpopolo.it\/index.php?rest_route=\/wp\/v2\/posts\/46569\/revisions"}],"predecessor-version":[{"id":46576,"href":"https:\/\/appelloalpopolo.it\/index.php?rest_route=\/wp\/v2\/posts\/46569\/revisions\/46576"}],"wp:featuredmedia":[{"embeddable":true,"href":"https:\/\/appelloalpopolo.it\/index.php?rest_route=\/wp\/v2\/media\/37176"}],"wp:attachment":[{"href":"https:\/\/appelloalpopolo.it\/index.php?rest_route=%2Fwp%2Fv2%2Fmedia&parent=46569"}],"wp:term":[{"taxonomy":"category","embeddable":true,"href":"https:\/\/appelloalpopolo.it\/index.php?rest_route=%2Fwp%2Fv2%2Fcategories&post=46569"},{"taxonomy":"post_tag","embeddable":true,"href":"https:\/\/appelloalpopolo.it\/index.php?rest_route=%2Fwp%2Fv2%2Ftags&post=46569"}],"curies":[{"name":"wp","href":"https:\/\/api.w.org\/{rel}","templated":true}]}}