{"id":46628,"date":"2018-12-06T10:30:22","date_gmt":"2018-12-06T09:30:22","guid":{"rendered":"http:\/\/appelloalpopolo.it\/?p=46628"},"modified":"2018-12-06T10:04:38","modified_gmt":"2018-12-06T09:04:38","slug":"quelle-incertezze-dellitalia-tra-legitto-e-larabia-saudita","status":"publish","type":"post","link":"https:\/\/appelloalpopolo.it\/?p=46628","title":{"rendered":"Quelle incertezze dell\u2019Italia tra l\u2019Egitto e l\u2019Arabia Saudita"},"content":{"rendered":"<p>di <strong>GLI OCCHI DELLA GUERRA (Andrea Muratore)<\/strong><\/p>\n<p>&nbsp;<\/p>\n<p><img decoding=\"async\" class=\"attachment-large size-large wp-post-image\" src=\"http:\/\/www.occhidellaguerra.it\/wp-content\/uploads\/2018\/12\/Giuseppe-Conte-e1543918509240-1918x1080.jpg\" sizes=\"(max-width: 1140px) 100vw, 1140px\" srcset=\"http:\/\/www.occhidellaguerra.it\/wp-content\/uploads\/2018\/12\/Giuseppe-Conte-e1543918509240-300x169.jpg 300w, http:\/\/www.occhidellaguerra.it\/wp-content\/uploads\/2018\/12\/Giuseppe-Conte-e1543918509240-768x432.jpg 768w, http:\/\/www.occhidellaguerra.it\/wp-content\/uploads\/2018\/12\/Giuseppe-Conte-e1543918509240-1918x1080.jpg 1918w, http:\/\/www.occhidellaguerra.it\/wp-content\/uploads\/2018\/12\/Giuseppe-Conte-e1543918509240-200x113.jpg 200w, http:\/\/www.occhidellaguerra.it\/wp-content\/uploads\/2018\/12\/Giuseppe-Conte-e1543918509240-1129x636.jpg 1129w, http:\/\/www.occhidellaguerra.it\/wp-content\/uploads\/2018\/12\/Giuseppe-Conte-e1543918509240-636x358.jpg 636w\" alt=\"Il presidente del Consiglio italiano, Giuseppe Conte (LaPresse)\" \/><\/p>\n<p style=\"text-align: justify;\">L\u2019approccio del governo Conte al Mediterraneo e al Medio Oriente \u00e8 destinato a conoscere nelle prossime settimane delle <span id=\"more-63662\"><\/span>sfide chiave, dovendo misurarsi con il nodo delle relazioni con l\u2019<strong>Egitto<\/strong> e l\u2019<strong>Arabia Saudita<\/strong>.<\/p>\n<p style=\"text-align: justify;\">Con i due Paesi arabi, infatti, sono sorti nelle ultime settimane diversi motivi di contenzioso. Tra Roma e Il Cairo continua a pesare fortemente il caso dell\u2019omicidio di Giulio Regeni.\u00a0Il Parlamento egiziano ha espresso \u2013 in una nota \u2013 \u201cgrande sorpresa e rammarico\u201d per la \u201cscelta ingiustificata\u201d del Presidente della Camera dei deputati, <strong>Roberto Fico<\/strong>, di interrompere le relazioni con l\u2019Egitto a causa delle accuse di \u201cscarsa collaborazione\u201d nella ricerca della verit\u00e0.<\/p>\n<p style=\"text-align: justify;\">\u201cUna scelta ingiustificata ancora di pi\u00f9 se si considera che arriva dopo l\u2019incontro tra le magistrature dei due Paesi, in cui \u00e8 stata confermare la collaborazione sul caso\u201d. I deputati egiziani sottolineano che \u201cle indagini procedono in modo costruttivo, cos\u00ec come la collaborazione tra i due Paesi\u201d, <a href=\"http:\/\/www.rainews.it\/dl\/rainews\/articoli\/Regeni-Fico-interropme-le-relazioni-con-Il-Cairo-parlamento-Egitto-replica-scelta-ingiustificata-6add7cf3-db01-421a-9e79-c09c993af3ad.html?refresh_ce\" target=\"_blank\" rel=\"noopener\">scrive\u00a0<em>Rai News,\u00a0<\/em>e che la mossa di Fico rischia di essere un boomerang per i rapporti tra i due Paesi.<\/a><\/p>\n<p style=\"text-align: justify;\">Un Paese pu\u00f2 avere<a href=\"https:\/\/formiche.net\/2018\/11\/fico-regeni-politica-estera\/\" target=\"_blank\" rel=\"noopener\"> una e una sola politica estera<\/a>, ed \u00e8 compito del governo dettarne l\u2019indirizzo ma, come vedremo, la mossa di Fico ha rappresentato una fuga in avanti non indifferente. Nel governo Conte agita le acque anche la questione saudita: i Cinque Stelle\u00a0presentare marted\u00ec prossimo alla Commissione Affari Esteri della Camera una risoluzione sulla guerra in Yemen che chiede un embargo europeo contro l\u2019Arabia Saudita e i Paesi della coalizione. Una posizione che da mesi trova il favore del Partito democratico e in Commissione pu\u00f2 dar vita a un\u2019inedita maggioranza Pd-M5S contro la Lega, che complice anche il riavvicinamento israelo-saudita non vuole tagliare la faccia all\u2019alleato del Golfo (<a href=\"http:\/\/www.repubblica.it\/rubriche\/spycalcio\/2018\/11\/13\/news\/salvini_il_calcio_ha_una_funzione_sociale_il_coni_ci_metta_piu_soldi_-211551059\/\" target=\"_blank\" rel=\"noopener\">esprimendosi addirittura a favore dello svolgimento in Arabia Saudita della Supercoppa italiana di calcio<\/a>).<\/p>\n<h2 style=\"text-align: justify;\">La relazione a tutto campo tra Italia e Egitto<\/h2>\n<p style=\"text-align: justify;\">Nei mesi scorsi l\u2019Egitto \u00e8 <a href=\"http:\/\/www.occhidellaguerra.it\/di-maio-segue-salvini-e-moavero-legitto-al-centro-della-strategia-mediterranea-dellitalia\/\">stato centrale nella strategia diplomatica italiana<\/a> nel Mediterraneo: Matteo Salvini, Enzo Moavero Milanesi e Luigi Di Maio si sono recati in visita nel Paese, mentre in seguito Giuseppe Conte ha ricevuto una sponda di grande valore <a href=\"http:\/\/www.occhidellaguerra.it\/il-pragmatismo-del-generale-al-sisi-e-il-ruolo-dellegitto\/\">dal presidente al-Sisi<\/a>, che ha presenziato alla conferenza di Palermo sulla Libia.<\/p>\n<p style=\"text-align: justify;\">La verit\u00e0 sul caso Regeni rappresenta un obiettivo imprescindibile per il nostro Paese, ma essa potr\u00e0 essere ottenuta solo nel contesto di una piena sintonia diplomatica con Il Cairo, e non a seguito di rotture unilaterali. Perch\u00e9 le relazioni italo-egiziane, inoltre, coprono uno spettro ben pi\u00f9 ampio e includono, tra le altre cose, un interscambio da 3 miliardi di dollari.<\/p>\n<p style=\"text-align: justify;\">\u201cL\u2019Italia non pu\u00f2 realmente sospendere le relazioni con l\u2019Egitto, perch\u00e9 in questo momento i nostri interessi comuni sono piuttosto sovrapposti. C\u2019\u00e8 per esempio l\u2019Eni che opera sui pozzi egiziani nel Mediterraneo orientale,\u00a0o ancora la Libia: noi ci stiamo muovendo piano piano, senza mai mollare i progetti onusiani, verso il generale dell\u2019Est libico <strong>Khalifa Haftar<\/strong>, che \u00e8 un uomo dell\u2019Egitto\u201d, <a href=\"https:\/\/formiche.net\/2018\/12\/perche-non-romperemo-con-legitto-ma-con-larabia-saudita-parla-il-generale-arpino\/?fbclid=IwAR32vJoY3GXVk2yOMEX7Dz7x0VfK02qcza0xKc1EuXy8QjXm2mPAONY9vpA\" target=\"_blank\" rel=\"noopener\">ha spiegato a\u00a0<em>Formiche\u00a0<\/em><\/a>l\u2019ex Capo di Stato Maggiore Mario Arpino. I dossier sul terreno sono numerosi, e in questo contesto Eni ha un ruolo fondamentale: basti pensare alle prospettive che apre all\u2019Italia <a href=\"http:\/\/www.occhidellaguerra.it\/quella-partita-sul-gas-nel-mediterraneo-orientale-coinvolge-anche-litalia\/\" target=\"_blank\" rel=\"noopener\">la scoperta del megagiacimento di gas<\/a> offshore Zohr.<\/p>\n<p style=\"text-align: justify;\">E ad Arpino fa eco il <a href=\"https:\/\/formiche.net\/2018\/12\/non-si-gioca-con-politica-estera-jean\/?fbclid=IwAR3s935KRina9uuAsF449M_x7g3N7bLYZdBpdAnsym8e6tLyJIbvMpy4gqw\" target=\"_blank\" rel=\"noopener\">collega generale Carlo Jean<\/a>, che individua con precisione l\u2019attore che pi\u00f9 potrebbe sfruttare le incertezze italiane: \u201c\u201cDobbiamo ricordarci che\u00a0queste debolezze creano dei vuoti, e ogni volta che creiamo dei vuoti nel Mediterraneo, la Francia, alleata, amica e concorrente spietata, cerca di occuparli\u201d.<\/p>\n<h2 style=\"text-align: justify;\">Il braccio di ferro nella maggioranza sulle relazioni coi sauditi<\/h2>\n<p style=\"text-align: justify;\">Alla questione dei rapporti con l\u2019Egitto si sovrappone quella delle relazioni italo-saudite. Arpino avverte che non si pu\u00f2 giocare contemporaneamente contro Il Cairo e Riad per precise ragioni geopolitiche: \u201cL\u2019Egitto \u00e8 un paese che ha problemi con l\u2019Arabia Saudita in questo momento. Il Cairo compete con Riad per diventare il principale polo d\u2019attrazione per il mondo arabo, e forse cerca sponde: se l\u2019Italia\u00a0dovesse decidere\u00a0pubblicamente sull\u2019interruzione\u00a0delle forniture militari ai sauditi, allora gli egiziani avrebbe quella sponda contro il regno del Golfo\u201d.<\/p>\n<p style=\"text-align: justify;\">Una prospettiva per ora non realizzabile a causa delle tensioni italo-egiziane, ma che apre a una chiave di lettura interessante: ogni scostamento da Riad per motivazioni di etica politica dovr\u00e0 trovare un bilanciamento geopolitico per risultare sostenibile sul lungo periodo. Una media potenza come l\u2019Italia deve pesare attentamente tutte le variabili. Bettino Craxi, ad esempio, nel 1985 non ebbe remore nel <a href=\"http:\/\/www.occhidellaguerra.it\/craxi-sfido-pinochet-rendendo-omaggio-ad-allende\/\" target=\"_blank\" rel=\"noopener\">denunciare davanti al Congresso di Washington i crimini della dittatura di Augusto Pinochet in Cile<\/a>, ma pot\u00e8 permettersi di farlo a causa del radicamento dell\u2019influenza italiana in America Latina e, al tempo stesso, della sintonia con gli Usa su altri dossier rilevanti.<\/p>\n<p style=\"text-align: justify;\">E toccando casa Saud l\u2019Italia si infilerebbe in un ginepraio intricato, cozzando con uno dei principali alleati degli Stati Uniti in Medio Oriente in una fase che non ha ancora visto Roma definire <a href=\"http:\/\/www.occhidellaguerra.it\/politica-adottera-governo-conte-nei-confronti-delliran\/\">la sua posizione verso l\u2019Iran<\/a>. Paradossalmente, principale ambasciatore della causa saudita in Italia \u00e8 la Lega, partito che a pi\u00f9 riprese ha definito l\u2019islam una minaccia per l\u2019Occidente ma non ha remore a definire alleato dell\u2019Italia lo Stato che pi\u00f9 di ogni altro si \u00e8 reso promotore della diffusione del radicalismo islamista nel mondo. Se questo sia frutto di un calcolo strategico o mero prodotto dell\u2019inerzia, non \u00e8 dato sapersi. Il primo, del resto, \u00e8 necessariamente legato a una lucida visione delle relazioni internazionali che \u00e8 merce rara nelle classi dirigenti italiane contemporanee.<\/p>\n<p>&nbsp;<\/p>\n<p><strong>Fonte: <a href=\"http:\/\/www.occhidellaguerra.it\/quelle-incertezze-dellitalia-legitto-larabia-saudita\/\">http:\/\/www.occhidellaguerra.it\/quelle-incertezze-dellitalia-legitto-larabia-saudita\/<\/a><\/strong><\/p>\n<p>&nbsp;<\/p>\n","protected":false},"excerpt":{"rendered":"<p>di GLI OCCHI DELLA GUERRA (Andrea Muratore) &nbsp; L\u2019approccio del governo Conte al Mediterraneo e al Medio Oriente \u00e8 destinato a conoscere nelle prossime settimane delle sfide chiave, dovendo misurarsi con il nodo delle relazioni con l\u2019Egitto e l\u2019Arabia Saudita. Con i due Paesi arabi, infatti, sono sorti nelle ultime settimane diversi motivi di contenzioso. Tra Roma e Il Cairo continua a pesare fortemente il caso dell\u2019omicidio di Giulio Regeni.\u00a0Il Parlamento egiziano ha espresso \u2013&#46;&#46;&#46;<\/p>\n","protected":false},"author":86,"featured_media":0,"comment_status":"open","ping_status":"open","sticky":false,"template":"","format":"standard","meta":{"jetpack_post_was_ever_published":false,"_jetpack_newsletter_access":"","_jetpack_dont_email_post_to_subs":false,"_jetpack_newsletter_tier_id":0,"_jetpack_memberships_contains_paywalled_content":false,"_jetpack_memberships_contains_paid_content":false,"footnotes":"","jetpack_publicize_message":"","jetpack_publicize_feature_enabled":true,"jetpack_social_post_already_shared":true,"jetpack_social_options":{"image_generator_settings":{"template":"highway","enabled":false},"version":2}},"categories":[32],"tags":[],"jetpack_publicize_connections":[],"jetpack_featured_media_url":"","jetpack_sharing_enabled":true,"jetpack_shortlink":"https:\/\/wp.me\/p7ZaJ4-c84","_links":{"self":[{"href":"https:\/\/appelloalpopolo.it\/index.php?rest_route=\/wp\/v2\/posts\/46628"}],"collection":[{"href":"https:\/\/appelloalpopolo.it\/index.php?rest_route=\/wp\/v2\/posts"}],"about":[{"href":"https:\/\/appelloalpopolo.it\/index.php?rest_route=\/wp\/v2\/types\/post"}],"author":[{"embeddable":true,"href":"https:\/\/appelloalpopolo.it\/index.php?rest_route=\/wp\/v2\/users\/86"}],"replies":[{"embeddable":true,"href":"https:\/\/appelloalpopolo.it\/index.php?rest_route=%2Fwp%2Fv2%2Fcomments&post=46628"}],"version-history":[{"count":1,"href":"https:\/\/appelloalpopolo.it\/index.php?rest_route=\/wp\/v2\/posts\/46628\/revisions"}],"predecessor-version":[{"id":46629,"href":"https:\/\/appelloalpopolo.it\/index.php?rest_route=\/wp\/v2\/posts\/46628\/revisions\/46629"}],"wp:attachment":[{"href":"https:\/\/appelloalpopolo.it\/index.php?rest_route=%2Fwp%2Fv2%2Fmedia&parent=46628"}],"wp:term":[{"taxonomy":"category","embeddable":true,"href":"https:\/\/appelloalpopolo.it\/index.php?rest_route=%2Fwp%2Fv2%2Fcategories&post=46628"},{"taxonomy":"post_tag","embeddable":true,"href":"https:\/\/appelloalpopolo.it\/index.php?rest_route=%2Fwp%2Fv2%2Ftags&post=46628"}],"curies":[{"name":"wp","href":"https:\/\/api.w.org\/{rel}","templated":true}]}}