{"id":48854,"date":"2019-02-15T11:00:57","date_gmt":"2019-02-15T10:00:57","guid":{"rendered":"http:\/\/appelloalpopolo.it\/?p=48854"},"modified":"2019-02-15T09:28:15","modified_gmt":"2019-02-15T08:28:15","slug":"lindipendenza-di-bankitalia-e-sacra-tranne-una-volta","status":"publish","type":"post","link":"https:\/\/appelloalpopolo.it\/?p=48854","title":{"rendered":"L\u2019INDIPENDENZA DI BANKITALIA E\u2019 SACRA. TRANNE UNA VOLTA."},"content":{"rendered":"<div class=\"pf-content\">\n<p>Di<strong> BLONDET &amp; FRIENDS (Maurizio Blondet)<\/strong><\/p>\n<p>&nbsp;<\/p>\n<p style=\"text-align: justify\">(MB. Copia e incolla)<br \/>\nPer apprezzare la notizia, il lettore tenga presente la deificazione in corso da anni, ed ora all\u2019apice, di Mario Draghi, la sua sacralizzazione mediatica e politica: l\u2019infallibile, il perfetto, depositario di una carica eccelsa, pontificale, a cui nessuno deve mancare di rispetto. Tenga presente le urla e le minacce di tutti gli ambienti politici e mediatici quando il governicchio ora presente ha provato a discutere le nomine direttive a Bankitalia (per poi rimangiarsi vilmente il tutto): scandalo! Orrore sui media nazionali e negli enti internazionali,nella Europa di Verhofstadt e di Emma Bonino. La \u201cindipendenza\u201d della banca centrale \u00e8 stata violata! Essa era vergine e pura, ed ora i populisti l\u2019hanno macchiata! Essa non deve essere criticata, nemmeno sfiorata con un petalo di rosa! Essa \u00e8 sacra nella sua intangibilit\u00e0 \u2026eccetera.<br \/>\nEbbene, ci fu una volta in cui tutta questa inviolabilit\u00e0, di colpo, spar\u00ec. Ed un direttore della Banca d\u2019Italia \u2013 si chiamava Paolo Baffi \u2013 fu incriminato per favoreggiamento e se sfugg\u00ec all\u2019arresto, fu solo per la tarda et\u00e0; ma il suo vice, si chiamava Sarcinelli, fu effettivamente tradotto a Regina Coeli per ordine di un giudice istruttore (Alibrandi) e un semplice sostituto procuratore, Infelisi.<br \/>\nAvvenne nel 1979, i giovani non possono ricordare. Ebbene: ecco qui sotto un rapporto della CIA, recentemente declassificato. Dice che nel novembre \u201978 \u201ci<em>l governatore Baffi, parlando con l\u2019ambasciatore USA, s\u2019\u00e8 detto fortemente contrario all\u2019entrata nel Sistema Monetario Europeo (SME), a meno che non vi entri anche il Regno Unito, e non vengano previsti \u201csostanziosi trasferimenti\u201d all\u2019Italia.<\/em><\/p>\n<p style=\"text-align: justify\"><a class=\"external external_icon\" href=\"https:\/\/wikileaks.org\/plusd\/cables\/1978ROME21679_d.html\" target=\"_blank\" rel=\"noopener\">https:\/\/wikileaks.org\/plusd\/cables\/1978ROME21679_d.html<\/a><\/p>\n<p style=\"text-align: justify\">(<em>Grazie, Li mbo:\u00a0<a class=\"external external_icon\" href=\"https:\/\/twitter.com\/theBsaint\/status\/822593556816756736)\" target=\"_blank\" rel=\"noopener\">https:\/\/twitter.com\/theBsaint\/status\/822593556816756736)<\/a><\/em><\/p>\n<p style=\"text-align: justify\"><a class=\"img-hyperlink\" title=\"\" href=\"https:\/\/i1.wp.com\/www.maurizioblondet.it\/wp-content\/uploads\/2019\/02\/baffi-1.jpg?ssl=1\" data-rel=\"lightbox-image-0\"><img loading=\"lazy\" decoding=\"async\" class=\"alignright wp-image-26185 size-large\" src=\"https:\/\/i1.wp.com\/www.maurizioblondet.it\/wp-content\/uploads\/2019\/02\/baffi-1.jpg?resize=1024%2C735&amp;ssl=1\" alt=\"\" width=\"585\" height=\"420\" \/><\/a><\/p>\n<p>&nbsp;<\/p>\n<p>&nbsp;<\/p>\n<p>&nbsp;<\/p>\n<p>&nbsp;<\/p>\n<p>&nbsp;<\/p>\n<p>&nbsp;<\/p>\n<p>&nbsp;<\/p>\n<p>&nbsp;<\/p>\n<p>&nbsp;<\/p>\n<p>&nbsp;<\/p>\n<p>&nbsp;<\/p>\n<p>&nbsp;<\/p>\n<p>&nbsp;<\/p>\n<p style=\"text-align: justify\">Insomma semplifico: nel novembre \u201978 Baffi mostra perplessit\u00e0 sull\u2019entrata nella moneta unica; a\u00a0<strong>marzo \u201979 viene incriminato dalla \u201cgiustizia italiana<\/strong>\u201d, a ottobre deve dare le dimissioni. La Bankitalia resta nelle mani dei Ciampi \u2013 l\u2019intoccabile, il divino,\u00a0 il vergine \u2013 e l\u2019Italia entra nel tunnel che porta al \u201cdivorzio\u201d fra banca centrale e Tesoro, e\u00a0 sboccher\u00e0 nell\u2019euro.<br \/>\nUn altro rapporto CIA poco posteriore (novembre \u201979) riferisce addirittura di una \u201crivolta dei tecnocrati\u201d di fronte alla pretesa tedesca di entrare nel sistema monetario con cambi rigidissimi. \u201ci tecnocrati, forti del bastione di Bankitalia, ribattono che la rigidit\u00e0 del tasso di cambio \u00e8 la formula sicura per il disastro economico\u201d\u2026E infatti Baffi e Sarcinelli, in dure trattative con i banchieri centrali tedesco e francese, erano riusciti almeno a strappare una oscillazione \u201clarga\u201d del 6% invece di una stretta.<\/p>\n<p style=\"text-align: justify\">\n<p style=\"text-align: justify\"><a class=\"img-hyperlink\" title=\"\" href=\"https:\/\/i1.wp.com\/www.maurizioblondet.it\/wp-content\/uploads\/2019\/02\/tecnocrats.jpg?ssl=1\" data-rel=\"lightbox-image-1\"><img loading=\"lazy\" decoding=\"async\" class=\"alignright size-full wp-image-26186\" src=\"https:\/\/i1.wp.com\/www.maurizioblondet.it\/wp-content\/uploads\/2019\/02\/tecnocrats.jpg?resize=849%2C1200&amp;ssl=1\" alt=\"\" width=\"585\" height=\"827\" \/><\/a><\/p>\n<p>&nbsp;<\/p>\n<p>&nbsp;<\/p>\n<p>&nbsp;<\/p>\n<p>&nbsp;<\/p>\n<p>&nbsp;<\/p>\n<p>&nbsp;<\/p>\n<p>&nbsp;<\/p>\n<p>&nbsp;<\/p>\n<p>&nbsp;<\/p>\n<p>&nbsp;<\/p>\n<p>&nbsp;<\/p>\n<p>&nbsp;<\/p>\n<p>&nbsp;<\/p>\n<p>&nbsp;<\/p>\n<p>&nbsp;<\/p>\n<p>&nbsp;<\/p>\n<p>&nbsp;<\/p>\n<p>&nbsp;<\/p>\n<p>&nbsp;<\/p>\n<p>&nbsp;<\/p>\n<p>&nbsp;<\/p>\n<p>&nbsp;<\/p>\n<p>&nbsp;<\/p>\n<p style=\"text-align: justify\">Quindi allora i tecnocrati di Bankitalia erano alquanto diversi.<\/p>\n<p style=\"text-align: justify\">Da quelli che oggi si sono aumentati lo stipendio nella loro indipendenza, e spendono quanto voglio senza dover rendere conto della gestione abnorme dell\u2019istituto\u00a0 (vedi sotto); da quelli che hanno dato l\u2019oro italiano in garanzia alla Germania per i debiti presunti che abbiamo contratto acquistando beni tedeschi.<br \/>\nBaffi e Sarcinelli furono non assolti, ma addirittura prosciolti: non c\u2019era un minimo fondamento per la loro incriminazione. I due giudici violatori della verginit\u00e0 di Bankitalia, tuttavia, continuarono la loro carriera indisturbati, non furono nemmeno sfiorati dal Consiglio Superiore della Magistratura con una, che so , minima censura.\u00a0 Un rimprovero. Uno schiaffetto sulle mani. Niente.<br \/>\nOra, non correte a concludere che \u201c\u00e8 stata la CIA\u201d. Basti pensare che Baffi\u00a0 lo difese il New York Times, paragonando l\u2019attacco giudiziario al governatore ad un attentato delle Brigate Rosse, e che dopo le sue dimissioni 126 esponenti della finanza mondiale, fra cui una mezza dozzine di Nobel americani e banchieri centrali, tributarono pubblica stima. E\u2019 stata evocata ovviamente la P2, un asse Andreotti-Sindona, ma le tracce sono state cos\u00ec battute e rivoltate dalla narrativa giudiziaria, che \u00e8 impossibile dirlo.<br \/>\nResta qualcosa come la sensazione di una forza indecifrabile ed onnipotente, luciferina. Che negli anni \u201970 aveva gi\u00e0 deciso tutto sulla moneta unica europea, e aveva la forza spietata di spazzare via ogni ostacolo \u2013 fosse un uomo rispettato dai premi Nobel.\u00a0 E colpisce non tanto la dura spregiudicatezza e l\u2019assenza di scrupoli nell\u2019infangare uno uomo specchiato, fino a distruggerlo, ma la certezza di poter condurre operazione in<em>\u00a0totale impunit\u00e0,<\/em>\u00a0senza temere conseguenze \u2013 per esempio \u2013 giudiziarie, penali o politiche, tanto da poter compIere un\u2019operazione del genere per sostituire Baffi con Carlo Azeglio Ciampi \u2013 che ovviamente fece quel che gli veniva chiesto, e fu premiato come sappiamo, fino alla salita al Quirinale.<br \/>\nNon so definire questa Loggia e i suoi contorni. Perch\u00e9 \u00e8 una delle realt\u00e0 veramente pi\u00f9 taciute, e quando hai dubbi su chi comanda, guarda a chi non viene mai nominato. Si tratta probabilmente di poteri a cui, chi sa,\u00a0 tributa silenzio ed ossequio, magari col profondo inchino.<\/p>\n<p style=\"text-align: justify\"><a class=\"img-hyperlink\" title=\"\" href=\"https:\/\/i0.wp.com\/www.maurizioblondet.it\/wp-content\/uploads\/2019\/02\/graziano.jpg?ssl=1\" data-rel=\"lightbox-image-2\"><img loading=\"lazy\" decoding=\"async\" class=\"size-thumbnail wp-image-26191 alignleft\" src=\"https:\/\/i0.wp.com\/www.maurizioblondet.it\/wp-content\/uploads\/2019\/02\/graziano.jpg?resize=150%2C150&amp;ssl=1\" alt=\"\" width=\"150\" height=\"150\" \/><\/a><\/p>\n<p style=\"text-align: justify\">Sono alcuni dei motivi che mi inducono a credere che gli insulti rivolti da Guy Verhofstadt al nostro primo ministro Conte e attraverso di lui all\u2019Italia tutta, in un atto di umiliazione pubblica e internazionale, siano molto pi\u00f9 che un volont\u00e0 di ingiuria. Quando Verhofstadt invita Conte a imitare illustri italiani, Ciampi, Napoletano, Draghi, Emma Bonino\u201d, invia un messaggio e una minaccia. Dalla cupola che pu\u00f2 promuovere \u2013 come ha promosso Ciampi, Draghi, Napoletano, la Bonino \u2013 e abbattere.\u00a0 \u201cLa sceneggiata europarlamentare di Verhofstadt getta le basi concettuali per una \u201csoluzione alla venezuelana\u201d.<\/p>\n<p style=\"text-align: justify\"><a class=\"img-hyperlink\" title=\"\" href=\"https:\/\/i1.wp.com\/www.maurizioblondet.it\/wp-content\/uploads\/2019\/02\/umiliaz-conte.jpg?ssl=1\" data-rel=\"lightbox-image-3\"><img loading=\"lazy\" decoding=\"async\" class=\"alignright size-full wp-image-26190\" src=\"https:\/\/i1.wp.com\/www.maurizioblondet.it\/wp-content\/uploads\/2019\/02\/umiliaz-conte.jpg?resize=1200%2C912&amp;ssl=1\" alt=\"\" width=\"585\" height=\"445\" \/><\/a><\/p>\n<h2 class=\"font-headlines\" style=\"text-align: justify\"><\/h2>\n<h2 class=\"font-headlines\" style=\"text-align: justify\"><\/h2>\n<h2 class=\"font-headlines\" style=\"text-align: justify\"><\/h2>\n<h2 class=\"font-headlines\" style=\"text-align: justify\"><\/h2>\n<h2 class=\"font-headlines\" style=\"text-align: justify\"><\/h2>\n<h2 class=\"font-headlines\" style=\"text-align: justify\"><\/h2>\n<h2><\/h2>\n<h2><\/h2>\n<h2><\/h2>\n<h2><\/h2>\n<h2><\/h2>\n<h2 class=\"font-headlines\" style=\"text-align: justify\">L\u2019allegra Bankitalia\u00a0 post-Baffi<\/h2>\n<p style=\"text-align: justify\">Oggi, Bankitalia ha quasi 7 mila dipendenti. Paga media, 95 mila euro l\u2019anno.\u00a0 Strepitoso: il\u00a0 numero dei dirigenti \u00e8 praticamente uguale a quello degli operativi. Ossia c\u2019\u00e8 un dirigente per ogni impiegato.<\/p>\n<figure id=\"attachment_26188\" class=\"wp-caption alignnone\" style=\"text-align: justify\"><a class=\"img-hyperlink\" title=\"\" href=\"https:\/\/i2.wp.com\/www.maurizioblondet.it\/wp-content\/uploads\/2019\/02\/dirigente-operativo.jpg?ssl=1\" data-rel=\"lightbox-image-4\"><img loading=\"lazy\" decoding=\"async\" class=\"size-full wp-image-26188\" src=\"https:\/\/i2.wp.com\/www.maurizioblondet.it\/wp-content\/uploads\/2019\/02\/dirigente-operativo.jpg?resize=826%2C454&amp;ssl=1\" alt=\"\" width=\"559\" height=\"307\" \/><\/a><figcaption class=\"wp-caption-text font-secondary\">U<em>n generale per ogni soldato.<\/em><\/figcaption><\/figure>\n<p style=\"text-align: justify\">\n<\/div>\n<div class=\"pf-content\">\n<p style=\"text-align: justify\">E le spese?\u00a0 Non chiedete, non osate mettere in discussione\u00a0 i grandi esperti e tecnocrati infallibili, le vergini dai candidi manti.\u00a0 Vediamo:\u00a0 la banca centrale dichiara di spendere 65 milioni per la fabbricazione delle banconote;\u00a0\u00a0 ma 107\u00a0 milioni per hardware e software (l\u2019anno prima ne aveva gi\u00e0 speso 111:\u00a0 che fa, rinnova computer e software ogni anno?), e 22 milioni per \u201cmense e pulizie\u201d.\u00a0 La voce pi\u00f9 incrediibile \u00e8 Altri\u201d: 66 milioni. Pi\u00f9\u00a0 di quanto spenda per la fabbricazione dei soldi. Ma che \u201caltri\u201d sono? Nessuna specifica, nulla. Un vaso della marmellata\u00a0 dove i fortunati si servono senza obbligo di rendiconto.<\/p>\n<p style=\"text-align: justify\"><a class=\"img-hyperlink\" title=\"\" href=\"https:\/\/i1.wp.com\/www.maurizioblondet.it\/wp-content\/uploads\/2019\/02\/bankit-altri.jpg?ssl=1\" data-rel=\"lightbox-image-5\"><img loading=\"lazy\" decoding=\"async\" class=\"size-full wp-image-26189 aligncenter\" src=\"https:\/\/i1.wp.com\/www.maurizioblondet.it\/wp-content\/uploads\/2019\/02\/bankit-altri.jpg?resize=1200%2C675&amp;ssl=1\" alt=\"\" width=\"585\" height=\"329\" \/><\/a><\/p>\n<\/div>\n<div class=\"pf-content\">\n<p style=\"text-align: justify\">Ma questo \u00e8 ancora nulla. Vedete le operazioni finanziarie? Negoziazioni sui cambi, sui titoli in euro e in valuta, sui derivati \u2013 \u00e8 il loro campo, sono loro gli esperti, i tecnocrati infallibili e perfetti, che i poltici non devono permettersi di criticare. Ebbene: ogni anno, nelle speculazioni, questi signori perdono circa 3 miliardi.\u00a0 Che importa. Tanto pagate voi.<\/p>\n<p style=\"text-align: justify\"><a class=\"img-hyperlink\" title=\"\" href=\"https:\/\/i1.wp.com\/www.maurizioblondet.it\/wp-content\/uploads\/2019\/02\/perdite-bank.jpg?ssl=1\" data-rel=\"lightbox-image-6\"><img loading=\"lazy\" decoding=\"async\" class=\"size-large wp-image-26192\" src=\"https:\/\/i1.wp.com\/www.maurizioblondet.it\/wp-content\/uploads\/2019\/02\/perdite-bank.jpg?resize=1024%2C576&amp;ssl=1\" alt=\"\" width=\"585\" height=\"329\" \/><\/a><\/p>\n<div class=\"printfriendly pf-alignleft\"><\/div>\n<div><strong>Fonte:\u00a0<a href=\"https:\/\/www.maurizioblondet.it\/lindipendenza-di-bankitalia-e-sacra-tranne-una-volta\/\">https:\/\/www.maurizioblondet.it\/lindipendenza-di-bankitalia-e-sacra-tranne-una-volta\/<\/a><\/strong><\/div>\n<\/div>\n<p>&nbsp;<\/p>\n","protected":false},"excerpt":{"rendered":"<p>Di BLONDET &amp; FRIENDS (Maurizio Blondet) &nbsp; (MB. Copia e incolla) Per apprezzare la notizia, il lettore tenga presente la deificazione in corso da anni, ed ora all\u2019apice, di Mario Draghi, la sua sacralizzazione mediatica e politica: l\u2019infallibile, il perfetto, depositario di una carica eccelsa, pontificale, a cui nessuno deve mancare di rispetto. Tenga presente le urla e le minacce di tutti gli ambienti politici e mediatici quando il governicchio ora presente ha provato a&#46;&#46;&#46;<\/p>\n","protected":false},"author":92,"featured_media":45649,"comment_status":"open","ping_status":"open","sticky":false,"template":"","format":"standard","meta":{"jetpack_post_was_ever_published":false,"_jetpack_newsletter_access":"","_jetpack_dont_email_post_to_subs":false,"_jetpack_newsletter_tier_id":0,"_jetpack_memberships_contains_paywalled_content":false,"_jetpack_memberships_contains_paid_content":false,"footnotes":"","jetpack_publicize_message":"","jetpack_publicize_feature_enabled":true,"jetpack_social_post_already_shared":true,"jetpack_social_options":{"image_generator_settings":{"template":"highway","enabled":false},"version":2}},"categories":[32],"tags":[],"jetpack_publicize_connections":[],"jetpack_featured_media_url":"https:\/\/appelloalpopolo.it\/wp-content\/uploads\/2018\/11\/Blondet-and-Friends.jpg","jetpack_sharing_enabled":true,"jetpack_shortlink":"https:\/\/wp.me\/p7ZaJ4-cHY","_links":{"self":[{"href":"https:\/\/appelloalpopolo.it\/index.php?rest_route=\/wp\/v2\/posts\/48854"}],"collection":[{"href":"https:\/\/appelloalpopolo.it\/index.php?rest_route=\/wp\/v2\/posts"}],"about":[{"href":"https:\/\/appelloalpopolo.it\/index.php?rest_route=\/wp\/v2\/types\/post"}],"author":[{"embeddable":true,"href":"https:\/\/appelloalpopolo.it\/index.php?rest_route=\/wp\/v2\/users\/92"}],"replies":[{"embeddable":true,"href":"https:\/\/appelloalpopolo.it\/index.php?rest_route=%2Fwp%2Fv2%2Fcomments&post=48854"}],"version-history":[{"count":1,"href":"https:\/\/appelloalpopolo.it\/index.php?rest_route=\/wp\/v2\/posts\/48854\/revisions"}],"predecessor-version":[{"id":48855,"href":"https:\/\/appelloalpopolo.it\/index.php?rest_route=\/wp\/v2\/posts\/48854\/revisions\/48855"}],"wp:featuredmedia":[{"embeddable":true,"href":"https:\/\/appelloalpopolo.it\/index.php?rest_route=\/wp\/v2\/media\/45649"}],"wp:attachment":[{"href":"https:\/\/appelloalpopolo.it\/index.php?rest_route=%2Fwp%2Fv2%2Fmedia&parent=48854"}],"wp:term":[{"taxonomy":"category","embeddable":true,"href":"https:\/\/appelloalpopolo.it\/index.php?rest_route=%2Fwp%2Fv2%2Fcategories&post=48854"},{"taxonomy":"post_tag","embeddable":true,"href":"https:\/\/appelloalpopolo.it\/index.php?rest_route=%2Fwp%2Fv2%2Ftags&post=48854"}],"curies":[{"name":"wp","href":"https:\/\/api.w.org\/{rel}","templated":true}]}}