{"id":49546,"date":"2019-03-08T11:00:29","date_gmt":"2019-03-08T10:00:29","guid":{"rendered":"http:\/\/appelloalpopolo.it\/?p=49546"},"modified":"2019-03-08T09:32:44","modified_gmt":"2019-03-08T08:32:44","slug":"globalizzazione-e-liberalismo-sono-sullorlo-del-collasso-ma-dopo-chi-e-cosa-verra","status":"publish","type":"post","link":"https:\/\/appelloalpopolo.it\/?p=49546","title":{"rendered":"GLOBALIZZAZIONE E LIBERALISMO SONO SULL\u2019ORLO DEL COLLASSO \u2013 MA DOPO CHI E COSA VERR\u00c0"},"content":{"rendered":"<p>Di <strong>COMEDONCHISCIOTTE (Alexander Dugin\/Oldhunter)<\/strong><\/p>\n<p>&nbsp;<\/p>\n<p style=\"text-align: justify\">DI ALEXANDER DUGIN<\/p>\n<p style=\"text-align: justify\"><em>fort-russ.com<\/em><\/p>\n<p style=\"text-align: justify\">Il liberalismo e la globalizzazione hanno decisamente fallito. La situazione mi ricorda gli ultimi anni dell\u2019URSS. Allora, il vero potere era ancora totalmente nelle mani del Partito Comunista che controllava quasi tutto, ma allo stesso tempo l\u2019intero sistema era finito. E chiunque avrebbe potuto accorgersene.<\/p>\n<p style=\"text-align: justify\">Attualmente, per il dominio globale delle \u00e9lite liberali ci troviamo nella stessa identica situazione. Esse controllano ancora tutto, ma sono gi\u00e0 nella fase terminale. Scompariranno alla stessa velocit\u00e0 del comunismo nell\u2019Europa orientale.<\/p>\n<p style=\"text-align: justify\">La mobilitazione anti-populista (anti-Putin, anti-Assad, anti-Cina, anti-Brexit, anti-Iran, anti-Salvini e cos\u00ec via) di Bernard-Henri L\u00e9vy, di E. Macron, di G. Soros, dei Rothschild o dei Clinton dimostra di essere in uno stato di pura sofferenza. Per loro \u00e8 finita.<\/p>\n<p style=\"text-align: justify\">Non sono pi\u00f9 in grado di governare. Sono condannati. Persevereranno e potranno guadagnare un po\u2019 di tempo prima del collasso definitivo e irreversibile, ma i loro giorni saranno contati.<\/p>\n<p style=\"text-align: justify\">Non hanno pi\u00f9 influenza sul futuro, l\u2019hanno persa. Il Messia non arriver\u00e0 in questo \u201cStato d\u2019Israele\u201d come attualmente \u00e8 \u2013 Naturei Karta lo ha capito benissimo. Questo Stato \u00e8 una parodia creata dall\u2019uomo, non un miracolo escatologico, \u00e8 esso stesso una fake-news. Quindi terminer\u00e0.<\/p>\n<p style=\"text-align: justify\">Lo stesso vale per la versione liberal di \u201cThe End of History\u201d. Era una presunzione totalmente sbagliata. Lo stesso vale per l\u2019ideologia dei \u201cdiritti umani\u201d \u2013 nessuno crede pi\u00f9 in questa ipocrita menzogna neo-imperialista a doppio standard. Lo stesso vale per la \u201ccrescita economica infinita\u201d o per la \u201cclasse media globale\u201d o la \u201csociet\u00e0 civile\u201d. Lo stesso per il \u201cPostmodernismo\u201d e \u201cl\u2019Illuminismo\u201d.<\/p>\n<p style=\"text-align: justify\">In futuro non \u00e8 possibile la continuit\u00e0 per tutto questo. Ci stiamo avvicinando a un momento di grande discontinuit\u00e0.<\/p>\n<p style=\"text-align: justify\">Questo non vuol dire che il futuro sar\u00e0 con certezza nostro, ma la verit\u00e0 \u00e8 che non sar\u00e0 pi\u00f9 loro. Il futuro \u00e8 ancora una volta aperto. La censura liberale dei miei libri su Amazon, o sui Gilet Gialli, o di FaceBook che vieta qualsiasi forma di discorso non liberale (forme non-liberal o della vita) sono i segni che la fine \u00e8 vicina.<\/p>\n<p style=\"text-align: justify\">Tutti coloro che adesso vengono sanzionati e banditi, tutti coloro che vengono accusati quali paesi canaglia o \u201cputinisti\u201d, tutti coloro che vengono emarginati e criminalizzati \u2013 bianchi, populisti, identitari, maschi, religiosi, difensori della giustizia sociale, tradizionalisti, conservatori e cos\u00ec via \u2013 molto probabilmente saranno i primi ad arrivare al periodo post-liberale. Ma questo non \u00e8 sicuro e non c\u2019\u00e8 un piano o una strategia per il futuro. Potrebbe anche rivelarsi una vittoria di Pirro.<\/p>\n<p style=\"text-align: justify\">Pu\u00f2 darsi che il nostro rifiuto istintivo del liberalismo sia alquanto sano e logico, ma \u00e8 una specie di reazione contro il male puro che sta diventando troppo evidente. Quando non esisteranno pi\u00f9 le loro regole, nessuno sar\u00e0 preparato per il passo successivo. I globalisti e i liberal non avranno futuro. Ma pu\u00f2 darsi che anche noi non ne abbiamo. Siamo troppo impegnati nella lotta contro il prosciugamento della palude globale liberal che \u00e8 ancora enorme e potente, e non siamo in grado di discernere nulla oltre a questo.<\/p>\n<p style=\"text-align: justify\">Propongo: prima finiamo questo compito e dopo vedremo cosa fare. Ma il domani \u00e8 gi\u00e0 iniziato. E loro non ci saranno nell\u2019era futura. Perci\u00f2 dobbiamo essere preparati meglio per questo. L\u2019agonia della Bestia liberal \u00e8 pericolosa, ma anche il futuro \u00e8 colmo di grandi problemi. Oggi i liberal governano il mondo e per questo ne devono sopportare tutti i rischi. Stanno fallendo i loro obiettivi, perdendo la loro legittimit\u00e0, stanno per scomparire.<\/p>\n<p style=\"text-align: justify\">Ma\u2026 dopo di loro chi si assumer\u00e0 la vera responsabilit\u00e0 dell\u2019umanit\u00e0? Vediamo e siamo pi\u00f9 o meno d\u2019accordo su ci\u00f2 che \u00e8 sbagliato, ma le nostre idee su come uscire da questo disastro sono ancora piuttosto vaghe. Attualmente non siamo d\u2019accordo su ci\u00f2 che \u00e8 bene fare. E questo pu\u00f2 diventare un problema serio. Loro sono finiti e suppongo se ne siano accorti. Ma il peso della reale responsabilit\u00e0 per il destino dell\u2019umanit\u00e0, sebbene essa sicuramente oggi non sia al suo livello migliore, \u00e8 enorme.<\/p>\n<p style=\"text-align: justify\">Quando se ne saranno andati, chi premer\u00e0 e assumer\u00e0 il potere?<\/p>\n<p style=\"text-align: justify\">Ora \u00e8 il momento giusto per pensarci \u2026<\/p>\n<p style=\"text-align: justify\">\n<p style=\"text-align: justify\">Alexandr Dugin<\/p>\n<p style=\"text-align: justify\">Fonte: fort-russ.com<\/p>\n<p style=\"text-align: justify\">Link: https:\/\/www.fort-russ.com\/2019\/03\/dugin-globalization-and-liberalism-is-on-the-verge-of-collapse-but-who-and-what-comes-next\/<\/p>\n<p style=\"text-align: justify\">3.03.2019<\/p>\n<p style=\"text-align: justify\">\n<p style=\"text-align: justify\">Scelto e tradotto per www.comedonchisciotte.org\u00a0 a cura di OLDHUNTER<\/p>\n<p>&nbsp;<\/p>\n<p><strong>Fonte:\u00a0<a href=\"https:\/\/comedonchisciotte.org\/globalizzazione-e-liberalismo-sono-sullorlo-del-collasso-ma-dopo-chi-e-cosa-verra\/\">https:\/\/comedonchisciotte.org\/globalizzazione-e-liberalismo-sono-sullorlo-del-collasso-ma-dopo-chi-e-cosa-verra\/<\/a><\/strong><\/p>\n","protected":false},"excerpt":{"rendered":"<p>Di COMEDONCHISCIOTTE (Alexander Dugin\/Oldhunter) &nbsp; DI ALEXANDER DUGIN fort-russ.com Il liberalismo e la globalizzazione hanno decisamente fallito. La situazione mi ricorda gli ultimi anni dell\u2019URSS. Allora, il vero potere era ancora totalmente nelle mani del Partito Comunista che controllava quasi tutto, ma allo stesso tempo l\u2019intero sistema era finito. E chiunque avrebbe potuto accorgersene. Attualmente, per il dominio globale delle \u00e9lite liberali ci troviamo nella stessa identica situazione. Esse controllano ancora tutto, ma sono gi\u00e0&#46;&#46;&#46;<\/p>\n","protected":false},"author":92,"featured_media":49550,"comment_status":"open","ping_status":"open","sticky":false,"template":"","format":"standard","meta":{"jetpack_post_was_ever_published":false,"_jetpack_newsletter_access":"","_jetpack_dont_email_post_to_subs":false,"_jetpack_newsletter_tier_id":0,"_jetpack_memberships_contains_paywalled_content":false,"_jetpack_memberships_contains_paid_content":false,"footnotes":"","jetpack_publicize_message":"","jetpack_publicize_feature_enabled":true,"jetpack_social_post_already_shared":true,"jetpack_social_options":{"image_generator_settings":{"template":"highway","enabled":false},"version":2}},"categories":[32],"tags":[],"jetpack_publicize_connections":[],"jetpack_featured_media_url":"https:\/\/appelloalpopolo.it\/wp-content\/uploads\/2019\/03\/comedonchisciotte-controinformazione-alternativa-logo-cdc-bianco-header.png","jetpack_sharing_enabled":true,"jetpack_shortlink":"https:\/\/wp.me\/p7ZaJ4-cT8","_links":{"self":[{"href":"https:\/\/appelloalpopolo.it\/index.php?rest_route=\/wp\/v2\/posts\/49546"}],"collection":[{"href":"https:\/\/appelloalpopolo.it\/index.php?rest_route=\/wp\/v2\/posts"}],"about":[{"href":"https:\/\/appelloalpopolo.it\/index.php?rest_route=\/wp\/v2\/types\/post"}],"author":[{"embeddable":true,"href":"https:\/\/appelloalpopolo.it\/index.php?rest_route=\/wp\/v2\/users\/92"}],"replies":[{"embeddable":true,"href":"https:\/\/appelloalpopolo.it\/index.php?rest_route=%2Fwp%2Fv2%2Fcomments&post=49546"}],"version-history":[{"count":1,"href":"https:\/\/appelloalpopolo.it\/index.php?rest_route=\/wp\/v2\/posts\/49546\/revisions"}],"predecessor-version":[{"id":49552,"href":"https:\/\/appelloalpopolo.it\/index.php?rest_route=\/wp\/v2\/posts\/49546\/revisions\/49552"}],"wp:featuredmedia":[{"embeddable":true,"href":"https:\/\/appelloalpopolo.it\/index.php?rest_route=\/wp\/v2\/media\/49550"}],"wp:attachment":[{"href":"https:\/\/appelloalpopolo.it\/index.php?rest_route=%2Fwp%2Fv2%2Fmedia&parent=49546"}],"wp:term":[{"taxonomy":"category","embeddable":true,"href":"https:\/\/appelloalpopolo.it\/index.php?rest_route=%2Fwp%2Fv2%2Fcategories&post=49546"},{"taxonomy":"post_tag","embeddable":true,"href":"https:\/\/appelloalpopolo.it\/index.php?rest_route=%2Fwp%2Fv2%2Ftags&post=49546"}],"curies":[{"name":"wp","href":"https:\/\/api.w.org\/{rel}","templated":true}]}}