{"id":50451,"date":"2019-04-05T08:00:59","date_gmt":"2019-04-05T06:00:59","guid":{"rendered":"http:\/\/appelloalpopolo.it\/?p=50451"},"modified":"2019-04-04T23:14:22","modified_gmt":"2019-04-04T21:14:22","slug":"roma-a-me-i-settanta-rom-qui-non-mi-cambiano-la-vita","status":"publish","type":"post","link":"https:\/\/appelloalpopolo.it\/?p=50451","title":{"rendered":"Roma: \u201cA me i settanta rom qui non mi cambiano la vita\u201d"},"content":{"rendered":"<p>di <strong>CONTROPIANO<\/strong><\/p>\n<p><img loading=\"lazy\" decoding=\"async\" src=\"http:\/\/contropiano.org\/img\/2019\/04\/periferia-700x300.jpg\" alt=\"\" width=\"700\" height=\"300\" \/><\/p>\n<p style=\"text-align: justify;\" align=\"left\">C\u2019\u00e8 la ragione ma anche la forza nel <strong><a href=\"https:\/\/www.facebook.com\/dantorquati\/videos\/425389011597640\/UzpfSTQzOTQ1Mjg5Mjc5NzgxOToyMDkzMTI1MjEwNzYzOTA0\/\">ragazzo che a Torre Maura ha affrontato i fascisti<\/a> <\/strong>di Casa Pound precipitatisi a strumentalizzare la vicenda di una settantina di rom ospitati in una struttura nel quartiere.<\/p>\n<p style=\"text-align: justify;\" align=\"left\">Torre Maura \u00e8 uno dei nuovi quartieri popolari della periferia est sorti dall\u2019abusivismo di necessit\u00e0 sulla via Casilina. E\u2019 la via consolare che viene e che porta in Ciociaria e poi in Campania. Migliaia di persone emigrarono nella Capitale alla ricerca di lavoro, soprattutto nell\u2019edilizia. In molti usavano il trenino che veniva da Fiuggi. Arrivati nella campagna alla periferia della citt\u00e0 cominciarono a costruire alloggi di fortuna potendo contare sulla propria perizia di muratori, maiolicari, ferraioli. Prima delle baracche poi delle case \u201cabusive\u201d che vennero sanate negli anni \u201870 dalla Giunta comunale di sinistra (Petroselli prima, Vetere poi).<\/p>\n<p style=\"text-align: justify;\" align=\"left\">Torre Maura \u00e8 un quartiere a ridosso del Grande Raccordo Anulare e tagliato in due dalla via Casilina dove oggi al posto del trenino sfreccia sottoterra la Metro C. Le strade di entrambi i lati del quartiere hanno i nomi degli uccelli. Anche il centro che doveva ospitare i rom, dopo aver ospitato dei migranti, \u00e8 in via dei Codirossoni (un passeriforme della famiglia Muscicapidae) a ridosso del Raccordo Anulare. Nello stesso lato di Torre Maura ci sono le case popolari.<\/p>\n<p style=\"text-align: justify;\" align=\"left\">Ma da sempre nel quartiere ex abusivo ma \u201csanato\u201d, non ci sono i marciapiedi, la congestione \u00e8 totale, le case sono basse o con palazzine al massimo di cinque piani. Torre Maura \u00e8 periferia, anzi \u00e8 diventata quasi prima periferia, perch\u00e9 subito dopo il Raccordo Anulare inizia la sterminata \u201cnuova periferia\u201d (Giardinetti, Torre Gaia, Tor Bella Monaca, Villaggio Breda) e poi i consorzi, e poi ancora le borgate della Borghesiana e di Finocchio dove, appena prima, c\u2019\u00e8 l\u2019impianto dei rifiuti dell\u2019Ama di Rocca Cencia andato a fuoco pochi giorni fa. Da l\u00ec inizia la zona dei vigneti che annuncia i Castelli Romani.<\/p>\n<p style=\"text-align: justify;\" align=\"left\">Questo territorio \u00e8 il VI Municipio, quello con tutti, ma proprio tutti, gli indicatori di disagio sociale pi\u00f9 alti di Roma. Sulla mappa del Comune, questo territorio \u00e8 segnato con il rosso fisso.<\/p>\n<p style=\"text-align: justify;\" align=\"left\">Torre Maura \u00e8 solo la porta di questa immensa periferia in cui il degrado sociale, urbanistico, ambientale, viene interrotto solo dalle \u201cisole\u201d dei consorzi, i cui presidenti e comitati di quartiere sono diventati, nel tempo, uno dei poteri forti meno noti ma, sul piano elettorale, tra i pi\u00f9 influenti della Capitale.<\/p>\n<p style=\"text-align: justify;\" align=\"left\">In questa periferia da sempre si accumulano le soluzioni d\u2019emergenza decise dalle autorit\u00e0. Centri di accoglienza o campi rom che siano. Mai una volta, a nostra memoria, che si sia cercato di condividere preventivamente queste soluzioni con gli abitanti del territorio.<\/p>\n<p style=\"text-align: justify;\" align=\"left\">Ma se in passato quartieri come Torre Maura erano parte integrante della \u201ccintura rossa\u201d, negli anni questa identificazione \u2013 e la conseguente coesione sociale \u2013 si \u00e8 via via sbiadita ed \u00e8 stata \u201cincattivita\u201d dal boom dell\u2019impoverimento sociale che, come spiegato prima, da questi parti non ha confronti con il resto della citt\u00e0.<\/p>\n<p style=\"text-align: justify;\" align=\"left\">L\u2019arrivo dei rom nel centro di via dei Codirossoni ha reso il terreno facile ai tentativi che da tempo i gruppi neofascisti stanno facendo per inserirsi in questo territorio. Torre Angela \u00e8 al di l\u00e0 del Raccordo Anulare e poco pi\u00f9 in l\u00e0 c\u2019\u00e8 Tor Bella Monaca dove le incursioni di Forza Nuova e della Lega sono state finora rintuzzate, nel primo caso anche dovendo ricorrere alle maniere forti.<\/p>\n<p style=\"text-align: justify;\" align=\"left\">Chi conosce questi quartieri, la sua gente e la sua esasperazione, sa che non c\u2019\u00e8 niente di pi\u00f9 semplice. Basta magari che qualche manina dal Comune ti avvisa che quel giorno \u201carrivano i negri\u201d o \u201carrivano i rom\u201d e soffiare su un fuoco sempre in attesa di bruciare diventa un gioco da ragazzi. Come noto sia Casa Pound che Forza Nuova, grazie ai tanti soldi di cui dispongono, hanno a disposizione un congruo numero di attivisti a tempo pieno da mobilitare rapidamente sui vari quadranti critici della citt\u00e0.<\/p>\n<p style=\"text-align: justify;\" align=\"left\">Quando sono stati affrontati a Tiburtino III, si \u00e8 scoperto che diversi fascisti provenivano da Ostia ed altri quartieri. Ed anche il ragazzino di Torre Maura che affronta il caporione di Casa Pound, Antonini, alla fine non pu\u00f2 che chiedergli: \u201cIo sono di qua, di Torre Maura, ma tu da dove vieni?\u201d. Ed \u00e8 questa identit\u00e0, pi\u00f9 territoriale che politica. a fornire la ragione e la forza a quel ragazzino che spiega come \u201ca me queste settanta persone che stanno qui non mi cambiano mica la vita. Se nel quartiere mancano i servizi mica \u00e8 colpa dei rom\u201d.<\/p>\n<p style=\"text-align: justify;\" align=\"left\">Perch\u00e8 l\u2019arrivo dei rom non rompe un equilibrio, aggiunge solo un altro problema a quelli gi\u00e0 esistenti e diventati spesso insopportabili.<\/p>\n<p style=\"text-align: justify;\" align=\"left\">Ma mentre la soluzione ai problemi del brusco impoverimento sociale non appaiono a portata di mano, i rom sono l\u00ec, visibili, vicini, appunto, a portata di mano. E siccome i rom li hanno mandati le autorit\u00e0, la rabbia contro gli incolpevoli rom diventa il pretesto per far arrivare un grido inascoltato alle autorit\u00e0, che decidono, spostano, organizzano ma non si confrontano mai, preventivamente, con la gente di quei territori. Prima di spostare, insediare etc, \u00e8 proprio impossibile convocare prima una assemblea con gli abitanti e spiegare le necessit\u00e0, le possibilit\u00e0, le soluzioni? Sarebbero indubbiamente assemblee tumultuose, ma creerebbero condizioni diverse, isolerebbero gli strumentalizzatori, darebbero agli abitanti il senso della loro importanza nelle decisioni da adottare.<\/p>\n<p style=\"text-align: justify;\" align=\"left\">Invece pare quasi che, consapevolmente (e in alcuni casi sappiamo che \u00e8 cos\u00ec) o inconsapevolmente (e qui l\u2019ottusit\u00e0 burocratica\/legalitaria dei nuovi amministratori \u00e8 desolante), si vogliano creare le condizioni affinch\u00e9 la rabbia dei poveri si debba rappresentare sempre e solo attraverso la lotta contro altri poveri e mai contro i ricchi e le istituzioni responsabili del degrado delle periferie e dell\u2019impoverimento sociale.<\/p>\n<p style=\"text-align: justify;\" align=\"left\">Abbiamo molto da imparare dal ragazzino di Torre Maura. Ne dobbiamo recuperare la ragione, ma anche la forza, per riconsegnare agli abitanti delle periferie il senso e la voglia del riscatto sociale. Per farlo sono necessarie entrambe.<\/p>\n<p align=\"left\">\n<p align=\"left\"><strong>Fonte: <a href=\"http:\/\/contropiano.org\/news\/politica-news\/2019\/04\/04\/roma-a-me-i-settanta-rom-qui-non-mi-cambiano-la-vita-0114133\">http:\/\/contropiano.org\/news\/politica-news\/2019\/04\/04\/roma-a-me-i-settanta-rom-qui-non-mi-cambiano-la-vita-0114133<\/a><\/strong><\/p>\n","protected":false},"excerpt":{"rendered":"<p>di CONTROPIANO C\u2019\u00e8 la ragione ma anche la forza nel ragazzo che a Torre Maura ha affrontato i fascisti di Casa Pound precipitatisi a strumentalizzare la vicenda di una settantina di rom ospitati in una struttura nel quartiere. Torre Maura \u00e8 uno dei nuovi quartieri popolari della periferia est sorti dall\u2019abusivismo di necessit\u00e0 sulla via Casilina. E\u2019 la via consolare che viene e che porta in Ciociaria e poi in Campania. Migliaia di persone emigrarono&#46;&#46;&#46;<\/p>\n","protected":false},"author":86,"featured_media":37514,"comment_status":"open","ping_status":"open","sticky":false,"template":"","format":"standard","meta":{"jetpack_post_was_ever_published":false,"_jetpack_newsletter_access":"","_jetpack_dont_email_post_to_subs":false,"_jetpack_newsletter_tier_id":0,"_jetpack_memberships_contains_paywalled_content":false,"_jetpack_memberships_contains_paid_content":false,"footnotes":"","jetpack_publicize_message":"","jetpack_publicize_feature_enabled":true,"jetpack_social_post_already_shared":true,"jetpack_social_options":{"image_generator_settings":{"template":"highway","enabled":false},"version":2}},"categories":[32],"tags":[],"jetpack_publicize_connections":[],"jetpack_featured_media_url":"https:\/\/appelloalpopolo.it\/wp-content\/uploads\/2018\/01\/Contropiano.jpeg","jetpack_sharing_enabled":true,"jetpack_shortlink":"https:\/\/wp.me\/p7ZaJ4-d7J","_links":{"self":[{"href":"https:\/\/appelloalpopolo.it\/index.php?rest_route=\/wp\/v2\/posts\/50451"}],"collection":[{"href":"https:\/\/appelloalpopolo.it\/index.php?rest_route=\/wp\/v2\/posts"}],"about":[{"href":"https:\/\/appelloalpopolo.it\/index.php?rest_route=\/wp\/v2\/types\/post"}],"author":[{"embeddable":true,"href":"https:\/\/appelloalpopolo.it\/index.php?rest_route=\/wp\/v2\/users\/86"}],"replies":[{"embeddable":true,"href":"https:\/\/appelloalpopolo.it\/index.php?rest_route=%2Fwp%2Fv2%2Fcomments&post=50451"}],"version-history":[{"count":1,"href":"https:\/\/appelloalpopolo.it\/index.php?rest_route=\/wp\/v2\/posts\/50451\/revisions"}],"predecessor-version":[{"id":50452,"href":"https:\/\/appelloalpopolo.it\/index.php?rest_route=\/wp\/v2\/posts\/50451\/revisions\/50452"}],"wp:featuredmedia":[{"embeddable":true,"href":"https:\/\/appelloalpopolo.it\/index.php?rest_route=\/wp\/v2\/media\/37514"}],"wp:attachment":[{"href":"https:\/\/appelloalpopolo.it\/index.php?rest_route=%2Fwp%2Fv2%2Fmedia&parent=50451"}],"wp:term":[{"taxonomy":"category","embeddable":true,"href":"https:\/\/appelloalpopolo.it\/index.php?rest_route=%2Fwp%2Fv2%2Fcategories&post=50451"},{"taxonomy":"post_tag","embeddable":true,"href":"https:\/\/appelloalpopolo.it\/index.php?rest_route=%2Fwp%2Fv2%2Ftags&post=50451"}],"curies":[{"name":"wp","href":"https:\/\/api.w.org\/{rel}","templated":true}]}}