{"id":50973,"date":"2019-04-30T12:00:43","date_gmt":"2019-04-30T10:00:43","guid":{"rendered":"http:\/\/appelloalpopolo.it\/?p=50973"},"modified":"2019-04-30T09:35:10","modified_gmt":"2019-04-30T07:35:10","slug":"riunione-del-fronte-sovranista-italiano-a-varese","status":"publish","type":"post","link":"https:\/\/appelloalpopolo.it\/?p=50973","title":{"rendered":"Riunione del Fronte Sovranista Italiano a Varese"},"content":{"rendered":"<p>Gioved\u00ec 18 aprile si \u00e8 tenuta una riunione del FSI di Varese. Presenti i soci Federico Arkel e Giampiero Marano e il simpatizzante Angelo Morrone, sono stati affrontati i quattro punti all&#8217;Ordine del giorno:<br \/>\n1. Ipotesi di costituzione di un&#8217;associazione culturale a supporto, integrazione e potenziamento dell&#8217;azione politica del partito sul territorio; 2.Iniziative in vista delle elezioni amministrative a Varese (2021); 3. Individuazione di una possibile sede cittadina; 4. Rapporti con i media locali.<br \/>\nDalla discussione \u00e8 emerso che:<br \/>\nriguardo al punto 1, fondare un&#8217;associazione culturale risulta un passo necessario per poter disporre di spazi pubblici e privati e di eventuali sovvenzioni comunali altrimenti preclusi e che dunque si proceder\u00e0 in tal senso in tempi brevi;<br \/>\nriguardo al punto 2, a partire dall&#8217;autunno verrano organizzati volantinaggi e gazebo per far conoscere ai cittadini il progetto nazionale del FSI e, pi\u00f9 avanti, quello specificamente locale;<br \/>\nriguardo al punto 3, per il momento non sembra indispensabile disporre di una sede propria;<br \/>\nriguardo al punto 4, verr\u00e0 aggiornata e ampliata la rubrica dei contatti con testate locali (quotidiani cartacei e on-line, tv, radio).<br \/>\nLa discussione si \u00e8 svolta in un clima di cordialit\u00e0 e amicizia conviviale, nella consapevolezza dei limiti attuali e delle difficolt\u00e0 che ci attendono ma insieme con grande entusiasmo e desiderio di cimentarsi con nuove prove.<br \/>\nCi libereremo!<\/p>\n<p>Giampiero Marano<\/p>\n","protected":false},"excerpt":{"rendered":"<p>Gioved\u00ec 18 aprile si \u00e8 tenuta una riunione del FSI di Varese. Presenti i soci Federico Arkel e Giampiero Marano e il simpatizzante Angelo Morrone, sono stati affrontati i quattro punti all&#8217;Ordine del giorno: 1. Ipotesi di costituzione di un&#8217;associazione culturale a supporto, integrazione e potenziamento dell&#8217;azione politica del partito sul territorio; 2.Iniziative in vista delle elezioni amministrative a Varese (2021); 3. Individuazione di una possibile sede cittadina; 4. Rapporti con i media locali. Dalla&#46;&#46;&#46;<\/p>\n","protected":false},"author":39,"featured_media":50974,"comment_status":"open","ping_status":"open","sticky":false,"template":"","format":"standard","meta":{"jetpack_post_was_ever_published":false,"_jetpack_newsletter_access":"","_jetpack_dont_email_post_to_subs":false,"_jetpack_newsletter_tier_id":0,"_jetpack_memberships_contains_paywalled_content":false,"_jetpack_memberships_contains_paid_content":false,"footnotes":"","jetpack_publicize_message":"","jetpack_publicize_feature_enabled":true,"jetpack_social_post_already_shared":true,"jetpack_social_options":{"image_generator_settings":{"template":"highway","enabled":false},"version":2}},"categories":[5110,5111],"tags":[],"jetpack_publicize_connections":[],"jetpack_featured_media_url":"https:\/\/appelloalpopolo.it\/wp-content\/uploads\/2019\/04\/received_1213391948835483.jpeg","jetpack_sharing_enabled":true,"jetpack_shortlink":"https:\/\/wp.me\/p7ZaJ4-dg9","_links":{"self":[{"href":"https:\/\/appelloalpopolo.it\/index.php?rest_route=\/wp\/v2\/posts\/50973"}],"collection":[{"href":"https:\/\/appelloalpopolo.it\/index.php?rest_route=\/wp\/v2\/posts"}],"about":[{"href":"https:\/\/appelloalpopolo.it\/index.php?rest_route=\/wp\/v2\/types\/post"}],"author":[{"embeddable":true,"href":"https:\/\/appelloalpopolo.it\/index.php?rest_route=\/wp\/v2\/users\/39"}],"replies":[{"embeddable":true,"href":"https:\/\/appelloalpopolo.it\/index.php?rest_route=%2Fwp%2Fv2%2Fcomments&post=50973"}],"version-history":[{"count":1,"href":"https:\/\/appelloalpopolo.it\/index.php?rest_route=\/wp\/v2\/posts\/50973\/revisions"}],"predecessor-version":[{"id":50975,"href":"https:\/\/appelloalpopolo.it\/index.php?rest_route=\/wp\/v2\/posts\/50973\/revisions\/50975"}],"wp:featuredmedia":[{"embeddable":true,"href":"https:\/\/appelloalpopolo.it\/index.php?rest_route=\/wp\/v2\/media\/50974"}],"wp:attachment":[{"href":"https:\/\/appelloalpopolo.it\/index.php?rest_route=%2Fwp%2Fv2%2Fmedia&parent=50973"}],"wp:term":[{"taxonomy":"category","embeddable":true,"href":"https:\/\/appelloalpopolo.it\/index.php?rest_route=%2Fwp%2Fv2%2Fcategories&post=50973"},{"taxonomy":"post_tag","embeddable":true,"href":"https:\/\/appelloalpopolo.it\/index.php?rest_route=%2Fwp%2Fv2%2Ftags&post=50973"}],"curies":[{"name":"wp","href":"https:\/\/api.w.org\/{rel}","templated":true}]}}